{"id":5179,"date":"2015-12-30T08:46:19","date_gmt":"2015-12-30T07:46:19","guid":{"rendered":"https:\/\/pia-staehli.ch\/blog\/?p=5179"},"modified":"2015-12-30T08:46:19","modified_gmt":"2015-12-30T07:46:19","slug":"12tel-blick-dezember-2","status":"publish","type":"post","link":"https:\/\/pia-staehli.ch\/blog\/2015\/12\/30\/12tel-blick-dezember-2\/","title":{"rendered":"12tel Blick Dezember"},"content":{"rendered":"<p><a href=\"http:\/\/3.bp.blogspot.com\/-QZNILaPQEhY\/VjJNYGWIvlI\/AAAAAAAAI7U\/iyCCYdLWVXA\/s1600\/12tel%252BZeigthereureFotos%2521.png\"><img decoding=\"async\" src=\"http:\/\/3.bp.blogspot.com\/-QZNILaPQEhY\/VjJNYGWIvlI\/AAAAAAAAI7U\/iyCCYdLWVXA\/s1600\/12tel%252BZeigthereureFotos%2521.png\" alt=\"\" border=\"0\" \/><\/a><\/p>\n<p>Das Jahr geht zu Ende und der Kreis von meinem 12tel Blick schliesst sich. Der Garten sieht wieder fast gleich aus wie auf dem ersten Bild im Januar. Nur die\u00a0gedeckten Beete haben sich ge\u00e4ndert.<\/p>\n<p><img loading=\"lazy\" decoding=\"async\" data-attachment-id=\"5280\" data-permalink=\"https:\/\/pia-staehli.ch\/blog\/2015\/12\/30\/12tel-blick-dezember-2\/dsc08210\/\" data-orig-file=\"https:\/\/pia-staehli.ch\/blog\/wp-content\/uploads\/2015\/12\/DSC08210.jpg\" data-orig-size=\"5184,3888\" data-comments-opened=\"1\" data-image-title=\"DSC08210\" data-image-description=\"\" data-image-caption=\"&lt;p&gt;Dezember 2015&lt;\/p&gt;\n\" data-large-file=\"https:\/\/pia-staehli.ch\/blog\/wp-content\/uploads\/2015\/12\/DSC08210-1024x768.jpg\" class=\"alignnone size-large wp-image-5280\" src=\"https:\/\/pia-staehli.ch\/blog\/wp-content\/uploads\/2015\/12\/DSC08210-1024x768.jpg\" alt=\"DSC08210\" width=\"474\" height=\"356\" srcset=\"https:\/\/pia-staehli.ch\/blog\/wp-content\/uploads\/2015\/12\/DSC08210-1024x768.jpg 1024w, https:\/\/pia-staehli.ch\/blog\/wp-content\/uploads\/2015\/12\/DSC08210-300x225.jpg 300w, https:\/\/pia-staehli.ch\/blog\/wp-content\/uploads\/2015\/12\/DSC08210-768x576.jpg 768w\" sizes=\"auto, (max-width: 474px) 100vw, 474px\" \/><\/p>\n<p>Ein \u00dcberblick von unserem Gartenjahr.<\/p>\n<div data-carousel-extra='{&quot;blog_id&quot;:1,&quot;permalink&quot;:&quot;https:\/\/pia-staehli.ch\/blog\/2015\/12\/30\/12tel-blick-dezember-2\/&quot;}' id='gallery-1' class='gallery galleryid-5179 gallery-columns-3 gallery-size-thumbnail'><figure class='gallery-item'>\n\t\t\t<div class='gallery-icon landscape'>\n\t\t\t\t<a href='https:\/\/pia-staehli.ch\/blog\/2015\/01\/18\/sonntagsfreude-sommerblumen-im-wintergarten\/dsc00805\/'><img loading=\"lazy\" decoding=\"async\" width=\"150\" height=\"150\" src=\"https:\/\/pia-staehli.ch\/blog\/wp-content\/uploads\/2015\/01\/DSC00805-150x150.jpg\" class=\"attachment-thumbnail size-thumbnail\" alt=\"\" aria-describedby=\"gallery-1-2071\" data-attachment-id=\"2071\" data-permalink=\"https:\/\/pia-staehli.ch\/blog\/2015\/01\/18\/sonntagsfreude-sommerblumen-im-wintergarten\/dsc00805\/\" data-orig-file=\"https:\/\/pia-staehli.ch\/blog\/wp-content\/uploads\/2015\/01\/DSC00805.jpg\" data-orig-size=\"5184,3888\" data-comments-opened=\"1\" data-image-title=\"Janua\" data-image-description=\"\" data-image-caption=\"&lt;p&gt;Januar 2015&lt;\/p&gt;\n\" data-large-file=\"https:\/\/pia-staehli.ch\/blog\/wp-content\/uploads\/2015\/01\/DSC00805-1024x768.jpg\" \/><\/a>\n\t\t\t<\/div>\n\t\t\t\t<figcaption class='wp-caption-text gallery-caption' id='gallery-1-2071'>\n\t\t\t\tJanuar 2015\n\t\t\t\t<\/figcaption><\/figure><figure class='gallery-item'>\n\t\t\t<div class='gallery-icon landscape'>\n\t\t\t\t<a href='https:\/\/pia-staehli.ch\/blog\/2015\/02\/28\/12tel-blick-februar\/dsc00979\/'><img loading=\"lazy\" decoding=\"async\" width=\"150\" height=\"150\" src=\"https:\/\/pia-staehli.ch\/blog\/wp-content\/uploads\/2015\/02\/DSC00979-150x150.jpg\" class=\"attachment-thumbnail size-thumbnail\" alt=\"\" aria-describedby=\"gallery-1-2252\" data-attachment-id=\"2252\" data-permalink=\"https:\/\/pia-staehli.ch\/blog\/2015\/02\/28\/12tel-blick-februar\/dsc00979\/\" data-orig-file=\"https:\/\/pia-staehli.ch\/blog\/wp-content\/uploads\/2015\/02\/DSC00979.jpg\" data-orig-size=\"4903,3856\" data-comments-opened=\"1\" data-image-title=\"Februar\" data-image-description=\"\" data-image-caption=\"&lt;p&gt;Februar 2015&lt;\/p&gt;\n\" data-large-file=\"https:\/\/pia-staehli.ch\/blog\/wp-content\/uploads\/2015\/02\/DSC00979-1024x805.jpg\" \/><\/a>\n\t\t\t<\/div>\n\t\t\t\t<figcaption class='wp-caption-text gallery-caption' id='gallery-1-2252'>\n\t\t\t\tFebruar 2015\n\t\t\t\t<\/figcaption><\/figure><figure class='gallery-item'>\n\t\t\t<div class='gallery-icon landscape'>\n\t\t\t\t<a href='https:\/\/pia-staehli.ch\/blog\/2015\/03\/30\/12tel-blick-maerz\/dsc01114\/'><img loading=\"lazy\" decoding=\"async\" width=\"150\" height=\"150\" src=\"https:\/\/pia-staehli.ch\/blog\/wp-content\/uploads\/2015\/03\/DSC01114-150x150.jpg\" class=\"attachment-thumbnail size-thumbnail\" alt=\"\" aria-describedby=\"gallery-1-2414\" data-attachment-id=\"2414\" data-permalink=\"https:\/\/pia-staehli.ch\/blog\/2015\/03\/30\/12tel-blick-maerz\/dsc01114\/\" data-orig-file=\"https:\/\/pia-staehli.ch\/blog\/wp-content\/uploads\/2015\/03\/DSC01114.jpg\" data-orig-size=\"5184,3888\" data-comments-opened=\"1\" data-image-title=\"M\u00e4rz\" data-image-description=\"\" data-image-caption=\"&lt;p&gt;M\u00e4rz 2015&lt;\/p&gt;\n\" data-large-file=\"https:\/\/pia-staehli.ch\/blog\/wp-content\/uploads\/2015\/03\/DSC01114-1024x768.jpg\" \/><\/a>\n\t\t\t<\/div>\n\t\t\t\t<figcaption class='wp-caption-text gallery-caption' id='gallery-1-2414'>\n\t\t\t\tM\u00e4rz 2015\n\t\t\t\t<\/figcaption><\/figure><figure class='gallery-item'>\n\t\t\t<div class='gallery-icon landscape'>\n\t\t\t\t<a href='https:\/\/pia-staehli.ch\/blog\/2015\/04\/28\/blumen-oder-unkraut\/dsc01317\/'><img loading=\"lazy\" decoding=\"async\" width=\"150\" height=\"150\" src=\"https:\/\/pia-staehli.ch\/blog\/wp-content\/uploads\/2015\/04\/DSC01317-150x150.jpg\" class=\"attachment-thumbnail size-thumbnail\" alt=\"\" aria-describedby=\"gallery-1-2626\" data-attachment-id=\"2626\" data-permalink=\"https:\/\/pia-staehli.ch\/blog\/2015\/04\/28\/blumen-oder-unkraut\/dsc01317\/\" data-orig-file=\"https:\/\/pia-staehli.ch\/blog\/wp-content\/uploads\/2015\/04\/DSC01317.jpg\" data-orig-size=\"5184,3888\" data-comments-opened=\"1\" data-image-title=\"April\" data-image-description=\"\" data-image-caption=\"&lt;p&gt;April 2015&lt;\/p&gt;\n\" data-large-file=\"https:\/\/pia-staehli.ch\/blog\/wp-content\/uploads\/2015\/04\/DSC01317-1024x768.jpg\" \/><\/a>\n\t\t\t<\/div>\n\t\t\t\t<figcaption class='wp-caption-text gallery-caption' id='gallery-1-2626'>\n\t\t\t\tApril 2015\n\t\t\t\t<\/figcaption><\/figure><figure class='gallery-item'>\n\t\t\t<div class='gallery-icon landscape'>\n\t\t\t\t<a href='https:\/\/pia-staehli.ch\/blog\/2015\/05\/30\/12tel-blick-mai-2\/dsc01743-2\/'><img loading=\"lazy\" decoding=\"async\" width=\"150\" height=\"150\" src=\"https:\/\/pia-staehli.ch\/blog\/wp-content\/uploads\/2015\/05\/DSC01743-2-150x150.jpg\" class=\"attachment-thumbnail size-thumbnail\" alt=\"\" aria-describedby=\"gallery-1-2936\" data-attachment-id=\"2936\" data-permalink=\"https:\/\/pia-staehli.ch\/blog\/2015\/05\/30\/12tel-blick-mai-2\/dsc01743-2\/\" data-orig-file=\"https:\/\/pia-staehli.ch\/blog\/wp-content\/uploads\/2015\/05\/DSC01743-2.jpg\" data-orig-size=\"5184,3888\" data-comments-opened=\"1\" data-image-title=\"Mai\" data-image-description=\"\" data-image-caption=\"&lt;p&gt;Mai 2015&lt;\/p&gt;\n\" data-large-file=\"https:\/\/pia-staehli.ch\/blog\/wp-content\/uploads\/2015\/05\/DSC01743-2-1024x768.jpg\" \/><\/a>\n\t\t\t<\/div>\n\t\t\t\t<figcaption class='wp-caption-text gallery-caption' id='gallery-1-2936'>\n\t\t\t\tMai 2015\n\t\t\t\t<\/figcaption><\/figure><figure class='gallery-item'>\n\t\t\t<div class='gallery-icon landscape'>\n\t\t\t\t<a href='https:\/\/pia-staehli.ch\/blog\/2015\/06\/28\/bunt-ist-die-welt-biergaerten-strassenkaffees\/dsc02200-2\/'><img loading=\"lazy\" decoding=\"async\" width=\"150\" height=\"150\" src=\"https:\/\/pia-staehli.ch\/blog\/wp-content\/uploads\/2015\/06\/DSC02200-2-150x150.jpg\" class=\"attachment-thumbnail size-thumbnail\" alt=\"\" aria-describedby=\"gallery-1-3266\" data-attachment-id=\"3266\" data-permalink=\"https:\/\/pia-staehli.ch\/blog\/2015\/06\/28\/bunt-ist-die-welt-biergaerten-strassenkaffees\/dsc02200-2\/\" data-orig-file=\"https:\/\/pia-staehli.ch\/blog\/wp-content\/uploads\/2015\/06\/DSC02200-2.jpg\" data-orig-size=\"5184,3888\" data-comments-opened=\"1\" data-image-title=\"Juni\" data-image-description=\"\" data-image-caption=\"&lt;p&gt;Juni 2015&lt;\/p&gt;\n\" data-large-file=\"https:\/\/pia-staehli.ch\/blog\/wp-content\/uploads\/2015\/06\/DSC02200-2-1024x768.jpg\" \/><\/a>\n\t\t\t<\/div>\n\t\t\t\t<figcaption class='wp-caption-text gallery-caption' id='gallery-1-3266'>\n\t\t\t\tJuni 2015\n\t\t\t\t<\/figcaption><\/figure><figure class='gallery-item'>\n\t\t\t<div class='gallery-icon landscape'>\n\t\t\t\t<a href='https:\/\/pia-staehli.ch\/blog\/2015\/08\/03\/12tel-blick-juli-2\/dsc05561-2\/'><img loading=\"lazy\" decoding=\"async\" width=\"150\" height=\"150\" src=\"https:\/\/pia-staehli.ch\/blog\/wp-content\/uploads\/2015\/08\/DSC05561-2-150x150.jpg\" class=\"attachment-thumbnail size-thumbnail\" alt=\"\" aria-describedby=\"gallery-1-3405\" data-attachment-id=\"3405\" data-permalink=\"https:\/\/pia-staehli.ch\/blog\/2015\/08\/03\/12tel-blick-juli-2\/dsc05561-2\/\" data-orig-file=\"https:\/\/pia-staehli.ch\/blog\/wp-content\/uploads\/2015\/08\/DSC05561-2.jpg\" data-orig-size=\"1600,1200\" data-comments-opened=\"1\" data-image-title=\"Juli\" data-image-description=\"\" data-image-caption=\"&lt;p&gt;Juli 2015&lt;\/p&gt;\n\" data-large-file=\"https:\/\/pia-staehli.ch\/blog\/wp-content\/uploads\/2015\/08\/DSC05561-2-1024x768.jpg\" \/><\/a>\n\t\t\t<\/div>\n\t\t\t\t<figcaption class='wp-caption-text gallery-caption' id='gallery-1-3405'>\n\t\t\t\tJuli 2015\n\t\t\t\t<\/figcaption><\/figure><figure class='gallery-item'>\n\t\t\t<div class='gallery-icon landscape'>\n\t\t\t\t<a href='https:\/\/pia-staehli.ch\/blog\/2015\/08\/31\/12tel-blick-august-2\/dsc05859\/'><img loading=\"lazy\" decoding=\"async\" width=\"150\" height=\"150\" src=\"https:\/\/pia-staehli.ch\/blog\/wp-content\/uploads\/2015\/08\/DSC05859-150x150.jpg\" class=\"attachment-thumbnail size-thumbnail\" alt=\"\" aria-describedby=\"gallery-1-3661\" data-attachment-id=\"3661\" data-permalink=\"https:\/\/pia-staehli.ch\/blog\/2015\/08\/31\/12tel-blick-august-2\/dsc05859\/\" data-orig-file=\"https:\/\/pia-staehli.ch\/blog\/wp-content\/uploads\/2015\/08\/DSC05859.jpg\" data-orig-size=\"5184,3888\" data-comments-opened=\"1\" data-image-title=\"August\" data-image-description=\"\" data-image-caption=\"&lt;p&gt;August 2015&lt;\/p&gt;\n\" data-large-file=\"https:\/\/pia-staehli.ch\/blog\/wp-content\/uploads\/2015\/08\/DSC05859-1024x768.jpg\" \/><\/a>\n\t\t\t<\/div>\n\t\t\t\t<figcaption class='wp-caption-text gallery-caption' id='gallery-1-3661'>\n\t\t\t\tAugust 2015\n\t\t\t\t<\/figcaption><\/figure><figure class='gallery-item'>\n\t\t\t<div class='gallery-icon landscape'>\n\t\t\t\t<a href='https:\/\/pia-staehli.ch\/blog\/2015\/09\/30\/12tel-blick-september-2\/dsc06325\/'><img loading=\"lazy\" decoding=\"async\" width=\"150\" height=\"150\" src=\"https:\/\/pia-staehli.ch\/blog\/wp-content\/uploads\/2015\/09\/DSC06325-150x150.jpg\" class=\"attachment-thumbnail size-thumbnail\" alt=\"\" aria-describedby=\"gallery-1-3950\" data-attachment-id=\"3950\" data-permalink=\"https:\/\/pia-staehli.ch\/blog\/2015\/09\/30\/12tel-blick-september-2\/dsc06325\/\" data-orig-file=\"https:\/\/pia-staehli.ch\/blog\/wp-content\/uploads\/2015\/09\/DSC06325.jpg\" data-orig-size=\"5184,3888\" data-comments-opened=\"1\" data-image-title=\"SeptemberDSC06325\" data-image-description=\"\" data-image-caption=\"&lt;p&gt;September 2015&lt;\/p&gt;\n\" data-large-file=\"https:\/\/pia-staehli.ch\/blog\/wp-content\/uploads\/2015\/09\/DSC06325-1024x768.jpg\" \/><\/a>\n\t\t\t<\/div>\n\t\t\t\t<figcaption class='wp-caption-text gallery-caption' id='gallery-1-3950'>\n\t\t\t\tSeptember 2015\n\t\t\t\t<\/figcaption><\/figure><figure class='gallery-item'>\n\t\t\t<div class='gallery-icon landscape'>\n\t\t\t\t<a href='https:\/\/pia-staehli.ch\/blog\/2015\/10\/27\/leuchtende-wasserbirne\/dsc07028\/'><img loading=\"lazy\" decoding=\"async\" width=\"150\" height=\"150\" src=\"https:\/\/pia-staehli.ch\/blog\/wp-content\/uploads\/2015\/10\/DSC07028-150x150.jpg\" class=\"attachment-thumbnail size-thumbnail\" alt=\"\" aria-describedby=\"gallery-1-4449\" data-attachment-id=\"4449\" data-permalink=\"https:\/\/pia-staehli.ch\/blog\/2015\/10\/27\/leuchtende-wasserbirne\/dsc07028\/\" data-orig-file=\"https:\/\/pia-staehli.ch\/blog\/wp-content\/uploads\/2015\/10\/DSC07028.jpg\" data-orig-size=\"5184,3888\" data-comments-opened=\"1\" data-image-title=\"Oktober\" data-image-description=\"\" data-image-caption=\"&lt;p&gt;Oktober 2015&lt;\/p&gt;\n\" data-large-file=\"https:\/\/pia-staehli.ch\/blog\/wp-content\/uploads\/2015\/10\/DSC07028-1024x768.jpg\" \/><\/a>\n\t\t\t<\/div>\n\t\t\t\t<figcaption class='wp-caption-text gallery-caption' id='gallery-1-4449'>\n\t\t\t\tOktober 2015\n\t\t\t\t<\/figcaption><\/figure><figure class='gallery-item'>\n\t\t\t<div class='gallery-icon landscape'>\n\t\t\t\t<a href='https:\/\/pia-staehli.ch\/blog\/2015\/11\/29\/adventsgestecke\/dsc07558\/'><img loading=\"lazy\" decoding=\"async\" width=\"150\" height=\"150\" src=\"https:\/\/pia-staehli.ch\/blog\/wp-content\/uploads\/2015\/11\/DSC07558-150x150.jpg\" class=\"attachment-thumbnail size-thumbnail\" alt=\"\" data-attachment-id=\"4878\" data-permalink=\"https:\/\/pia-staehli.ch\/blog\/2015\/11\/29\/adventsgestecke\/dsc07558\/\" data-orig-file=\"https:\/\/pia-staehli.ch\/blog\/wp-content\/uploads\/2015\/11\/DSC07558.jpg\" data-orig-size=\"5184,3888\" data-comments-opened=\"1\" data-image-title=\"November\" data-image-description=\"\" data-image-caption=\"\" data-large-file=\"https:\/\/pia-staehli.ch\/blog\/wp-content\/uploads\/2015\/11\/DSC07558-1024x768.jpg\" \/><\/a>\n\t\t\t<\/div><\/figure><figure class='gallery-item'>\n\t\t\t<div class='gallery-icon landscape'>\n\t\t\t\t<a href='https:\/\/pia-staehli.ch\/blog\/2015\/12\/30\/12tel-blick-dezember-2\/dsc08210\/'><img loading=\"lazy\" decoding=\"async\" width=\"150\" height=\"150\" src=\"https:\/\/pia-staehli.ch\/blog\/wp-content\/uploads\/2015\/12\/DSC08210-150x150.jpg\" class=\"attachment-thumbnail size-thumbnail\" alt=\"\" aria-describedby=\"gallery-1-5280\" data-attachment-id=\"5280\" data-permalink=\"https:\/\/pia-staehli.ch\/blog\/2015\/12\/30\/12tel-blick-dezember-2\/dsc08210\/\" data-orig-file=\"https:\/\/pia-staehli.ch\/blog\/wp-content\/uploads\/2015\/12\/DSC08210.jpg\" data-orig-size=\"5184,3888\" data-comments-opened=\"1\" data-image-title=\"DSC08210\" data-image-description=\"\" data-image-caption=\"&lt;p&gt;Dezember 2015&lt;\/p&gt;\n\" data-large-file=\"https:\/\/pia-staehli.ch\/blog\/wp-content\/uploads\/2015\/12\/DSC08210-1024x768.jpg\" \/><\/a>\n\t\t\t<\/div>\n\t\t\t\t<figcaption class='wp-caption-text gallery-caption' id='gallery-1-5280'>\n\t\t\t\tDezember 2015\n\t\t\t\t<\/figcaption><\/figure>\n\t\t<\/div>\n\n<p>Ich m\u00f6chte mich bei allen, die auf meinem Blog einen Kommentar geschrieben haben, bedanken. Wir haben viele sch\u00f6ne Komplimente und Bewunderungen bekommen, die uns alle sehr gefreut haben.<br \/>\nBei <a href=\"http:\/\/tabea-heinicker.blogspot.ch\/\">Tabea <\/a>versammeln sich alle 12tel Blicke.<\/p>\n","protected":false},"excerpt":{"rendered":"<p>Das Jahr geht zu Ende und der Kreis von meinem 12tel Blick schliesst sich. Der Garten sieht wieder fast gleich aus wie auf dem ersten Bild im Januar. Nur die\u00a0gedeckten Beete haben sich ge\u00e4ndert. Ein \u00dcberblick von unserem Gartenjahr. Ich m\u00f6chte mich bei allen, die auf meinem Blog einen Kommentar geschrieben haben, bedanken. Wir haben &hellip; <a href=\"https:\/\/pia-staehli.ch\/blog\/2015\/12\/30\/12tel-blick-dezember-2\/\" class=\"more-link\"><span class=\"screen-reader-text\">12tel Blick Dezember<\/span> weiterlesen <span class=\"meta-nav\">&rarr;<\/span><\/a><\/p>\n","protected":false},"author":2,"featured_media":0,"comment_status":"open","ping_status":"open","sticky":false,"template":"","format":"standard","meta":{"_bbp_topic_count":0,"_bbp_reply_count":0,"_bbp_total_topic_count":0,"_bbp_total_reply_count":0,"_bbp_voice_count":0,"_bbp_anonymous_reply_count":0,"_bbp_topic_count_hidden":0,"_bbp_reply_count_hidden":0,"_bbp_forum_subforum_count":0,"ngg_post_thumbnail":0,"_jetpack_newsletter_access":"","_jetpack_dont_email_post_to_subs":false,"_jetpack_newsletter_tier_id":0,"_jetpack_memberships_contains_paywalled_content":false,"_jetpack_feature_clip_id":0,"_jetpack_memberships_contains_paid_content":false,"footnotes":"","jetpack_publicize_message":"","jetpack_publicize_feature_enabled":true,"jetpack_social_post_already_shared":true,"jetpack_social_options":{"image_generator_settings":{"template":"highway","default_image_id":0,"font":"","enabled":false},"version":2},"jetpack_post_was_ever_published":false},"categories":[3,18,13,16],"tags":[],"class_list":["post-5179","post","type-post","status-publish","format-standard","hentry","category-familie","category-garten","category-natur","category-projekt"],"jetpack_publicize_connections":[],"jetpack_sharing_enabled":true,"jetpack_shortlink":"https:\/\/wp.me\/p4c1fj-1lx","jetpack_featured_media_url":"","_links":{"self":[{"href":"https:\/\/pia-staehli.ch\/blog\/wp-json\/wp\/v2\/posts\/5179","targetHints":{"allow":["GET"]}}],"collection":[{"href":"https:\/\/pia-staehli.ch\/blog\/wp-json\/wp\/v2\/posts"}],"about":[{"href":"https:\/\/pia-staehli.ch\/blog\/wp-json\/wp\/v2\/types\/post"}],"author":[{"embeddable":true,"href":"https:\/\/pia-staehli.ch\/blog\/wp-json\/wp\/v2\/users\/2"}],"replies":[{"embeddable":true,"href":"https:\/\/pia-staehli.ch\/blog\/wp-json\/wp\/v2\/comments?post=5179"}],"version-history":[{"count":5,"href":"https:\/\/pia-staehli.ch\/blog\/wp-json\/wp\/v2\/posts\/5179\/revisions"}],"predecessor-version":[{"id":5289,"href":"https:\/\/pia-staehli.ch\/blog\/wp-json\/wp\/v2\/posts\/5179\/revisions\/5289"}],"wp:attachment":[{"href":"https:\/\/pia-staehli.ch\/blog\/wp-json\/wp\/v2\/media?parent=5179"}],"wp:term":[{"taxonomy":"category","embeddable":true,"href":"https:\/\/pia-staehli.ch\/blog\/wp-json\/wp\/v2\/categories?post=5179"},{"taxonomy":"post_tag","embeddable":true,"href":"https:\/\/pia-staehli.ch\/blog\/wp-json\/wp\/v2\/tags?post=5179"}],"curies":[{"name":"wp","href":"https:\/\/api.w.org\/{rel}","templated":true}]}}