{"id":36959,"date":"2026-09-03T06:49:43","date_gmt":"2026-09-03T05:49:43","guid":{"rendered":"https:\/\/pia-staehli.ch\/blog\/?p=36959"},"modified":"2026-09-03T06:49:43","modified_gmt":"2026-09-03T05:49:43","slug":"an-der-riviera","status":"publish","type":"post","link":"https:\/\/pia-staehli.ch\/blog\/2026\/09\/03\/an-der-riviera\/","title":{"rendered":"An der Riviera!"},"content":{"rendered":"\n<p class=\"wp-block-paragraph\">Heute nehme ich euch mit an unsere Riviera. An sch\u00f6nen Sommertagen, von denen es diesen Sommer viele gab, zieht es zahlreiche Ausfl\u00fcgler an unser Seeufer. Viele meiner Besucherinnen und Besucher kennen bereits meinen <a href=\"https:\/\/pia-staehli.ch\/blog\/2024\/06\/13\/der-see-wird-immer-groesser\/\" data-type=\"post\" data-id=\"31150\">Lieblingsgsplatz<\/a> am See. Er liegt an einer kleinen Bucht neben dem Naturschutzgebiet. Dort ist es meist ruhiger und es hat deutlich weniger Touristen.<\/p>\n\n\n\n<figure class=\"wp-block-image size-large\"><img loading=\"lazy\" decoding=\"async\" width=\"1024\" height=\"768\" data-attachment-id=\"36914\" data-permalink=\"https:\/\/pia-staehli.ch\/blog\/img_8745\/\" data-orig-file=\"https:\/\/pia-staehli.ch\/blog\/wp-content\/uploads\/2026\/08\/IMG_8745.jpeg\" data-orig-size=\"4032,3024\" data-comments-opened=\"1\" data-image-title=\"IMG_8745\" data-image-description=\"\" data-image-caption=\"\" data-large-file=\"https:\/\/pia-staehli.ch\/blog\/wp-content\/uploads\/2026\/08\/IMG_8745-1024x768.jpeg\" src=\"https:\/\/pia-staehli.ch\/blog\/wp-content\/uploads\/2026\/08\/IMG_8745-1024x768.jpeg\" alt=\"\" class=\"wp-image-36914\" srcset=\"https:\/\/pia-staehli.ch\/blog\/wp-content\/uploads\/2026\/08\/IMG_8745-1024x768.jpeg 1024w, https:\/\/pia-staehli.ch\/blog\/wp-content\/uploads\/2026\/08\/IMG_8745-300x225.jpeg 300w, https:\/\/pia-staehli.ch\/blog\/wp-content\/uploads\/2026\/08\/IMG_8745-768x576.jpeg 768w, https:\/\/pia-staehli.ch\/blog\/wp-content\/uploads\/2026\/08\/IMG_8745-1536x1152.jpeg 1536w, https:\/\/pia-staehli.ch\/blog\/wp-content\/uploads\/2026\/08\/IMG_8745-2048x1536.jpeg 2048w\" sizes=\"auto, (max-width: 1024px) 100vw, 1024px\" \/><\/figure>\n\n\n\n<p class=\"wp-block-paragraph\">Dass der Bodensee zurzeit sehr wenig Wasser f\u00fchrt, wissen die meisten bereits. Ich habe sogar das Gef\u00fchl, dass der Pegel immer weiter sinkt, trotz der Niederschl\u00e4ge, die es endlich auch bei uns wieder gab<\/p>\n\n\n\n<figure class=\"wp-block-image size-large\"><img loading=\"lazy\" decoding=\"async\" width=\"1024\" height=\"768\" data-attachment-id=\"36915\" data-permalink=\"https:\/\/pia-staehli.ch\/blog\/img_8744\/\" data-orig-file=\"https:\/\/pia-staehli.ch\/blog\/wp-content\/uploads\/2026\/08\/IMG_8744.jpeg\" data-orig-size=\"4032,3024\" data-comments-opened=\"1\" data-image-title=\"IMG_8744\" data-image-description=\"\" data-image-caption=\"\" data-large-file=\"https:\/\/pia-staehli.ch\/blog\/wp-content\/uploads\/2026\/08\/IMG_8744-1024x768.jpeg\" src=\"https:\/\/pia-staehli.ch\/blog\/wp-content\/uploads\/2026\/08\/IMG_8744-1024x768.jpeg\" alt=\"\" class=\"wp-image-36915\" srcset=\"https:\/\/pia-staehli.ch\/blog\/wp-content\/uploads\/2026\/08\/IMG_8744-1024x768.jpeg 1024w, https:\/\/pia-staehli.ch\/blog\/wp-content\/uploads\/2026\/08\/IMG_8744-300x225.jpeg 300w, https:\/\/pia-staehli.ch\/blog\/wp-content\/uploads\/2026\/08\/IMG_8744-768x576.jpeg 768w, https:\/\/pia-staehli.ch\/blog\/wp-content\/uploads\/2026\/08\/IMG_8744-1536x1152.jpeg 1536w, https:\/\/pia-staehli.ch\/blog\/wp-content\/uploads\/2026\/08\/IMG_8744-2048x1536.jpeg 2048w\" sizes=\"auto, (max-width: 1024px) 100vw, 1024px\" \/><\/figure>\n\n\n\n<p class=\"wp-block-paragraph\">Die verschiedenen Wasserv\u00f6gel und Wassertiere sind inzwischen immer weiter draussen im See zu beobachten.<\/p>\n\n\n\n<figure class=\"wp-block-image size-large\"><img loading=\"lazy\" decoding=\"async\" width=\"1024\" height=\"768\" data-attachment-id=\"36911\" data-permalink=\"https:\/\/pia-staehli.ch\/blog\/img_8748\/\" data-orig-file=\"https:\/\/pia-staehli.ch\/blog\/wp-content\/uploads\/2026\/08\/IMG_8748.jpeg\" data-orig-size=\"4032,3024\" data-comments-opened=\"1\" data-image-title=\"IMG_8748\" data-image-description=\"\" data-image-caption=\"\" data-large-file=\"https:\/\/pia-staehli.ch\/blog\/wp-content\/uploads\/2026\/08\/IMG_8748-1024x768.jpeg\" src=\"https:\/\/pia-staehli.ch\/blog\/wp-content\/uploads\/2026\/08\/IMG_8748-1024x768.jpeg\" alt=\"\" class=\"wp-image-36911\" srcset=\"https:\/\/pia-staehli.ch\/blog\/wp-content\/uploads\/2026\/08\/IMG_8748-1024x768.jpeg 1024w, https:\/\/pia-staehli.ch\/blog\/wp-content\/uploads\/2026\/08\/IMG_8748-300x225.jpeg 300w, https:\/\/pia-staehli.ch\/blog\/wp-content\/uploads\/2026\/08\/IMG_8748-768x576.jpeg 768w, https:\/\/pia-staehli.ch\/blog\/wp-content\/uploads\/2026\/08\/IMG_8748-1536x1152.jpeg 1536w, https:\/\/pia-staehli.ch\/blog\/wp-content\/uploads\/2026\/08\/IMG_8748-2048x1536.jpeg 2048w\" sizes=\"auto, (max-width: 1024px) 100vw, 1024px\" \/><\/figure>\n\n\n\n<p class=\"wp-block-paragraph\">Heute zeige ich euch aber gerne einige Bilder von den Orten, an denen sich die Besucher unserer Stadt besonders gerne aufhalten. Zuerst komme ich am Hafen vorbei, wo die Boote sch\u00f6n in Reih und Glied liegen.<\/p>\n\n\n\n<figure class=\"wp-block-image size-large\"><img loading=\"lazy\" decoding=\"async\" width=\"1024\" height=\"806\" data-attachment-id=\"36927\" data-permalink=\"https:\/\/pia-staehli.ch\/blog\/20260827_1600082\/\" data-orig-file=\"https:\/\/pia-staehli.ch\/blog\/wp-content\/uploads\/2026\/08\/20260827_1600082.jpg\" data-orig-size=\"2867,2256\" data-comments-opened=\"1\" data-image-title=\"20260827_160008~2\" data-image-description=\"\" data-image-caption=\"\" data-large-file=\"https:\/\/pia-staehli.ch\/blog\/wp-content\/uploads\/2026\/08\/20260827_1600082-1024x806.jpg\" src=\"https:\/\/pia-staehli.ch\/blog\/wp-content\/uploads\/2026\/08\/20260827_1600082-1024x806.jpg\" alt=\"\" class=\"wp-image-36927\" srcset=\"https:\/\/pia-staehli.ch\/blog\/wp-content\/uploads\/2026\/08\/20260827_1600082-1024x806.jpg 1024w, https:\/\/pia-staehli.ch\/blog\/wp-content\/uploads\/2026\/08\/20260827_1600082-300x236.jpg 300w, https:\/\/pia-staehli.ch\/blog\/wp-content\/uploads\/2026\/08\/20260827_1600082-768x604.jpg 768w, https:\/\/pia-staehli.ch\/blog\/wp-content\/uploads\/2026\/08\/20260827_1600082-1536x1209.jpg 1536w, https:\/\/pia-staehli.ch\/blog\/wp-content\/uploads\/2026\/08\/20260827_1600082-2048x1612.jpg 2048w\" sizes=\"auto, (max-width: 1024px) 100vw, 1024px\" \/><\/figure>\n\n\n\n<p class=\"wp-block-paragraph\">Um zu ihren Booten zu gelangen, m\u00fcssen die Kapit\u00e4ninnen und Kapit\u00e4ne derzeit ziemlich weit hinuntersteigen. Seht ihr die Paletten, die als zus\u00e4tzliche Treppenstufen dienen? Die Stege wurden urspr\u00fcnglich nicht f\u00fcr einen so tiefen Wasserstand gebaut.<\/p>\n\n\n\n<figure class=\"wp-block-image size-large\"><img loading=\"lazy\" decoding=\"async\" width=\"1024\" height=\"834\" data-attachment-id=\"36925\" data-permalink=\"https:\/\/pia-staehli.ch\/blog\/20260827_1600373\/\" data-orig-file=\"https:\/\/pia-staehli.ch\/blog\/wp-content\/uploads\/2026\/08\/20260827_1600373.jpg\" data-orig-size=\"3672,2990\" data-comments-opened=\"1\" data-image-title=\"20260827_160037~3\" data-image-description=\"\" data-image-caption=\"\" data-large-file=\"https:\/\/pia-staehli.ch\/blog\/wp-content\/uploads\/2026\/08\/20260827_1600373-1024x834.jpg\" src=\"https:\/\/pia-staehli.ch\/blog\/wp-content\/uploads\/2026\/08\/20260827_1600373-1024x834.jpg\" alt=\"\" class=\"wp-image-36925\" srcset=\"https:\/\/pia-staehli.ch\/blog\/wp-content\/uploads\/2026\/08\/20260827_1600373-1024x834.jpg 1024w, https:\/\/pia-staehli.ch\/blog\/wp-content\/uploads\/2026\/08\/20260827_1600373-300x244.jpg 300w, https:\/\/pia-staehli.ch\/blog\/wp-content\/uploads\/2026\/08\/20260827_1600373-768x625.jpg 768w, https:\/\/pia-staehli.ch\/blog\/wp-content\/uploads\/2026\/08\/20260827_1600373-1536x1251.jpg 1536w, https:\/\/pia-staehli.ch\/blog\/wp-content\/uploads\/2026\/08\/20260827_1600373-2048x1668.jpg 2048w\" sizes=\"auto, (max-width: 1024px) 100vw, 1024px\" \/><\/figure>\n\n\n\n<p class=\"wp-block-paragraph\">Schon bald erreichen wir den Quai. Nach den ersten Einkehrm\u00f6glichkeiten f\u00fchrt der Weg entlang der Hafenmauer, wo sich eine Beiz an die andere reiht.<\/p>\n\n\n\n<figure class=\"wp-block-image size-large\"><img loading=\"lazy\" decoding=\"async\" width=\"1024\" height=\"768\" data-attachment-id=\"36928\" data-permalink=\"https:\/\/pia-staehli.ch\/blog\/20260827_1557022\/\" data-orig-file=\"https:\/\/pia-staehli.ch\/blog\/wp-content\/uploads\/2026\/08\/20260827_1557022.jpg\" data-orig-size=\"4080,3060\" data-comments-opened=\"1\" data-image-title=\"20260827_155702~2\" data-image-description=\"\" data-image-caption=\"\" data-large-file=\"https:\/\/pia-staehli.ch\/blog\/wp-content\/uploads\/2026\/08\/20260827_1557022-1024x768.jpg\" src=\"https:\/\/pia-staehli.ch\/blog\/wp-content\/uploads\/2026\/08\/20260827_1557022-1024x768.jpg\" alt=\"\" class=\"wp-image-36928\" srcset=\"https:\/\/pia-staehli.ch\/blog\/wp-content\/uploads\/2026\/08\/20260827_1557022-1024x768.jpg 1024w, https:\/\/pia-staehli.ch\/blog\/wp-content\/uploads\/2026\/08\/20260827_1557022-300x225.jpg 300w, https:\/\/pia-staehli.ch\/blog\/wp-content\/uploads\/2026\/08\/20260827_1557022-768x576.jpg 768w, https:\/\/pia-staehli.ch\/blog\/wp-content\/uploads\/2026\/08\/20260827_1557022-1536x1152.jpg 1536w, https:\/\/pia-staehli.ch\/blog\/wp-content\/uploads\/2026\/08\/20260827_1557022-2048x1536.jpg 2048w\" sizes=\"auto, (max-width: 1024px) 100vw, 1024px\" \/><\/figure>\n\n\n\n<p class=\"wp-block-paragraph\">Hier findet wirklich jeder etwas nach seinem Geschmack: von feinen Fischknusperli und hausgemachter Glace<\/p>\n\n\n\n<figure class=\"wp-block-image size-large\"><img loading=\"lazy\" decoding=\"async\" width=\"1024\" height=\"659\" data-attachment-id=\"36930\" data-permalink=\"https:\/\/pia-staehli.ch\/blog\/20260827_1556502\/\" data-orig-file=\"https:\/\/pia-staehli.ch\/blog\/wp-content\/uploads\/2026\/08\/20260827_1556502.jpg\" data-orig-size=\"4080,2626\" data-comments-opened=\"1\" data-image-title=\"20260827_155650~2\" data-image-description=\"\" data-image-caption=\"\" data-large-file=\"https:\/\/pia-staehli.ch\/blog\/wp-content\/uploads\/2026\/08\/20260827_1556502-1024x659.jpg\" src=\"https:\/\/pia-staehli.ch\/blog\/wp-content\/uploads\/2026\/08\/20260827_1556502-1024x659.jpg\" alt=\"\" class=\"wp-image-36930\" srcset=\"https:\/\/pia-staehli.ch\/blog\/wp-content\/uploads\/2026\/08\/20260827_1556502-1024x659.jpg 1024w, https:\/\/pia-staehli.ch\/blog\/wp-content\/uploads\/2026\/08\/20260827_1556502-300x193.jpg 300w, https:\/\/pia-staehli.ch\/blog\/wp-content\/uploads\/2026\/08\/20260827_1556502-768x494.jpg 768w, https:\/\/pia-staehli.ch\/blog\/wp-content\/uploads\/2026\/08\/20260827_1556502-1536x989.jpg 1536w, https:\/\/pia-staehli.ch\/blog\/wp-content\/uploads\/2026\/08\/20260827_1556502-2048x1318.jpg 2048w\" sizes=\"auto, (max-width: 1024px) 100vw, 1024px\" \/><\/figure>\n\n\n\n<p class=\"wp-block-paragraph\">bis hin zu erfrischenden Drinks mit echtem Strandfeeling.<\/p>\n\n\n\n<figure class=\"wp-block-image size-large\"><img loading=\"lazy\" decoding=\"async\" width=\"1024\" height=\"695\" data-attachment-id=\"36931\" data-permalink=\"https:\/\/pia-staehli.ch\/blog\/20260827_1554582\/\" data-orig-file=\"https:\/\/pia-staehli.ch\/blog\/wp-content\/uploads\/2026\/08\/20260827_1554582.jpg\" data-orig-size=\"4059,2754\" data-comments-opened=\"1\" data-image-title=\"20260827_155458~2\" data-image-description=\"\" data-image-caption=\"\" data-large-file=\"https:\/\/pia-staehli.ch\/blog\/wp-content\/uploads\/2026\/08\/20260827_1554582-1024x695.jpg\" src=\"https:\/\/pia-staehli.ch\/blog\/wp-content\/uploads\/2026\/08\/20260827_1554582-1024x695.jpg\" alt=\"\" class=\"wp-image-36931\" srcset=\"https:\/\/pia-staehli.ch\/blog\/wp-content\/uploads\/2026\/08\/20260827_1554582-1024x695.jpg 1024w, https:\/\/pia-staehli.ch\/blog\/wp-content\/uploads\/2026\/08\/20260827_1554582-300x204.jpg 300w, https:\/\/pia-staehli.ch\/blog\/wp-content\/uploads\/2026\/08\/20260827_1554582-768x521.jpg 768w, https:\/\/pia-staehli.ch\/blog\/wp-content\/uploads\/2026\/08\/20260827_1554582-1536x1042.jpg 1536w, https:\/\/pia-staehli.ch\/blog\/wp-content\/uploads\/2026\/08\/20260827_1554582-2048x1390.jpg 2048w\" sizes=\"auto, (max-width: 1024px) 100vw, 1024px\" \/><\/figure>\n\n\n\n<p class=\"wp-block-paragraph\">Alle geniessen die wundersch\u00f6ne Lage direkt am See.<\/p>\n\n\n\n<figure class=\"wp-block-image size-large\"><img loading=\"lazy\" decoding=\"async\" width=\"1024\" height=\"768\" data-attachment-id=\"36956\" data-permalink=\"https:\/\/pia-staehli.ch\/blog\/20260827_1524582\/\" data-orig-file=\"https:\/\/pia-staehli.ch\/blog\/wp-content\/uploads\/2026\/08\/20260827_1524582.jpg\" data-orig-size=\"4080,3060\" data-comments-opened=\"1\" data-image-title=\"20260827_152458~2\" data-image-description=\"\" data-image-caption=\"\" data-large-file=\"https:\/\/pia-staehli.ch\/blog\/wp-content\/uploads\/2026\/08\/20260827_1524582-1024x768.jpg\" src=\"https:\/\/pia-staehli.ch\/blog\/wp-content\/uploads\/2026\/08\/20260827_1524582-1024x768.jpg\" alt=\"\" class=\"wp-image-36956\" srcset=\"https:\/\/pia-staehli.ch\/blog\/wp-content\/uploads\/2026\/08\/20260827_1524582-1024x768.jpg 1024w, https:\/\/pia-staehli.ch\/blog\/wp-content\/uploads\/2026\/08\/20260827_1524582-300x225.jpg 300w, https:\/\/pia-staehli.ch\/blog\/wp-content\/uploads\/2026\/08\/20260827_1524582-768x576.jpg 768w, https:\/\/pia-staehli.ch\/blog\/wp-content\/uploads\/2026\/08\/20260827_1524582-1536x1152.jpg 1536w, https:\/\/pia-staehli.ch\/blog\/wp-content\/uploads\/2026\/08\/20260827_1524582-2048x1536.jpg 2048w\" sizes=\"auto, (max-width: 1024px) 100vw, 1024px\" \/><\/figure>\n\n\n\n<p class=\"wp-block-paragraph\">Hier seht ihr einen Blick in den Hafen von Romanshorn mit der Kursschiff-Anlegestelle und der F\u00e4hre.<\/p>\n\n\n\n<figure class=\"wp-block-image size-large\"><img loading=\"lazy\" decoding=\"async\" width=\"1024\" height=\"617\" data-attachment-id=\"36929\" data-permalink=\"https:\/\/pia-staehli.ch\/blog\/20260827_1556582\/\" data-orig-file=\"https:\/\/pia-staehli.ch\/blog\/wp-content\/uploads\/2026\/08\/20260827_1556582.jpg\" data-orig-size=\"4026,2424\" data-comments-opened=\"1\" data-image-title=\"20260827_155658~2\" data-image-description=\"\" data-image-caption=\"\" data-large-file=\"https:\/\/pia-staehli.ch\/blog\/wp-content\/uploads\/2026\/08\/20260827_1556582-1024x617.jpg\" src=\"https:\/\/pia-staehli.ch\/blog\/wp-content\/uploads\/2026\/08\/20260827_1556582-1024x617.jpg\" alt=\"\" class=\"wp-image-36929\" srcset=\"https:\/\/pia-staehli.ch\/blog\/wp-content\/uploads\/2026\/08\/20260827_1556582-1024x617.jpg 1024w, https:\/\/pia-staehli.ch\/blog\/wp-content\/uploads\/2026\/08\/20260827_1556582-300x181.jpg 300w, https:\/\/pia-staehli.ch\/blog\/wp-content\/uploads\/2026\/08\/20260827_1556582-768x462.jpg 768w, https:\/\/pia-staehli.ch\/blog\/wp-content\/uploads\/2026\/08\/20260827_1556582-1536x925.jpg 1536w, https:\/\/pia-staehli.ch\/blog\/wp-content\/uploads\/2026\/08\/20260827_1556582-2048x1233.jpg 2048w\" sizes=\"auto, (max-width: 1024px) 100vw, 1024px\" \/><\/figure>\n\n\n\n<p class=\"wp-block-paragraph\">Bei sch\u00f6nem Wetter bleibt dort bis sp\u00e4t am Abend kaum ein Platz frei.<\/p>\n\n\n\n<figure class=\"wp-block-image size-large\"><img loading=\"lazy\" decoding=\"async\" width=\"1024\" height=\"768\" data-attachment-id=\"36955\" data-permalink=\"https:\/\/pia-staehli.ch\/blog\/20260827_1524392\/\" data-orig-file=\"https:\/\/pia-staehli.ch\/blog\/wp-content\/uploads\/2026\/08\/20260827_1524392.jpg\" data-orig-size=\"4061,3045\" data-comments-opened=\"1\" data-image-title=\"20260827_152439~2\" data-image-description=\"\" data-image-caption=\"\" data-large-file=\"https:\/\/pia-staehli.ch\/blog\/wp-content\/uploads\/2026\/08\/20260827_1524392-1024x768.jpg\" src=\"https:\/\/pia-staehli.ch\/blog\/wp-content\/uploads\/2026\/08\/20260827_1524392-1024x768.jpg\" alt=\"\" class=\"wp-image-36955\" srcset=\"https:\/\/pia-staehli.ch\/blog\/wp-content\/uploads\/2026\/08\/20260827_1524392-1024x768.jpg 1024w, https:\/\/pia-staehli.ch\/blog\/wp-content\/uploads\/2026\/08\/20260827_1524392-300x225.jpg 300w, https:\/\/pia-staehli.ch\/blog\/wp-content\/uploads\/2026\/08\/20260827_1524392-768x576.jpg 768w, https:\/\/pia-staehli.ch\/blog\/wp-content\/uploads\/2026\/08\/20260827_1524392-1536x1152.jpg 1536w, https:\/\/pia-staehli.ch\/blog\/wp-content\/uploads\/2026\/08\/20260827_1524392-2048x1536.jpg 2048w\" sizes=\"auto, (max-width: 1024px) 100vw, 1024px\" \/><\/figure>\n\n\n\n<p class=\"wp-block-paragraph\">Der Leuchtturm steht am Festland und bietet einen sch\u00f6nen Blick auf unser Wahrzeichen draussen im See.<\/p>\n\n\n\n<figure class=\"wp-block-image size-large\"><img loading=\"lazy\" decoding=\"async\" width=\"1024\" height=\"1003\" data-attachment-id=\"36935\" data-permalink=\"https:\/\/pia-staehli.ch\/blog\/20260827_1549162\/\" data-orig-file=\"https:\/\/pia-staehli.ch\/blog\/wp-content\/uploads\/2026\/08\/20260827_1549162.jpg\" data-orig-size=\"2550,2497\" data-comments-opened=\"1\" data-image-title=\"20260827_154916~2\" data-image-description=\"\" data-image-caption=\"\" data-large-file=\"https:\/\/pia-staehli.ch\/blog\/wp-content\/uploads\/2026\/08\/20260827_1549162-1024x1003.jpg\" src=\"https:\/\/pia-staehli.ch\/blog\/wp-content\/uploads\/2026\/08\/20260827_1549162-1024x1003.jpg\" alt=\"\" class=\"wp-image-36935\" srcset=\"https:\/\/pia-staehli.ch\/blog\/wp-content\/uploads\/2026\/08\/20260827_1549162-1024x1003.jpg 1024w, https:\/\/pia-staehli.ch\/blog\/wp-content\/uploads\/2026\/08\/20260827_1549162-300x294.jpg 300w, https:\/\/pia-staehli.ch\/blog\/wp-content\/uploads\/2026\/08\/20260827_1549162-768x752.jpg 768w, https:\/\/pia-staehli.ch\/blog\/wp-content\/uploads\/2026\/08\/20260827_1549162-1536x1504.jpg 1536w, https:\/\/pia-staehli.ch\/blog\/wp-content\/uploads\/2026\/08\/20260827_1549162-2048x2005.jpg 2048w\" sizes=\"auto, (max-width: 1024px) 100vw, 1024px\" \/><\/figure>\n\n\n\n<p class=\"wp-block-paragraph\">Es ist der einzige noch erhaltene Leuchtturm am Bodensee, der weiterhin in Betrieb ist und den Kapit\u00e4nen bei Nebel den Weg in den Hafen weist.<\/p>\n\n\n\n<figure class=\"wp-block-image size-large\"><img loading=\"lazy\" decoding=\"async\" width=\"1024\" height=\"768\" data-attachment-id=\"36940\" data-permalink=\"https:\/\/pia-staehli.ch\/blog\/20260827_1545362\/\" data-orig-file=\"https:\/\/pia-staehli.ch\/blog\/wp-content\/uploads\/2026\/08\/20260827_1545362.jpg\" data-orig-size=\"3943,2957\" data-comments-opened=\"1\" data-image-title=\"20260827_154536~2\" data-image-description=\"\" data-image-caption=\"\" data-large-file=\"https:\/\/pia-staehli.ch\/blog\/wp-content\/uploads\/2026\/08\/20260827_1545362-1024x768.jpg\" src=\"https:\/\/pia-staehli.ch\/blog\/wp-content\/uploads\/2026\/08\/20260827_1545362-1024x768.jpg\" alt=\"\" class=\"wp-image-36940\" srcset=\"https:\/\/pia-staehli.ch\/blog\/wp-content\/uploads\/2026\/08\/20260827_1545362-1024x768.jpg 1024w, https:\/\/pia-staehli.ch\/blog\/wp-content\/uploads\/2026\/08\/20260827_1545362-300x225.jpg 300w, https:\/\/pia-staehli.ch\/blog\/wp-content\/uploads\/2026\/08\/20260827_1545362-768x576.jpg 768w, https:\/\/pia-staehli.ch\/blog\/wp-content\/uploads\/2026\/08\/20260827_1545362-1536x1152.jpg 1536w, https:\/\/pia-staehli.ch\/blog\/wp-content\/uploads\/2026\/08\/20260827_1545362-2048x1536.jpg 2048w\" sizes=\"auto, (max-width: 1024px) 100vw, 1024px\" \/><\/figure>\n\n\n\n<p class=\"wp-block-paragraph\">Etwas weiter dem Ufer entlang wird es wieder ruhiger.<\/p>\n\n\n\n<figure class=\"wp-block-image size-large\"><img loading=\"lazy\" decoding=\"async\" width=\"1024\" height=\"768\" data-attachment-id=\"36946\" data-permalink=\"https:\/\/pia-staehli.ch\/blog\/20260827_1543152\/\" data-orig-file=\"https:\/\/pia-staehli.ch\/blog\/wp-content\/uploads\/2026\/08\/20260827_1543152.jpg\" data-orig-size=\"4080,3060\" data-comments-opened=\"1\" data-image-title=\"20260827_154315~2\" data-image-description=\"\" data-image-caption=\"\" data-large-file=\"https:\/\/pia-staehli.ch\/blog\/wp-content\/uploads\/2026\/08\/20260827_1543152-1024x768.jpg\" src=\"https:\/\/pia-staehli.ch\/blog\/wp-content\/uploads\/2026\/08\/20260827_1543152-1024x768.jpg\" alt=\"\" class=\"wp-image-36946\" srcset=\"https:\/\/pia-staehli.ch\/blog\/wp-content\/uploads\/2026\/08\/20260827_1543152-1024x768.jpg 1024w, https:\/\/pia-staehli.ch\/blog\/wp-content\/uploads\/2026\/08\/20260827_1543152-300x225.jpg 300w, https:\/\/pia-staehli.ch\/blog\/wp-content\/uploads\/2026\/08\/20260827_1543152-768x576.jpg 768w, https:\/\/pia-staehli.ch\/blog\/wp-content\/uploads\/2026\/08\/20260827_1543152-1536x1152.jpg 1536w, https:\/\/pia-staehli.ch\/blog\/wp-content\/uploads\/2026\/08\/20260827_1543152-2048x1536.jpg 2048w\" sizes=\"auto, (max-width: 1024px) 100vw, 1024px\" \/><\/figure>\n\n\n\n<p class=\"wp-block-paragraph\">Dort laden einige B\u00e4nke zum Ausruhen und Geniessen der Aussicht ein.<\/p>\n\n\n\n<figure class=\"wp-block-image size-large\"><img loading=\"lazy\" decoding=\"async\" width=\"1024\" height=\"768\" data-attachment-id=\"36949\" data-permalink=\"https:\/\/pia-staehli.ch\/blog\/20260827_1542482\/\" data-orig-file=\"https:\/\/pia-staehli.ch\/blog\/wp-content\/uploads\/2026\/08\/20260827_1542482.jpg\" data-orig-size=\"4080,3060\" data-comments-opened=\"1\" data-image-title=\"20260827_154248~2\" data-image-description=\"\" data-image-caption=\"\" data-large-file=\"https:\/\/pia-staehli.ch\/blog\/wp-content\/uploads\/2026\/08\/20260827_1542482-1024x768.jpg\" src=\"https:\/\/pia-staehli.ch\/blog\/wp-content\/uploads\/2026\/08\/20260827_1542482-1024x768.jpg\" alt=\"\" class=\"wp-image-36949\" srcset=\"https:\/\/pia-staehli.ch\/blog\/wp-content\/uploads\/2026\/08\/20260827_1542482-1024x768.jpg 1024w, https:\/\/pia-staehli.ch\/blog\/wp-content\/uploads\/2026\/08\/20260827_1542482-300x225.jpg 300w, https:\/\/pia-staehli.ch\/blog\/wp-content\/uploads\/2026\/08\/20260827_1542482-768x576.jpg 768w, https:\/\/pia-staehli.ch\/blog\/wp-content\/uploads\/2026\/08\/20260827_1542482-1536x1152.jpg 1536w, https:\/\/pia-staehli.ch\/blog\/wp-content\/uploads\/2026\/08\/20260827_1542482-2048x1536.jpg 2048w\" sizes=\"auto, (max-width: 1024px) 100vw, 1024px\" \/><\/figure>\n\n\n\n<p class=\"wp-block-paragraph\">Hier befindet sich auch ein weiteres <a href=\"https:\/\/pia-staehli.ch\/blog\/2020\/07\/18\/kleine-weltreise\/\" data-type=\"post\" data-id=\"17839\">Wahrzeichen<\/a> der Stadt: der Asco-Brunnen. Dar\u00fcber habe ich bereits fr\u00fcher einmal geschrieben.<\/p>\n\n\n\n<figure class=\"wp-block-image size-large\"><img loading=\"lazy\" decoding=\"async\" width=\"1024\" height=\"643\" data-attachment-id=\"36952\" data-permalink=\"https:\/\/pia-staehli.ch\/blog\/20260827_1541192\/\" data-orig-file=\"https:\/\/pia-staehli.ch\/blog\/wp-content\/uploads\/2026\/08\/20260827_1541192.jpg\" data-orig-size=\"3938,2474\" data-comments-opened=\"1\" data-image-title=\"20260827_154119~2\" data-image-description=\"\" data-image-caption=\"\" data-large-file=\"https:\/\/pia-staehli.ch\/blog\/wp-content\/uploads\/2026\/08\/20260827_1541192-1024x643.jpg\" src=\"https:\/\/pia-staehli.ch\/blog\/wp-content\/uploads\/2026\/08\/20260827_1541192-1024x643.jpg\" alt=\"\" class=\"wp-image-36952\" srcset=\"https:\/\/pia-staehli.ch\/blog\/wp-content\/uploads\/2026\/08\/20260827_1541192-1024x643.jpg 1024w, https:\/\/pia-staehli.ch\/blog\/wp-content\/uploads\/2026\/08\/20260827_1541192-300x188.jpg 300w, https:\/\/pia-staehli.ch\/blog\/wp-content\/uploads\/2026\/08\/20260827_1541192-768x482.jpg 768w, https:\/\/pia-staehli.ch\/blog\/wp-content\/uploads\/2026\/08\/20260827_1541192-1536x965.jpg 1536w, https:\/\/pia-staehli.ch\/blog\/wp-content\/uploads\/2026\/08\/20260827_1541192-2048x1287.jpg 2048w\" sizes=\"auto, (max-width: 1024px) 100vw, 1024px\" \/><\/figure>\n\n\n\n<figure class=\"wp-block-image size-large\"><img loading=\"lazy\" decoding=\"async\" width=\"1024\" height=\"611\" data-attachment-id=\"36933\" data-permalink=\"https:\/\/pia-staehli.ch\/blog\/20260827_1550192\/\" data-orig-file=\"https:\/\/pia-staehli.ch\/blog\/wp-content\/uploads\/2026\/08\/20260827_1550192.jpg\" data-orig-size=\"4080,2433\" data-comments-opened=\"1\" data-image-title=\"20260827_155019~2\" data-image-description=\"\" data-image-caption=\"\" data-large-file=\"https:\/\/pia-staehli.ch\/blog\/wp-content\/uploads\/2026\/08\/20260827_1550192-1024x611.jpg\" src=\"https:\/\/pia-staehli.ch\/blog\/wp-content\/uploads\/2026\/08\/20260827_1550192-1024x611.jpg\" alt=\"\" class=\"wp-image-36933\" srcset=\"https:\/\/pia-staehli.ch\/blog\/wp-content\/uploads\/2026\/08\/20260827_1550192-1024x611.jpg 1024w, https:\/\/pia-staehli.ch\/blog\/wp-content\/uploads\/2026\/08\/20260827_1550192-300x179.jpg 300w, https:\/\/pia-staehli.ch\/blog\/wp-content\/uploads\/2026\/08\/20260827_1550192-768x458.jpg 768w, https:\/\/pia-staehli.ch\/blog\/wp-content\/uploads\/2026\/08\/20260827_1550192-1536x916.jpg 1536w, https:\/\/pia-staehli.ch\/blog\/wp-content\/uploads\/2026\/08\/20260827_1550192-2048x1221.jpg 2048w\" sizes=\"auto, (max-width: 1024px) 100vw, 1024px\" \/><\/figure>\n\n\n\n<p class=\"wp-block-paragraph\">An sch\u00f6nen Sommertagen trifft man hier viele Spazierg\u00e4nger und Erholungssuchende, die die grosse Wiese und die entspannte Atmosph\u00e4re geniessen.<\/p>\n\n\n\n<figure class=\"wp-block-image size-large\"><img loading=\"lazy\" decoding=\"async\" width=\"1024\" height=\"768\" data-attachment-id=\"36947\" data-permalink=\"https:\/\/pia-staehli.ch\/blog\/20260827_1543082\/\" data-orig-file=\"https:\/\/pia-staehli.ch\/blog\/wp-content\/uploads\/2026\/08\/20260827_1543082.jpg\" data-orig-size=\"4080,3060\" data-comments-opened=\"1\" data-image-title=\"20260827_154308~2\" data-image-description=\"\" data-image-caption=\"\" data-large-file=\"https:\/\/pia-staehli.ch\/blog\/wp-content\/uploads\/2026\/08\/20260827_1543082-1024x768.jpg\" src=\"https:\/\/pia-staehli.ch\/blog\/wp-content\/uploads\/2026\/08\/20260827_1543082-1024x768.jpg\" alt=\"\" class=\"wp-image-36947\" srcset=\"https:\/\/pia-staehli.ch\/blog\/wp-content\/uploads\/2026\/08\/20260827_1543082-1024x768.jpg 1024w, https:\/\/pia-staehli.ch\/blog\/wp-content\/uploads\/2026\/08\/20260827_1543082-300x225.jpg 300w, https:\/\/pia-staehli.ch\/blog\/wp-content\/uploads\/2026\/08\/20260827_1543082-768x576.jpg 768w, https:\/\/pia-staehli.ch\/blog\/wp-content\/uploads\/2026\/08\/20260827_1543082-1536x1152.jpg 1536w, https:\/\/pia-staehli.ch\/blog\/wp-content\/uploads\/2026\/08\/20260827_1543082-2048x1536.jpg 2048w\" sizes=\"auto, (max-width: 1024px) 100vw, 1024px\" \/><\/figure>\n\n\n\n<p class=\"wp-block-paragraph\">Bei diesem kleinen Baum muss ich immer an die ber\u00fchmte Zeder denken, die in vielen Reisef\u00fchrern bei Carmel-by-the-Sea entlang der Route Nummer 1 zwischen San Francisco und Los Angeles zu sehen ist. Nur das Meer ist bei uns deutlich ruhiger.<\/p>\n\n\n\n<figure class=\"wp-block-image size-large\"><img loading=\"lazy\" decoding=\"async\" width=\"1024\" height=\"768\" data-attachment-id=\"36951\" data-permalink=\"https:\/\/pia-staehli.ch\/blog\/20260827_1542162\/\" data-orig-file=\"https:\/\/pia-staehli.ch\/blog\/wp-content\/uploads\/2026\/08\/20260827_1542162.jpg\" data-orig-size=\"4000,3000\" data-comments-opened=\"1\" data-image-title=\"20260827_154216~2\" data-image-description=\"\" data-image-caption=\"\" data-large-file=\"https:\/\/pia-staehli.ch\/blog\/wp-content\/uploads\/2026\/08\/20260827_1542162-1024x768.jpg\" src=\"https:\/\/pia-staehli.ch\/blog\/wp-content\/uploads\/2026\/08\/20260827_1542162-1024x768.jpg\" alt=\"\" class=\"wp-image-36951\" srcset=\"https:\/\/pia-staehli.ch\/blog\/wp-content\/uploads\/2026\/08\/20260827_1542162-1024x768.jpg 1024w, https:\/\/pia-staehli.ch\/blog\/wp-content\/uploads\/2026\/08\/20260827_1542162-300x225.jpg 300w, https:\/\/pia-staehli.ch\/blog\/wp-content\/uploads\/2026\/08\/20260827_1542162-768x576.jpg 768w, https:\/\/pia-staehli.ch\/blog\/wp-content\/uploads\/2026\/08\/20260827_1542162-1536x1152.jpg 1536w, https:\/\/pia-staehli.ch\/blog\/wp-content\/uploads\/2026\/08\/20260827_1542162-2048x1536.jpg 2048w\" sizes=\"auto, (max-width: 1024px) 100vw, 1024px\" \/><\/figure>\n\n\n\n<p class=\"wp-block-paragraph\">Auch hier am Ufer hinterl\u00e4sst der Biber seine Spuren.<\/p>\n\n\n\n<figure class=\"wp-block-image size-large\"><img loading=\"lazy\" decoding=\"async\" width=\"768\" height=\"1024\" data-attachment-id=\"36943\" data-permalink=\"https:\/\/pia-staehli.ch\/blog\/20260827_1544232\/\" data-orig-file=\"https:\/\/pia-staehli.ch\/blog\/wp-content\/uploads\/2026\/08\/20260827_1544232.jpg\" data-orig-size=\"3000,4000\" data-comments-opened=\"1\" data-image-title=\"20260827_154423~2\" data-image-description=\"\" data-image-caption=\"\" data-large-file=\"https:\/\/pia-staehli.ch\/blog\/wp-content\/uploads\/2026\/08\/20260827_1544232-768x1024.jpg\" src=\"https:\/\/pia-staehli.ch\/blog\/wp-content\/uploads\/2026\/08\/20260827_1544232-768x1024.jpg\" alt=\"\" class=\"wp-image-36943\" srcset=\"https:\/\/pia-staehli.ch\/blog\/wp-content\/uploads\/2026\/08\/20260827_1544232-768x1024.jpg 768w, https:\/\/pia-staehli.ch\/blog\/wp-content\/uploads\/2026\/08\/20260827_1544232-225x300.jpg 225w, https:\/\/pia-staehli.ch\/blog\/wp-content\/uploads\/2026\/08\/20260827_1544232-1152x1536.jpg 1152w, https:\/\/pia-staehli.ch\/blog\/wp-content\/uploads\/2026\/08\/20260827_1544232-1536x2048.jpg 1536w\" sizes=\"auto, (max-width: 768px) 100vw, 768px\" \/><\/figure>\n\n\n\n<p class=\"wp-block-paragraph\">Am Anfang des Parks, auf der grossen Wiese, stehen die Bronzeskulpturen des K\u00fcnstlers Kurt Laurenz Metzler. Sie geh\u00f6ren zu den beliebtesten Fotomotiven und sind f\u00fcr viele Besucher ein weiterer Grund, an den sch\u00f6nen Bodensee zu kommen.<\/p>\n\n\n\n<figure class=\"wp-block-image size-large\"><img loading=\"lazy\" decoding=\"async\" width=\"1024\" height=\"670\" data-attachment-id=\"36937\" data-permalink=\"https:\/\/pia-staehli.ch\/blog\/20260827_1547442\/\" data-orig-file=\"https:\/\/pia-staehli.ch\/blog\/wp-content\/uploads\/2026\/08\/20260827_1547442.jpg\" data-orig-size=\"4080,2670\" data-comments-opened=\"1\" data-image-title=\"20260827_154744~2\" data-image-description=\"\" data-image-caption=\"\" data-large-file=\"https:\/\/pia-staehli.ch\/blog\/wp-content\/uploads\/2026\/08\/20260827_1547442-1024x670.jpg\" src=\"https:\/\/pia-staehli.ch\/blog\/wp-content\/uploads\/2026\/08\/20260827_1547442-1024x670.jpg\" alt=\"\" class=\"wp-image-36937\" srcset=\"https:\/\/pia-staehli.ch\/blog\/wp-content\/uploads\/2026\/08\/20260827_1547442-1024x670.jpg 1024w, https:\/\/pia-staehli.ch\/blog\/wp-content\/uploads\/2026\/08\/20260827_1547442-300x196.jpg 300w, https:\/\/pia-staehli.ch\/blog\/wp-content\/uploads\/2026\/08\/20260827_1547442-768x503.jpg 768w, https:\/\/pia-staehli.ch\/blog\/wp-content\/uploads\/2026\/08\/20260827_1547442-1536x1005.jpg 1536w, https:\/\/pia-staehli.ch\/blog\/wp-content\/uploads\/2026\/08\/20260827_1547442-2048x1340.jpg 2048w\" sizes=\"auto, (max-width: 1024px) 100vw, 1024px\" \/><\/figure>\n\n\n\n<p class=\"wp-block-paragraph\">Auf dem n\u00e4chsten Bild sieht man eindr\u00fccklich, wie tief der Wasserstand zurzeit ist.<\/p>\n\n\n\n<figure class=\"wp-block-image size-large\"><img loading=\"lazy\" decoding=\"async\" width=\"1024\" height=\"768\" data-attachment-id=\"36938\" data-permalink=\"https:\/\/pia-staehli.ch\/blog\/20260827_1546283\/\" data-orig-file=\"https:\/\/pia-staehli.ch\/blog\/wp-content\/uploads\/2026\/08\/20260827_1546283.jpg\" data-orig-size=\"3095,2321\" data-comments-opened=\"1\" data-image-title=\"20260827_154628~3\" data-image-description=\"\" data-image-caption=\"\" data-large-file=\"https:\/\/pia-staehli.ch\/blog\/wp-content\/uploads\/2026\/08\/20260827_1546283-1024x768.jpg\" src=\"https:\/\/pia-staehli.ch\/blog\/wp-content\/uploads\/2026\/08\/20260827_1546283-1024x768.jpg\" alt=\"\" class=\"wp-image-36938\" srcset=\"https:\/\/pia-staehli.ch\/blog\/wp-content\/uploads\/2026\/08\/20260827_1546283-1024x768.jpg 1024w, https:\/\/pia-staehli.ch\/blog\/wp-content\/uploads\/2026\/08\/20260827_1546283-300x225.jpg 300w, https:\/\/pia-staehli.ch\/blog\/wp-content\/uploads\/2026\/08\/20260827_1546283-768x576.jpg 768w, https:\/\/pia-staehli.ch\/blog\/wp-content\/uploads\/2026\/08\/20260827_1546283-1536x1152.jpg 1536w, https:\/\/pia-staehli.ch\/blog\/wp-content\/uploads\/2026\/08\/20260827_1546283-2048x1536.jpg 2048w\" sizes=\"auto, (max-width: 1024px) 100vw, 1024px\" \/><\/figure>\n\n\n\n<p class=\"wp-block-paragraph\">Weiter bin ich an diesem Tag nicht mehr spaziert. Den angrenzenden Park besuche ich n\u00e4mlich jeden Monat, um von meinem festen <a href=\"https:\/\/pia-staehli.ch\/blog\/2026\/07\/30\/mein-juli-2026-und-12tel-blick\/\" data-type=\"post\" data-id=\"36626\">Standort<\/a> aus ein Foto aufzunehmen und die Ver\u00e4nderungen im Jahresverlauf festzuhalten.<\/p>\n\n\n\n<figure class=\"wp-block-image size-large\"><img loading=\"lazy\" decoding=\"async\" width=\"1024\" height=\"645\" data-attachment-id=\"36954\" data-permalink=\"https:\/\/pia-staehli.ch\/blog\/20260827_1526222\/\" data-orig-file=\"https:\/\/pia-staehli.ch\/blog\/wp-content\/uploads\/2026\/08\/20260827_1526222.jpg\" data-orig-size=\"3955,2491\" data-comments-opened=\"1\" data-image-title=\"20260827_152622~2\" data-image-description=\"\" data-image-caption=\"\" data-large-file=\"https:\/\/pia-staehli.ch\/blog\/wp-content\/uploads\/2026\/08\/20260827_1526222-1024x645.jpg\" src=\"https:\/\/pia-staehli.ch\/blog\/wp-content\/uploads\/2026\/08\/20260827_1526222-1024x645.jpg\" alt=\"\" class=\"wp-image-36954\" srcset=\"https:\/\/pia-staehli.ch\/blog\/wp-content\/uploads\/2026\/08\/20260827_1526222-1024x645.jpg 1024w, https:\/\/pia-staehli.ch\/blog\/wp-content\/uploads\/2026\/08\/20260827_1526222-300x189.jpg 300w, https:\/\/pia-staehli.ch\/blog\/wp-content\/uploads\/2026\/08\/20260827_1526222-768x484.jpg 768w, https:\/\/pia-staehli.ch\/blog\/wp-content\/uploads\/2026\/08\/20260827_1526222-1536x967.jpg 1536w, https:\/\/pia-staehli.ch\/blog\/wp-content\/uploads\/2026\/08\/20260827_1526222-2048x1290.jpg 2048w\" sizes=\"auto, (max-width: 1024px) 100vw, 1024px\" \/><\/figure>\n\n\n\n<p class=\"wp-block-paragraph\"><a href=\"https:\/\/www.czoczo.de\/gute-stube\/\" data-type=\"link\" data-id=\"https:\/\/www.czoczo.de\/gute-stube\/\">Natur Donnerstag<\/a>, <a href=\"https:\/\/fraufrieda.blogspot.com\/\" data-type=\"link\" data-id=\"https:\/\/fraufrieda.blogspot.com\/\">Plausch am Gartenzaun<\/a>, <a href=\"https:\/\/galeria-himmelsblick.blogspot.com\/\" data-type=\"link\" data-id=\"https:\/\/galeria-himmelsblick.blogspot.com\/\">Himmelsblicke<\/a>, <a href=\"https:\/\/www.augensternswelt.de\/gluecks-momente-linkparty-2026-mein-start-im-januar\/\" data-type=\"link\" data-id=\"https:\/\/www.augensternswelt.de\/gluecks-momente-linkparty-2026-mein-start-im-januar\/\">Gl\u00fccksmomente<\/a>, <a href=\"https:\/\/lemondedekitchi.blogspot.com\/2026\/08\/mein-freund-der-baum-die-gemeine-fichte.html\" data-type=\"link\" data-id=\"https:\/\/lemondedekitchi.blogspot.com\/2026\/08\/mein-freund-der-baum-die-gemeine-fichte.html\">Mein Freund der Baum<\/a>, <a href=\"https:\/\/niwibo.blogspot.com\/2026\/08\/niwibo-sucht-bunt-im-september.html\" data-type=\"link\" data-id=\"https:\/\/niwibo.blogspot.com\/2026\/08\/niwibo-sucht-bunt-im-september.html\">Bunt bei Nicole<\/a>, <a href=\"https:\/\/karminrot-blog.de\/\" data-type=\"link\" data-id=\"https:\/\/karminrot-blog.de\/\">Samstagplausch<\/a>, <a href=\"https:\/\/3hefecit.eu\/\" data-type=\"link\" data-id=\"https:\/\/3hefecit.eu\/\">Monatsspaziergang<\/a>.<\/p>\n","protected":false},"excerpt":{"rendered":"<p>Heute nehme ich euch mit an unsere Riviera. An sch\u00f6nen Sommertagen, von denen es diesen Sommer viele gab, zieht es zahlreiche Ausfl\u00fcgler an unser Seeufer. Viele meiner Besucherinnen und Besucher kennen bereits meinen Lieblingsgsplatz am See. Er liegt an einer kleinen Bucht neben dem Naturschutzgebiet. Dort ist es meist ruhiger und es hat deutlich weniger &hellip; <a href=\"https:\/\/pia-staehli.ch\/blog\/2026\/09\/03\/an-der-riviera\/\" class=\"more-link\"><span class=\"screen-reader-text\">An der Riviera!<\/span> weiterlesen <span class=\"meta-nav\">&rarr;<\/span><\/a><\/p>\n","protected":false},"author":2,"featured_media":0,"comment_status":"open","ping_status":"open","sticky":false,"template":"","format":"standard","meta":{"_bbp_topic_count":0,"_bbp_reply_count":0,"_bbp_total_topic_count":0,"_bbp_total_reply_count":0,"_bbp_voice_count":0,"_bbp_anonymous_reply_count":0,"_bbp_topic_count_hidden":0,"_bbp_reply_count_hidden":0,"_bbp_forum_subforum_count":0,"ngg_post_thumbnail":0,"_jetpack_newsletter_access":"","_jetpack_dont_email_post_to_subs":false,"_jetpack_newsletter_tier_id":0,"_jetpack_memberships_contains_paywalled_content":false,"_jetpack_feature_clip_id":0,"_jetpack_memberships_contains_paid_content":false,"footnotes":"","jetpack_publicize_message":"","jetpack_publicize_feature_enabled":true,"jetpack_social_post_already_shared":true,"jetpack_social_options":{"image_generator_settings":{"template":"highway","default_image_id":0,"font":"","enabled":false},"version":2},"jetpack_post_was_ever_published":false},"categories":[13,16],"tags":[],"class_list":["post-36959","post","type-post","status-publish","format-standard","hentry","category-natur","category-projekt"],"jetpack_publicize_connections":[],"jetpack_sharing_enabled":true,"jetpack_shortlink":"https:\/\/wp.me\/p4c1fj-9C7","jetpack_featured_media_url":"","_links":{"self":[{"href":"https:\/\/pia-staehli.ch\/blog\/wp-json\/wp\/v2\/posts\/36959","targetHints":{"allow":["GET"]}}],"collection":[{"href":"https:\/\/pia-staehli.ch\/blog\/wp-json\/wp\/v2\/posts"}],"about":[{"href":"https:\/\/pia-staehli.ch\/blog\/wp-json\/wp\/v2\/types\/post"}],"author":[{"embeddable":true,"href":"https:\/\/pia-staehli.ch\/blog\/wp-json\/wp\/v2\/users\/2"}],"replies":[{"embeddable":true,"href":"https:\/\/pia-staehli.ch\/blog\/wp-json\/wp\/v2\/comments?post=36959"}],"version-history":[{"count":6,"href":"https:\/\/pia-staehli.ch\/blog\/wp-json\/wp\/v2\/posts\/36959\/revisions"}],"predecessor-version":[{"id":36970,"href":"https:\/\/pia-staehli.ch\/blog\/wp-json\/wp\/v2\/posts\/36959\/revisions\/36970"}],"wp:attachment":[{"href":"https:\/\/pia-staehli.ch\/blog\/wp-json\/wp\/v2\/media?parent=36959"}],"wp:term":[{"taxonomy":"category","embeddable":true,"href":"https:\/\/pia-staehli.ch\/blog\/wp-json\/wp\/v2\/categories?post=36959"},{"taxonomy":"post_tag","embeddable":true,"href":"https:\/\/pia-staehli.ch\/blog\/wp-json\/wp\/v2\/tags?post=36959"}],"curies":[{"name":"wp","href":"https:\/\/api.w.org\/{rel}","templated":true}]}}