{"id":26504,"date":"2022-09-27T13:29:40","date_gmt":"2022-09-27T12:29:40","guid":{"rendered":"https:\/\/pia-staehli.ch\/blog\/?p=26504"},"modified":"2022-10-01T07:21:03","modified_gmt":"2022-10-01T06:21:03","slug":"mein-september-3","status":"publish","type":"post","link":"https:\/\/pia-staehli.ch\/blog\/2022\/09\/27\/mein-september-3\/","title":{"rendered":"Mein September"},"content":{"rendered":"\n<p class=\"wp-block-paragraph\">Mein September war einfach nur sch\u00f6n! Kaum zu Hause von unseren <a href=\"https:\/\/pia-staehli.ch\/blog\/2022\/08\/29\/mein-august-2\/\" data-type=\"post\" data-id=\"26097\">Ferien<\/a> in Dresden, war die Enkelin bei uns in den Ferien. Sie verbrachte viel Zeit mit ihrem Grosspapi im Garten, was beide sehr genossen. Weil es schon etwas k\u00fchler ist, n\u00e4hte ich ihr lang\u00e4rmlige Shirts. Im Garten bl\u00fcht es jetzt so wunderbar farbig und auch die verbl\u00fchten Pflanzen haben ihren Reiz. Auf die frei gewordenen Beete s\u00e4ten wir Feldsalat oder Gr\u00fcnd\u00fcngung. Die Flosse auf den Weihern in der Umgebung und im See geh\u00f6ren wieder den Enten mit ihren Jungen und den M\u00f6wen. Gerade rechtzeitig als es zu Hause k\u00e4lter wurde, reisten wir ans Meer und verl\u00e4ngern so den Sommer und geniessen die Sonne, den Strand und das Meer, was will man mehr!<\/p>\n\n\n\n<div class=\"wp-block-jetpack-tiled-gallery aligncenter is-style-rectangular\"><div class=\"tiled-gallery__gallery\"><div class=\"tiled-gallery__row\"><div class=\"tiled-gallery__col\" style=\"flex-basis:71.32627%\"><figure class=\"tiled-gallery__item\"><img decoding=\"async\" data-attachment-id=\"26525\" data-permalink=\"https:\/\/pia-staehli.ch\/blog\/2022\/09\/27\/mein-september-3\/p1163660\/\" data-orig-file=\"https:\/\/pia-staehli.ch\/blog\/wp-content\/uploads\/2022\/09\/P1163660-scaled.jpg\" data-orig-size=\"2292,2560\" data-comments-opened=\"1\" data-image-title=\"P1163660\" data-image-description=\"\" data-image-caption=\"\" data-large-file=\"https:\/\/pia-staehli.ch\/blog\/wp-content\/uploads\/2022\/09\/P1163660-917x1024.jpg\" role=\"button\" tabindex=\"0\" aria-label=\"Bild\u00a01 von 12 im Vollbildmodus \u00f6ffnen\" srcset=\"https:\/\/i0.wp.com\/pia-staehli.ch\/blog\/wp-content\/uploads\/2022\/09\/P1163660-917x1024.jpg?strip=info&#038;w=600&#038;ssl=1 600w,https:\/\/i0.wp.com\/pia-staehli.ch\/blog\/wp-content\/uploads\/2022\/09\/P1163660-917x1024.jpg?strip=info&#038;w=900&#038;ssl=1 900w,https:\/\/i0.wp.com\/pia-staehli.ch\/blog\/wp-content\/uploads\/2022\/09\/P1163660-917x1024.jpg?strip=info&#038;w=917&#038;ssl=1 917w\" alt=\"\" data-height=\"2560\" data-id=\"26525\" data-link=\"https:\/\/pia-staehli.ch\/blog\/?attachment_id=26525\" data-url=\"https:\/\/pia-staehli.ch\/blog\/wp-content\/uploads\/2022\/09\/P1163660-917x1024.jpg\" data-width=\"2292\" src=\"https:\/\/i0.wp.com\/pia-staehli.ch\/blog\/wp-content\/uploads\/2022\/09\/P1163660-917x1024.jpg?ssl=1\" data-amp-layout=\"responsive\"\/><\/figure><\/div><div class=\"tiled-gallery__col\" style=\"flex-basis:28.67373%\"><figure class=\"tiled-gallery__item\"><img decoding=\"async\" data-attachment-id=\"26453\" data-permalink=\"https:\/\/pia-staehli.ch\/blog\/img_1512-1\/\" data-orig-file=\"https:\/\/pia-staehli.ch\/blog\/wp-content\/uploads\/2022\/09\/img_1512-1.jpg\" data-orig-size=\"\" data-comments-opened=\"1\" data-image-title=\"img_1512-1\" data-image-description=\"\" data-image-caption=\"\" data-large-file=\"https:\/\/pia-staehli.ch\/blog\/wp-content\/uploads\/2022\/09\/img_1512-1.jpg\" alt=\"\" data-id=\"26453\" data-link=\"https:\/\/pia-staehli.ch\/blog\/img_1512-1\/\" data-url=\"https:\/\/pia-staehli.ch\/blog\/wp-content\/uploads\/2022\/09\/img_1512-1.jpg\" src=\"https:\/\/pia-staehli.ch\/blog\/wp-content\/uploads\/2022\/09\/img_1512-1.jpg\" data-amp-layout=\"responsive\"\/><\/figure><figure class=\"tiled-gallery__item\"><img decoding=\"async\" data-attachment-id=\"26463\" data-permalink=\"https:\/\/pia-staehli.ch\/blog\/img_1581\/\" data-orig-file=\"https:\/\/pia-staehli.ch\/blog\/wp-content\/uploads\/2022\/09\/img_1581.jpg\" data-orig-size=\"\" data-comments-opened=\"1\" data-image-title=\"img_1581\" data-image-description=\"\" data-image-caption=\"\" data-large-file=\"https:\/\/pia-staehli.ch\/blog\/wp-content\/uploads\/2022\/09\/img_1581.jpg\" alt=\"\" data-id=\"26463\" data-link=\"https:\/\/pia-staehli.ch\/blog\/img_1581\/\" data-url=\"https:\/\/pia-staehli.ch\/blog\/wp-content\/uploads\/2022\/09\/img_1581.jpg\" src=\"https:\/\/pia-staehli.ch\/blog\/wp-content\/uploads\/2022\/09\/img_1581.jpg\" data-amp-layout=\"responsive\"\/><\/figure><figure class=\"tiled-gallery__item\"><img decoding=\"async\" data-attachment-id=\"26513\" data-permalink=\"https:\/\/pia-staehli.ch\/blog\/2022\/09\/27\/mein-september-3\/p1163638\/\" data-orig-file=\"https:\/\/pia-staehli.ch\/blog\/wp-content\/uploads\/2022\/09\/P1163638-scaled.jpg\" data-orig-size=\"2560,1920\" data-comments-opened=\"1\" data-image-title=\"P1163638\" data-image-description=\"\" data-image-caption=\"\" data-large-file=\"https:\/\/pia-staehli.ch\/blog\/wp-content\/uploads\/2022\/09\/P1163638-1024x768.jpg\" role=\"button\" tabindex=\"0\" aria-label=\"Bild\u00a02 von 12 im Vollbildmodus \u00f6ffnen\" srcset=\"https:\/\/i0.wp.com\/pia-staehli.ch\/blog\/wp-content\/uploads\/2022\/09\/P1163638-1024x768.jpg?strip=info&#038;w=600&#038;ssl=1 600w,https:\/\/i0.wp.com\/pia-staehli.ch\/blog\/wp-content\/uploads\/2022\/09\/P1163638-1024x768.jpg?strip=info&#038;w=900&#038;ssl=1 900w,https:\/\/i0.wp.com\/pia-staehli.ch\/blog\/wp-content\/uploads\/2022\/09\/P1163638-1024x768.jpg?strip=info&#038;w=1024&#038;ssl=1 1024w\" alt=\"\" data-height=\"1920\" data-id=\"26513\" data-link=\"https:\/\/pia-staehli.ch\/blog\/?attachment_id=26513\" data-url=\"https:\/\/pia-staehli.ch\/blog\/wp-content\/uploads\/2022\/09\/P1163638-1024x768.jpg\" data-width=\"2560\" src=\"https:\/\/i0.wp.com\/pia-staehli.ch\/blog\/wp-content\/uploads\/2022\/09\/P1163638-1024x768.jpg?ssl=1\" data-amp-layout=\"responsive\"\/><\/figure><\/div><\/div><div class=\"tiled-gallery__row\"><div class=\"tiled-gallery__col\" style=\"flex-basis:63.80926%\"><figure class=\"tiled-gallery__item\"><img decoding=\"async\" data-attachment-id=\"26452\" data-permalink=\"https:\/\/pia-staehli.ch\/blog\/img_1523-1\/\" data-orig-file=\"https:\/\/pia-staehli.ch\/blog\/wp-content\/uploads\/2022\/09\/img_1523-1.jpg\" data-orig-size=\"\" data-comments-opened=\"1\" data-image-title=\"img_1523-1\" data-image-description=\"\" data-image-caption=\"\" data-large-file=\"https:\/\/pia-staehli.ch\/blog\/wp-content\/uploads\/2022\/09\/img_1523-1.jpg\" alt=\"\" data-id=\"26452\" data-link=\"https:\/\/pia-staehli.ch\/blog\/img_1523-1\/\" data-url=\"https:\/\/pia-staehli.ch\/blog\/wp-content\/uploads\/2022\/09\/img_1523-1.jpg\" src=\"https:\/\/pia-staehli.ch\/blog\/wp-content\/uploads\/2022\/09\/img_1523-1.jpg\" data-amp-layout=\"responsive\"\/><\/figure><\/div><div class=\"tiled-gallery__col\" style=\"flex-basis:36.19074%\"><figure class=\"tiled-gallery__item\"><img decoding=\"async\" data-attachment-id=\"26462\" data-permalink=\"https:\/\/pia-staehli.ch\/blog\/img_1561\/\" data-orig-file=\"https:\/\/pia-staehli.ch\/blog\/wp-content\/uploads\/2022\/09\/img_1561.jpg\" data-orig-size=\"\" data-comments-opened=\"1\" data-image-title=\"img_1561\" data-image-description=\"\" data-image-caption=\"\" data-large-file=\"https:\/\/pia-staehli.ch\/blog\/wp-content\/uploads\/2022\/09\/img_1561.jpg\" alt=\"\" data-id=\"26462\" data-link=\"https:\/\/pia-staehli.ch\/blog\/img_1561\/\" data-url=\"https:\/\/pia-staehli.ch\/blog\/wp-content\/uploads\/2022\/09\/img_1561.jpg\" src=\"https:\/\/pia-staehli.ch\/blog\/wp-content\/uploads\/2022\/09\/img_1561.jpg\" data-amp-layout=\"responsive\"\/><\/figure><figure class=\"tiled-gallery__item\"><img decoding=\"async\" data-attachment-id=\"26509\" data-permalink=\"https:\/\/pia-staehli.ch\/blog\/2022\/09\/27\/mein-september-3\/p1163631\/\" data-orig-file=\"https:\/\/pia-staehli.ch\/blog\/wp-content\/uploads\/2022\/09\/P1163631-scaled.jpg\" data-orig-size=\"2560,1920\" data-comments-opened=\"1\" data-image-title=\"P1163631\" data-image-description=\"\" data-image-caption=\"\" data-large-file=\"https:\/\/pia-staehli.ch\/blog\/wp-content\/uploads\/2022\/09\/P1163631-1024x768.jpg\" role=\"button\" tabindex=\"0\" aria-label=\"Bild\u00a03 von 12 im Vollbildmodus \u00f6ffnen\" srcset=\"https:\/\/i1.wp.com\/pia-staehli.ch\/blog\/wp-content\/uploads\/2022\/09\/P1163631-1024x768.jpg?strip=info&#038;w=600&#038;ssl=1 600w,https:\/\/i1.wp.com\/pia-staehli.ch\/blog\/wp-content\/uploads\/2022\/09\/P1163631-1024x768.jpg?strip=info&#038;w=900&#038;ssl=1 900w,https:\/\/i1.wp.com\/pia-staehli.ch\/blog\/wp-content\/uploads\/2022\/09\/P1163631-1024x768.jpg?strip=info&#038;w=1024&#038;ssl=1 1024w\" alt=\"\" data-height=\"1920\" data-id=\"26509\" data-link=\"https:\/\/pia-staehli.ch\/blog\/?attachment_id=26509\" data-url=\"https:\/\/pia-staehli.ch\/blog\/wp-content\/uploads\/2022\/09\/P1163631-1024x768.jpg\" data-width=\"2560\" src=\"https:\/\/i1.wp.com\/pia-staehli.ch\/blog\/wp-content\/uploads\/2022\/09\/P1163631-1024x768.jpg?ssl=1\" data-amp-layout=\"responsive\"\/><\/figure><\/div><\/div><div class=\"tiled-gallery__row\"><div class=\"tiled-gallery__col\" style=\"flex-basis:35.22187%\"><figure class=\"tiled-gallery__item\"><img decoding=\"async\" data-attachment-id=\"26526\" data-permalink=\"https:\/\/pia-staehli.ch\/blog\/2022\/09\/27\/mein-september-3\/p1163669\/\" data-orig-file=\"https:\/\/pia-staehli.ch\/blog\/wp-content\/uploads\/2022\/09\/P1163669-scaled.jpg\" data-orig-size=\"2560,1989\" data-comments-opened=\"1\" data-image-title=\"P1163669\" data-image-description=\"\" data-image-caption=\"\" data-large-file=\"https:\/\/pia-staehli.ch\/blog\/wp-content\/uploads\/2022\/09\/P1163669-1024x796.jpg\" role=\"button\" tabindex=\"0\" aria-label=\"Bild\u00a04 von 12 im Vollbildmodus \u00f6ffnen\" srcset=\"https:\/\/i0.wp.com\/pia-staehli.ch\/blog\/wp-content\/uploads\/2022\/09\/P1163669-1024x796.jpg?strip=info&#038;w=600&#038;ssl=1 600w,https:\/\/i0.wp.com\/pia-staehli.ch\/blog\/wp-content\/uploads\/2022\/09\/P1163669-1024x796.jpg?strip=info&#038;w=900&#038;ssl=1 900w,https:\/\/i0.wp.com\/pia-staehli.ch\/blog\/wp-content\/uploads\/2022\/09\/P1163669-1024x796.jpg?strip=info&#038;w=1024&#038;ssl=1 1024w\" alt=\"\" data-height=\"1989\" data-id=\"26526\" data-link=\"https:\/\/pia-staehli.ch\/blog\/?attachment_id=26526\" data-url=\"https:\/\/pia-staehli.ch\/blog\/wp-content\/uploads\/2022\/09\/P1163669-1024x796.jpg\" data-width=\"2560\" src=\"https:\/\/i0.wp.com\/pia-staehli.ch\/blog\/wp-content\/uploads\/2022\/09\/P1163669-1024x796.jpg?ssl=1\" data-amp-layout=\"responsive\"\/><\/figure><figure class=\"tiled-gallery__item\"><img decoding=\"async\" data-attachment-id=\"26474\" data-permalink=\"https:\/\/pia-staehli.ch\/blog\/img_1397-1\/\" data-orig-file=\"https:\/\/pia-staehli.ch\/blog\/wp-content\/uploads\/2022\/09\/img_1397-1.jpg\" data-orig-size=\"\" data-comments-opened=\"1\" data-image-title=\"img_1397-1\" data-image-description=\"\" data-image-caption=\"\" data-large-file=\"https:\/\/pia-staehli.ch\/blog\/wp-content\/uploads\/2022\/09\/img_1397-1.jpg\" alt=\"\" data-id=\"26474\" data-link=\"https:\/\/pia-staehli.ch\/blog\/img_1397-1\/\" data-url=\"https:\/\/pia-staehli.ch\/blog\/wp-content\/uploads\/2022\/09\/img_1397-1.jpg\" src=\"https:\/\/pia-staehli.ch\/blog\/wp-content\/uploads\/2022\/09\/img_1397-1.jpg\" data-amp-layout=\"responsive\"\/><\/figure><figure class=\"tiled-gallery__item\"><img decoding=\"async\" data-attachment-id=\"26533\" data-permalink=\"https:\/\/pia-staehli.ch\/blog\/2022\/09\/27\/mein-september-3\/p1163679\/\" data-orig-file=\"https:\/\/pia-staehli.ch\/blog\/wp-content\/uploads\/2022\/09\/P1163679-scaled.jpg\" data-orig-size=\"2560,1653\" data-comments-opened=\"1\" data-image-title=\"P1163679\" data-image-description=\"\" data-image-caption=\"\" data-large-file=\"https:\/\/pia-staehli.ch\/blog\/wp-content\/uploads\/2022\/09\/P1163679-1024x661.jpg\" role=\"button\" tabindex=\"0\" aria-label=\"Bild\u00a05 von 12 im Vollbildmodus \u00f6ffnen\" srcset=\"https:\/\/i1.wp.com\/pia-staehli.ch\/blog\/wp-content\/uploads\/2022\/09\/P1163679-1024x661.jpg?strip=info&#038;w=600&#038;ssl=1 600w,https:\/\/i1.wp.com\/pia-staehli.ch\/blog\/wp-content\/uploads\/2022\/09\/P1163679-1024x661.jpg?strip=info&#038;w=900&#038;ssl=1 900w,https:\/\/i1.wp.com\/pia-staehli.ch\/blog\/wp-content\/uploads\/2022\/09\/P1163679-1024x661.jpg?strip=info&#038;w=1024&#038;ssl=1 1024w\" alt=\"\" data-height=\"1653\" data-id=\"26533\" data-link=\"https:\/\/pia-staehli.ch\/blog\/?attachment_id=26533\" data-url=\"https:\/\/pia-staehli.ch\/blog\/wp-content\/uploads\/2022\/09\/P1163679-1024x661.jpg\" data-width=\"2560\" src=\"https:\/\/i1.wp.com\/pia-staehli.ch\/blog\/wp-content\/uploads\/2022\/09\/P1163679-1024x661.jpg?ssl=1\" data-amp-layout=\"responsive\"\/><\/figure><\/div><div class=\"tiled-gallery__col\" style=\"flex-basis:64.77813%\"><figure class=\"tiled-gallery__item\"><img decoding=\"async\" data-attachment-id=\"26538\" data-permalink=\"https:\/\/pia-staehli.ch\/blog\/2022\/09\/27\/mein-september-3\/p1163796\/\" data-orig-file=\"https:\/\/pia-staehli.ch\/blog\/wp-content\/uploads\/2022\/09\/P1163796-scaled.jpg\" data-orig-size=\"1920,2560\" data-comments-opened=\"1\" data-image-title=\"P1163796\" data-image-description=\"\" data-image-caption=\"\" data-large-file=\"https:\/\/pia-staehli.ch\/blog\/wp-content\/uploads\/2022\/09\/P1163796-768x1024.jpg\" role=\"button\" tabindex=\"0\" aria-label=\"Bild\u00a06 von 12 im Vollbildmodus \u00f6ffnen\" srcset=\"https:\/\/i0.wp.com\/pia-staehli.ch\/blog\/wp-content\/uploads\/2022\/09\/P1163796-768x1024.jpg?strip=info&#038;w=600&#038;ssl=1 600w,https:\/\/i0.wp.com\/pia-staehli.ch\/blog\/wp-content\/uploads\/2022\/09\/P1163796-768x1024.jpg?strip=info&#038;w=768&#038;ssl=1 768w\" alt=\"\" data-height=\"2560\" data-id=\"26538\" data-link=\"https:\/\/pia-staehli.ch\/blog\/?attachment_id=26538\" data-url=\"https:\/\/pia-staehli.ch\/blog\/wp-content\/uploads\/2022\/09\/P1163796-768x1024.jpg\" data-width=\"1920\" src=\"https:\/\/i0.wp.com\/pia-staehli.ch\/blog\/wp-content\/uploads\/2022\/09\/P1163796-768x1024.jpg?ssl=1\" data-amp-layout=\"responsive\"\/><\/figure><\/div><\/div><div class=\"tiled-gallery__row\"><div class=\"tiled-gallery__col\" style=\"flex-basis:100.00000%\"><figure class=\"tiled-gallery__item\"><img decoding=\"async\" data-attachment-id=\"26541\" data-permalink=\"https:\/\/pia-staehli.ch\/blog\/2022\/09\/27\/mein-september-3\/p1163813\/\" data-orig-file=\"https:\/\/pia-staehli.ch\/blog\/wp-content\/uploads\/2022\/09\/P1163813-scaled.jpg\" data-orig-size=\"2560,1920\" data-comments-opened=\"1\" data-image-title=\"P1163813\" data-image-description=\"\" data-image-caption=\"\" data-large-file=\"https:\/\/pia-staehli.ch\/blog\/wp-content\/uploads\/2022\/09\/P1163813-1024x768.jpg\" role=\"button\" tabindex=\"0\" aria-label=\"Bild\u00a07 von 12 im Vollbildmodus \u00f6ffnen\" srcset=\"https:\/\/i0.wp.com\/pia-staehli.ch\/blog\/wp-content\/uploads\/2022\/09\/P1163813-1024x768.jpg?strip=info&#038;w=600&#038;ssl=1 600w,https:\/\/i0.wp.com\/pia-staehli.ch\/blog\/wp-content\/uploads\/2022\/09\/P1163813-1024x768.jpg?strip=info&#038;w=900&#038;ssl=1 900w,https:\/\/i0.wp.com\/pia-staehli.ch\/blog\/wp-content\/uploads\/2022\/09\/P1163813-1024x768.jpg?strip=info&#038;w=1024&#038;ssl=1 1024w\" alt=\"\" data-height=\"1920\" data-id=\"26541\" data-link=\"https:\/\/pia-staehli.ch\/blog\/?attachment_id=26541\" data-url=\"https:\/\/pia-staehli.ch\/blog\/wp-content\/uploads\/2022\/09\/P1163813-1024x768.jpg\" data-width=\"2560\" src=\"https:\/\/i0.wp.com\/pia-staehli.ch\/blog\/wp-content\/uploads\/2022\/09\/P1163813-1024x768.jpg?ssl=1\" data-amp-layout=\"responsive\"\/><\/figure><\/div><\/div><\/div><\/div>\n\n\n\n<h2 class=\"wp-block-heading\">12tel Blick September<\/h2>\n\n\n\n<p class=\"is-style-solid-color wp-block-paragraph\">Auch wenn es auf dem Bild nicht nach viel Ver\u00e4nderung aussieht (ich habe das Foto noch schnell vor unserer Abreise gemacht), sind die Panoramafenster bereits eingebaut und die Flachd\u00e4cher auch schon fertig. Dass man den zweiten Block von meinem Standpunkt aus nicht mehr sieht, h\u00e4tte ich nicht gedacht als ich noch vor der Baugrube stand.<br><\/p>\n\n\n\n<figure class=\"wp-block-image size-large\"><img loading=\"lazy\" decoding=\"async\" width=\"1024\" height=\"768\" data-attachment-id=\"26529\" data-permalink=\"https:\/\/pia-staehli.ch\/blog\/2022\/09\/27\/mein-september-3\/p1163677\/\" data-orig-file=\"https:\/\/pia-staehli.ch\/blog\/wp-content\/uploads\/2022\/09\/P1163677-scaled.jpg\" data-orig-size=\"2560,1920\" data-comments-opened=\"1\" data-image-title=\"P1163677\" data-image-description=\"\" data-image-caption=\"\" data-large-file=\"https:\/\/pia-staehli.ch\/blog\/wp-content\/uploads\/2022\/09\/P1163677-1024x768.jpg\" src=\"https:\/\/pia-staehli.ch\/blog\/wp-content\/uploads\/2022\/09\/P1163677-1024x768.jpg\" alt=\"\" class=\"wp-image-26529\" srcset=\"https:\/\/pia-staehli.ch\/blog\/wp-content\/uploads\/2022\/09\/P1163677-1024x768.jpg 1024w, https:\/\/pia-staehli.ch\/blog\/wp-content\/uploads\/2022\/09\/P1163677-300x225.jpg 300w, https:\/\/pia-staehli.ch\/blog\/wp-content\/uploads\/2022\/09\/P1163677-768x576.jpg 768w, https:\/\/pia-staehli.ch\/blog\/wp-content\/uploads\/2022\/09\/P1163677-1536x1152.jpg 1536w, https:\/\/pia-staehli.ch\/blog\/wp-content\/uploads\/2022\/09\/P1163677-2048x1536.jpg 2048w\" sizes=\"auto, (max-width: 1024px) 100vw, 1024px\" \/><\/figure>\n\n\n\n<p class=\"wp-block-paragraph\">Hier zeige ich euch wie die Baustelle von unserer Terrasse aussieht. Wie gut f\u00fcr uns, dass noch eine Parzelle dazwischen liegt.<\/p>\n\n\n\n<figure class=\"wp-block-image size-large\"><img loading=\"lazy\" decoding=\"async\" width=\"1024\" height=\"768\" data-attachment-id=\"26528\" data-permalink=\"https:\/\/pia-staehli.ch\/blog\/2022\/09\/27\/mein-september-3\/p1163666\/\" data-orig-file=\"https:\/\/pia-staehli.ch\/blog\/wp-content\/uploads\/2022\/09\/P1163666-scaled.jpg\" data-orig-size=\"2560,1920\" data-comments-opened=\"1\" data-image-title=\"P1163666\" data-image-description=\"\" data-image-caption=\"\" data-large-file=\"https:\/\/pia-staehli.ch\/blog\/wp-content\/uploads\/2022\/09\/P1163666-1024x768.jpg\" src=\"https:\/\/pia-staehli.ch\/blog\/wp-content\/uploads\/2022\/09\/P1163666-1024x768.jpg\" alt=\"\" class=\"wp-image-26528\" srcset=\"https:\/\/pia-staehli.ch\/blog\/wp-content\/uploads\/2022\/09\/P1163666-1024x768.jpg 1024w, https:\/\/pia-staehli.ch\/blog\/wp-content\/uploads\/2022\/09\/P1163666-300x225.jpg 300w, https:\/\/pia-staehli.ch\/blog\/wp-content\/uploads\/2022\/09\/P1163666-768x576.jpg 768w, https:\/\/pia-staehli.ch\/blog\/wp-content\/uploads\/2022\/09\/P1163666-1536x1152.jpg 1536w, https:\/\/pia-staehli.ch\/blog\/wp-content\/uploads\/2022\/09\/P1163666-2048x1536.jpg 2048w\" sizes=\"auto, (max-width: 1024px) 100vw, 1024px\" \/><\/figure>\n\n\n\n<h2 class=\"wp-block-heading\"><br>Jahresprojekt bei <a href=\"https:\/\/diezitronenfalterin.de\/\">Andrea<\/a><\/h2>\n\n\n\n<p class=\"wp-block-paragraph\">Unsere Enkelin interessiert sich sehr f\u00fcr Baustellen, sei das in Bilderb\u00fccher oder in ihrem Quartier, wo zurzeit viel gebaut wird. Wie gut, dass ihr Papa noch ein signalfarbiges Shirt hatte von seinem Einsatz beim Zivilschutz. Sie wollte so gerne auch eine Baustellenweste. Also habe ich ihr schnell eine gen\u00e4ht.<\/p>\n\n\n\n<figure class=\"wp-block-image size-large\"><img loading=\"lazy\" decoding=\"async\" width=\"1024\" height=\"745\" data-attachment-id=\"26522\" data-permalink=\"https:\/\/pia-staehli.ch\/blog\/2022\/09\/27\/mein-september-3\/p1163651\/\" data-orig-file=\"https:\/\/pia-staehli.ch\/blog\/wp-content\/uploads\/2022\/09\/P1163651-scaled.jpg\" data-orig-size=\"2560,1863\" data-comments-opened=\"1\" data-image-title=\"P1163651\" data-image-description=\"\" data-image-caption=\"\" data-large-file=\"https:\/\/pia-staehli.ch\/blog\/wp-content\/uploads\/2022\/09\/P1163651-1024x745.jpg\" src=\"https:\/\/pia-staehli.ch\/blog\/wp-content\/uploads\/2022\/09\/P1163651-1024x745.jpg\" alt=\"\" class=\"wp-image-26522\" srcset=\"https:\/\/pia-staehli.ch\/blog\/wp-content\/uploads\/2022\/09\/P1163651-1024x745.jpg 1024w, https:\/\/pia-staehli.ch\/blog\/wp-content\/uploads\/2022\/09\/P1163651-300x218.jpg 300w, https:\/\/pia-staehli.ch\/blog\/wp-content\/uploads\/2022\/09\/P1163651-768x559.jpg 768w, https:\/\/pia-staehli.ch\/blog\/wp-content\/uploads\/2022\/09\/P1163651-1536x1118.jpg 1536w, https:\/\/pia-staehli.ch\/blog\/wp-content\/uploads\/2022\/09\/P1163651-2048x1490.jpg 2048w\" sizes=\"auto, (max-width: 1024px) 100vw, 1024px\" \/><\/figure>\n\n\n\n<p class=\"wp-block-paragraph\">Die B\u00f6rtchen habe ich so gut es ging am Halsausschnitt gelassen. <\/p>\n\n\n\n<figure class=\"wp-block-image size-large\"><img loading=\"lazy\" decoding=\"async\" width=\"1024\" height=\"904\" data-attachment-id=\"26523\" data-permalink=\"https:\/\/pia-staehli.ch\/blog\/2022\/09\/27\/mein-september-3\/p1163653\/\" data-orig-file=\"https:\/\/pia-staehli.ch\/blog\/wp-content\/uploads\/2022\/09\/P1163653-scaled.jpg\" data-orig-size=\"2560,2260\" data-comments-opened=\"1\" data-image-title=\"P1163653\" data-image-description=\"\" data-image-caption=\"\" data-large-file=\"https:\/\/pia-staehli.ch\/blog\/wp-content\/uploads\/2022\/09\/P1163653-1024x904.jpg\" src=\"https:\/\/pia-staehli.ch\/blog\/wp-content\/uploads\/2022\/09\/P1163653-1024x904.jpg\" alt=\"\" class=\"wp-image-26523\" srcset=\"https:\/\/pia-staehli.ch\/blog\/wp-content\/uploads\/2022\/09\/P1163653-1024x904.jpg 1024w, https:\/\/pia-staehli.ch\/blog\/wp-content\/uploads\/2022\/09\/P1163653-300x265.jpg 300w, https:\/\/pia-staehli.ch\/blog\/wp-content\/uploads\/2022\/09\/P1163653-768x678.jpg 768w, https:\/\/pia-staehli.ch\/blog\/wp-content\/uploads\/2022\/09\/P1163653-1536x1356.jpg 1536w, https:\/\/pia-staehli.ch\/blog\/wp-content\/uploads\/2022\/09\/P1163653-2048x1808.jpg 2048w\" sizes=\"auto, (max-width: 1024px) 100vw, 1024px\" \/><\/figure>\n\n\n\n<p class=\"wp-block-paragraph\">Nat\u00fcrlich brauchte sie auch Leuchtstreifen. Da musste meine Warnweste herhalten. Daf\u00fcr hatte die Enkelin grosse Freude, dass sie jetzt auch eine richtige Baustellenweste hat und sie tr\u00e4gt sie gerne, auch ausser Haus!<br><\/p>\n\n\n\n<figure class=\"wp-block-image size-large\"><img loading=\"lazy\" decoding=\"async\" width=\"747\" height=\"1024\" data-attachment-id=\"26524\" data-permalink=\"https:\/\/pia-staehli.ch\/blog\/2022\/09\/27\/mein-september-3\/p1163655\/\" data-orig-file=\"https:\/\/pia-staehli.ch\/blog\/wp-content\/uploads\/2022\/09\/P1163655-scaled.jpg\" data-orig-size=\"1868,2560\" data-comments-opened=\"1\" data-image-title=\"P1163655\" data-image-description=\"\" data-image-caption=\"\" data-large-file=\"https:\/\/pia-staehli.ch\/blog\/wp-content\/uploads\/2022\/09\/P1163655-747x1024.jpg\" src=\"https:\/\/pia-staehli.ch\/blog\/wp-content\/uploads\/2022\/09\/P1163655-747x1024.jpg\" alt=\"\" class=\"wp-image-26524\" srcset=\"https:\/\/pia-staehli.ch\/blog\/wp-content\/uploads\/2022\/09\/P1163655-747x1024.jpg 747w, https:\/\/pia-staehli.ch\/blog\/wp-content\/uploads\/2022\/09\/P1163655-219x300.jpg 219w, https:\/\/pia-staehli.ch\/blog\/wp-content\/uploads\/2022\/09\/P1163655-768x1052.jpg 768w, https:\/\/pia-staehli.ch\/blog\/wp-content\/uploads\/2022\/09\/P1163655-1121x1536.jpg 1121w, https:\/\/pia-staehli.ch\/blog\/wp-content\/uploads\/2022\/09\/P1163655-1494x2048.jpg 1494w, https:\/\/pia-staehli.ch\/blog\/wp-content\/uploads\/2022\/09\/P1163655-scaled.jpg 1868w\" sizes=\"auto, (max-width: 747px) 100vw, 747px\" \/><\/figure>\n\n\n\n<p class=\"wp-block-paragraph\"><a href=\"https:\/\/diebirgitt.blogspot.com\/\">Monatscollagen<\/a>, <a href=\"https:\/\/mainzauber.de\">DND<\/a>, <a href=\"https:\/\/fotomomente2017.blogspot.com\/\">Bodennah<\/a>, <a href=\"https:\/\/evafuchs.blogspot.com\/\">12tel Blick<\/a>, <a href=\"https:\/\/freutag.blogspot.com\/\">Freutag<\/a>,<a href=\"https:\/\/floral-passions.blogspot.com\/\"> Frieday Bliss<\/a>, <a href=\"https:\/\/www.naehkaeschtle.de\/kinder-allerlei\/\">Kinder Allerle<\/a>i, <a href=\"https:\/\/ein-kleiner-blog.blogspot.com\/\">Froh und Kreativ,<\/a> <a href=\"https:\/\/karminrot-blog.de\/\">Samstagsplausch<\/a>, <a href=\"https:\/\/gartenwonne.com\">Herbstgl\u00fcck<\/a>, <a href=\"https:\/\/diezitronenfalterin.de\/\">Jahresprojekt<\/a>, <a href=\"https:\/\/galeria-himmelsblick.blogspot.com\/\">Himmelsblick<\/a>. <\/p>\n","protected":false},"excerpt":{"rendered":"<p>Mein September war einfach nur sch\u00f6n! Kaum zu Hause von unseren Ferien in Dresden, war die Enkelin bei uns in den Ferien. Sie verbrachte viel Zeit mit ihrem Grosspapi im Garten, was beide sehr genossen. Weil es schon etwas k\u00fchler ist, n\u00e4hte ich ihr lang\u00e4rmlige Shirts. Im Garten bl\u00fcht es jetzt so wunderbar farbig und &hellip; <a href=\"https:\/\/pia-staehli.ch\/blog\/2022\/09\/27\/mein-september-3\/\" class=\"more-link\"><span class=\"screen-reader-text\">Mein September<\/span> weiterlesen <span class=\"meta-nav\">&rarr;<\/span><\/a><\/p>\n","protected":false},"author":2,"featured_media":0,"comment_status":"open","ping_status":"open","sticky":false,"template":"","format":"standard","meta":{"_bbp_topic_count":0,"_bbp_reply_count":0,"_bbp_total_topic_count":0,"_bbp_total_reply_count":0,"_bbp_voice_count":0,"_bbp_anonymous_reply_count":0,"_bbp_topic_count_hidden":0,"_bbp_reply_count_hidden":0,"_bbp_forum_subforum_count":0,"ngg_post_thumbnail":0,"_jetpack_newsletter_access":"","_jetpack_dont_email_post_to_subs":false,"_jetpack_newsletter_tier_id":0,"_jetpack_memberships_contains_paywalled_content":false,"_jetpack_feature_clip_id":0,"_jetpack_memberships_contains_paid_content":false,"footnotes":"","jetpack_publicize_message":"","jetpack_publicize_feature_enabled":true,"jetpack_social_post_already_shared":true,"jetpack_social_options":{"image_generator_settings":{"template":"highway","default_image_id":0,"font":"","enabled":false},"version":2},"jetpack_post_was_ever_published":false},"categories":[36,3,18,5,17,13,16,19],"tags":[],"class_list":["post-26504","post","type-post","status-publish","format-standard","hentry","category-enkelin","category-familie","category-garten","category-geschenke","category-kreativ","category-natur","category-projekt","category-reisen"],"jetpack_publicize_connections":[],"jetpack_sharing_enabled":true,"jetpack_shortlink":"https:\/\/wp.me\/p4c1fj-6Tu","jetpack_featured_media_url":"","_links":{"self":[{"href":"https:\/\/pia-staehli.ch\/blog\/wp-json\/wp\/v2\/posts\/26504","targetHints":{"allow":["GET"]}}],"collection":[{"href":"https:\/\/pia-staehli.ch\/blog\/wp-json\/wp\/v2\/posts"}],"about":[{"href":"https:\/\/pia-staehli.ch\/blog\/wp-json\/wp\/v2\/types\/post"}],"author":[{"embeddable":true,"href":"https:\/\/pia-staehli.ch\/blog\/wp-json\/wp\/v2\/users\/2"}],"replies":[{"embeddable":true,"href":"https:\/\/pia-staehli.ch\/blog\/wp-json\/wp\/v2\/comments?post=26504"}],"version-history":[{"count":5,"href":"https:\/\/pia-staehli.ch\/blog\/wp-json\/wp\/v2\/posts\/26504\/revisions"}],"predecessor-version":[{"id":26560,"href":"https:\/\/pia-staehli.ch\/blog\/wp-json\/wp\/v2\/posts\/26504\/revisions\/26560"}],"wp:attachment":[{"href":"https:\/\/pia-staehli.ch\/blog\/wp-json\/wp\/v2\/media?parent=26504"}],"wp:term":[{"taxonomy":"category","embeddable":true,"href":"https:\/\/pia-staehli.ch\/blog\/wp-json\/wp\/v2\/categories?post=26504"},{"taxonomy":"post_tag","embeddable":true,"href":"https:\/\/pia-staehli.ch\/blog\/wp-json\/wp\/v2\/tags?post=26504"}],"curies":[{"name":"wp","href":"https:\/\/api.w.org\/{rel}","templated":true}]}}