{"id":25092,"date":"2022-04-08T07:55:03","date_gmt":"2022-04-08T06:55:03","guid":{"rendered":"https:\/\/pia-staehli.ch\/blog\/?p=25092"},"modified":"2022-04-08T20:50:32","modified_gmt":"2022-04-08T19:50:32","slug":"osterdeko","status":"publish","type":"post","link":"https:\/\/pia-staehli.ch\/blog\/2022\/04\/08\/osterdeko\/","title":{"rendered":"Osterdeko"},"content":{"rendered":"\n<p>Die Schl\u00fcsselblumen zeige ich euch in einer speziellen Vase. Die Idee ist nicht von mir, aber ich weiss nicht mehr, bei wem ich sie entdeckt habe. Die Bl\u00fcmlein stehen in einem gew\u00f6hnlichen, leeren Gew\u00fcrzglas, aber als \u00dcbertopf machte ich ein Osterei.<\/p>\n\n\n\n<figure class=\"wp-block-image size-large\"><img loading=\"lazy\" decoding=\"async\" width=\"785\" height=\"1024\" data-attachment-id=\"24961\" data-permalink=\"https:\/\/pia-staehli.ch\/blog\/wp-1647532598634\/\" data-orig-file=\"https:\/\/pia-staehli.ch\/blog\/wp-content\/uploads\/2022\/03\/wp-1647532598634..jpg\" data-orig-size=\"1227,1600\" data-comments-opened=\"1\" data-image-meta=\"{&quot;aperture&quot;:&quot;0&quot;,&quot;credit&quot;:&quot;&quot;,&quot;camera&quot;:&quot;&quot;,&quot;caption&quot;:&quot;&quot;,&quot;created_timestamp&quot;:&quot;0&quot;,&quot;copyright&quot;:&quot;&quot;,&quot;focal_length&quot;:&quot;0&quot;,&quot;iso&quot;:&quot;0&quot;,&quot;shutter_speed&quot;:&quot;0&quot;,&quot;title&quot;:&quot;&quot;,&quot;orientation&quot;:&quot;0&quot;}\" data-image-title=\"wp-1647532598634.\" data-image-description=\"\" data-image-caption=\"\" data-large-file=\"https:\/\/pia-staehli.ch\/blog\/wp-content\/uploads\/2022\/03\/wp-1647532598634.-785x1024.jpg\" src=\"https:\/\/pia-staehli.ch\/blog\/wp-content\/uploads\/2022\/03\/wp-1647532598634.-785x1024.jpg\" alt=\"\" class=\"wp-image-24961\" srcset=\"https:\/\/pia-staehli.ch\/blog\/wp-content\/uploads\/2022\/03\/wp-1647532598634.-785x1024.jpg 785w, https:\/\/pia-staehli.ch\/blog\/wp-content\/uploads\/2022\/03\/wp-1647532598634.-230x300.jpg 230w, https:\/\/pia-staehli.ch\/blog\/wp-content\/uploads\/2022\/03\/wp-1647532598634.-768x1001.jpg 768w, https:\/\/pia-staehli.ch\/blog\/wp-content\/uploads\/2022\/03\/wp-1647532598634.-1178x1536.jpg 1178w, https:\/\/pia-staehli.ch\/blog\/wp-content\/uploads\/2022\/03\/wp-1647532598634..jpg 1227w\" sizes=\"auto, (max-width: 785px) 100vw, 785px\" \/><\/figure>\n\n\n\n<p>Ich war skeptisch, ob ich mich richtig an die Anleitung erinnerte, und ob es funktionierte. Zuerst bl\u00e4st man einen Luftballon auf die Gr\u00f6sse, wie man den \u00dcbertopf haben m\u00f6chte, auf. Dann nimmt man Toilettenpapier, macht Blatt um Blatt nass und klebt es auf den Luftballon. Lage um Lage legt man die nassen Bl\u00e4tter \u00fcbereinander, bis der Ballon nicht mehr durchschimmert. <\/p>\n\n\n\n<figure class=\"wp-block-image\"><img decoding=\"async\" src=\"https:\/\/pia-staehli.ch\/blog\/wp-content\/uploads\/2022\/03\/P1141552.jpg\" alt=\"Dieses Bild hat ein leeres Alt-Attribut. Der Dateiname ist P1141552.jpg\"\/><\/figure>\n\n\n\n<p>Zum Trocknen stelle ich den Ballon auf die leere Rolle. Das ging bei mir etwa einen Tag.<\/p>\n\n\n\n<figure class=\"wp-block-image size-full\"><img decoding=\"async\" data-attachment-id=\"25032\" data-permalink=\"https:\/\/pia-staehli.ch\/blog\/wp-1648374522866\/\" data-orig-file=\"https:\/\/pia-staehli.ch\/blog\/wp-content\/uploads\/2022\/03\/wp-1648374522866..jpg\" data-orig-size=\"\" data-comments-opened=\"1\" data-image-meta=\"[]\" data-image-title=\"wp-1648374522866.\" data-image-description=\"\" data-image-caption=\"\" data-large-file=\"https:\/\/pia-staehli.ch\/blog\/wp-content\/uploads\/2022\/03\/wp-1648374522866..jpg\" src=\"https:\/\/pia-staehli.ch\/blog\/wp-content\/uploads\/2022\/03\/wp-1648374522866..jpg\" alt=\"\" class=\"wp-image-25032\"\/><\/figure>\n\n\n\n<p>Wenn das Ei trocken ist, den Ballon einstechen und entfernen. Mit einer Haushaltschere schnitt ich am oberen Rand das Toilettenpapier zackenf\u00f6rmig ein und fertig war mein selbstgemachter Oster\u00fcbertopf. Die beiden Hasen leisten nun den Fr\u00fchlingsbl\u00fcmlein Gesellschaft. Die Enkelin hat es sofort entdeckt als sie zu uns kam und wollte nat\u00fcrlich wissen, was da drin ist.<\/p>\n\n\n\n<figure class=\"wp-block-image size-full\"><img decoding=\"async\" data-attachment-id=\"25047\" data-permalink=\"https:\/\/pia-staehli.ch\/blog\/2022\/03\/31\/12tel-blick-monatscollage-jahresprojekt\/p1141668\/\" data-orig-file=\"https:\/\/pia-staehli.ch\/blog\/wp-content\/uploads\/2022\/03\/P1141668.jpg\" data-orig-size=\"\" data-comments-opened=\"1\" data-image-meta=\"[]\" data-image-title=\"P1141668\" data-image-description=\"\" data-image-caption=\"\" data-large-file=\"https:\/\/pia-staehli.ch\/blog\/wp-content\/uploads\/2022\/03\/P1141668.jpg\" src=\"https:\/\/pia-staehli.ch\/blog\/wp-content\/uploads\/2022\/03\/P1141668.jpg\" alt=\"\" class=\"wp-image-25047\"\/><\/figure>\n\n\n\n<p>Besonders gut gefallen mir die Osterbl\u00fcmchen mit den Korkenzieherweide\u00e4ste.<\/p>\n\n\n\n<figure class=\"wp-block-image size-full\"><img decoding=\"async\" data-attachment-id=\"25049\" data-permalink=\"https:\/\/pia-staehli.ch\/blog\/2022\/03\/31\/12tel-blick-monatscollage-jahresprojekt\/p1141678\/\" data-orig-file=\"https:\/\/pia-staehli.ch\/blog\/wp-content\/uploads\/2022\/03\/P1141678.jpg\" data-orig-size=\"\" data-comments-opened=\"1\" data-image-meta=\"[]\" data-image-title=\"P1141678\" data-image-description=\"\" data-image-caption=\"\" data-large-file=\"https:\/\/pia-staehli.ch\/blog\/wp-content\/uploads\/2022\/03\/P1141678.jpg\" src=\"https:\/\/pia-staehli.ch\/blog\/wp-content\/uploads\/2022\/03\/P1141678.jpg\" alt=\"\" class=\"wp-image-25049\"\/><\/figure>\n\n\n\n<p>Das Toilettenpapier sieht so fr\u00fchlingshaft aus, da machte ich schnell ein zweites, kleineres Ei und kleisterte es bis ganz oben zu.<\/p>\n\n\n\n<figure class=\"wp-block-image size-full\"><img decoding=\"async\" data-attachment-id=\"25109\" data-permalink=\"https:\/\/pia-staehli.ch\/blog\/wp-1649074114007\/\" data-orig-file=\"https:\/\/pia-staehli.ch\/blog\/wp-content\/uploads\/2022\/04\/wp-1649074114007.jpg\" data-orig-size=\"\" data-comments-opened=\"1\" data-image-meta=\"[]\" data-image-title=\"wp-1649074114007\" data-image-description=\"\" data-image-caption=\"\" data-large-file=\"https:\/\/pia-staehli.ch\/blog\/wp-content\/uploads\/2022\/04\/wp-1649074114007.jpg\" src=\"https:\/\/pia-staehli.ch\/blog\/wp-content\/uploads\/2022\/04\/wp-1649074114007.jpg\" alt=\"\" class=\"wp-image-25109\"\/><\/figure>\n\n\n\n<p>Was ihr auf dem Bild sieht, ist Kressesamen der am Austreiben ist.<\/p>\n\n\n\n<figure class=\"wp-block-image size-full\"><img decoding=\"async\" data-attachment-id=\"25120\" data-permalink=\"https:\/\/pia-staehli.ch\/blog\/2022\/04\/08\/osterdeko\/p1141713\/\" data-orig-file=\"https:\/\/pia-staehli.ch\/blog\/wp-content\/uploads\/2022\/04\/P1141713.jpg\" data-orig-size=\"\" data-comments-opened=\"1\" data-image-meta=\"[]\" data-image-title=\"P1141713\" data-image-description=\"\" data-image-caption=\"\" data-large-file=\"https:\/\/pia-staehli.ch\/blog\/wp-content\/uploads\/2022\/04\/P1141713.jpg\" src=\"https:\/\/pia-staehli.ch\/blog\/wp-content\/uploads\/2022\/04\/P1141713.jpg\" alt=\"\" class=\"wp-image-25120\"\/><\/figure>\n\n\n\n<p>Das kleinere Ei trennte ich quer auf und da spriesst jetzt Kresse, den ich auf Watte ges\u00e4t habe. Als Einlage nahm ich Alufolie, sonst zerf\u00e4llt das Papier ei, wenn es nass wird.<\/p>\n\n\n\n<figure class=\"wp-block-image size-full\"><img loading=\"lazy\" decoding=\"async\" width=\"2560\" height=\"1165\" data-attachment-id=\"25112\" data-permalink=\"https:\/\/pia-staehli.ch\/blog\/wp-1649075493187\/\" data-orig-file=\"https:\/\/pia-staehli.ch\/blog\/wp-content\/uploads\/2022\/04\/wp-1649075493187-scaled.jpg\" data-orig-size=\"2560,1165\" data-comments-opened=\"1\" data-image-meta=\"{&quot;aperture&quot;:&quot;2.2&quot;,&quot;credit&quot;:&quot;&quot;,&quot;camera&quot;:&quot;Mi A1&quot;,&quot;caption&quot;:&quot;&quot;,&quot;created_timestamp&quot;:&quot;1649081973&quot;,&quot;copyright&quot;:&quot;&quot;,&quot;focal_length&quot;:&quot;3.83&quot;,&quot;iso&quot;:&quot;100&quot;,&quot;shutter_speed&quot;:&quot;0.00070323488045007&quot;,&quot;title&quot;:&quot;&quot;,&quot;orientation&quot;:&quot;1&quot;}\" data-image-title=\"wp-1649075493187\" data-image-description=\"\" data-image-caption=\"\" data-large-file=\"https:\/\/pia-staehli.ch\/blog\/wp-content\/uploads\/2022\/04\/wp-1649075493187-scaled.jpg\" src=\"https:\/\/pia-staehli.ch\/blog\/wp-content\/uploads\/2022\/04\/wp-1649075493187-scaled.jpg\" alt=\"\" class=\"wp-image-25112\" srcset=\"https:\/\/pia-staehli.ch\/blog\/wp-content\/uploads\/2022\/04\/wp-1649075493187-scaled.jpg 2560w, https:\/\/pia-staehli.ch\/blog\/wp-content\/uploads\/2022\/04\/wp-1649075493187-300x137.jpg 300w\" sizes=\"auto, (max-width: 2560px) 100vw, 2560px\" \/><\/figure>\n\n\n\n<p><a href=\"https:\/\/holunderbluetchen.blogspot.com\/\">Friday Flowerday<\/a>, <a href=\"https:\/\/floral-passions.blogspot.com\/\">Frieday Bliss<\/a>, <a href=\"https:\/\/freutag.blogspot.com\/\">Freutag<\/a>, <a href=\"https:\/\/gartenwonne.com\">Fr\u00fchlingsgl\u00fcck<\/a>, <a href=\"https:\/\/lieblingstuecke.blogspot.com\">Lieblingsst\u00fccke<\/a>, <a href=\"https:\/\/creativsalat.de\/\">Creativsalat<\/a>, <a href=\"https:\/\/elfiskartenblog.blogspot.com\">DvD<\/a>, <a href=\"https:\/\/karminrot-blog.de\/\">Samstagsplausch<\/a>.<\/p>\n","protected":false},"excerpt":{"rendered":"<p>Die Schl\u00fcsselblumen zeige ich euch in einer speziellen Vase. Die Idee ist nicht von mir, aber ich weiss nicht mehr, bei wem ich sie entdeckt habe. Die Bl\u00fcmlein stehen in einem gew\u00f6hnlichen, leeren Gew\u00fcrzglas, aber als \u00dcbertopf machte ich ein Osterei. Ich war skeptisch, ob ich mich richtig an die Anleitung erinnerte, und ob es &hellip; <a href=\"https:\/\/pia-staehli.ch\/blog\/2022\/04\/08\/osterdeko\/\" class=\"more-link\"><span class=\"screen-reader-text\">Osterdeko<\/span> weiterlesen <span class=\"meta-nav\">&rarr;<\/span><\/a><\/p>\n","protected":false},"author":2,"featured_media":0,"comment_status":"open","ping_status":"open","sticky":false,"template":"","format":"standard","meta":{"_bbp_topic_count":0,"_bbp_reply_count":0,"_bbp_total_topic_count":0,"_bbp_total_reply_count":0,"_bbp_voice_count":0,"_bbp_anonymous_reply_count":0,"_bbp_topic_count_hidden":0,"_bbp_reply_count_hidden":0,"_bbp_forum_subforum_count":0,"ngg_post_thumbnail":0,"jetpack_post_was_ever_published":false,"_jetpack_newsletter_access":"","_jetpack_dont_email_post_to_subs":false,"_jetpack_newsletter_tier_id":0,"_jetpack_memberships_contains_paywalled_content":false,"_jetpack_memberships_contains_paid_content":false,"footnotes":"","jetpack_publicize_message":"","jetpack_publicize_feature_enabled":true,"jetpack_social_post_already_shared":true,"jetpack_social_options":{"image_generator_settings":{"template":"highway","default_image_id":0,"font":"","enabled":false},"version":2}},"categories":[36,3,18,17,11,13,16,6],"tags":[],"class_list":["post-25092","post","type-post","status-publish","format-standard","hentry","category-enkelin","category-familie","category-garten","category-kreativ","category-meine-woche","category-natur","category-projekt","category-wintergarten"],"jetpack_publicize_connections":[],"jetpack_featured_media_url":"","jetpack_sharing_enabled":true,"jetpack_shortlink":"https:\/\/wp.me\/p4c1fj-6wI","_links":{"self":[{"href":"https:\/\/pia-staehli.ch\/blog\/wp-json\/wp\/v2\/posts\/25092","targetHints":{"allow":["GET"]}}],"collection":[{"href":"https:\/\/pia-staehli.ch\/blog\/wp-json\/wp\/v2\/posts"}],"about":[{"href":"https:\/\/pia-staehli.ch\/blog\/wp-json\/wp\/v2\/types\/post"}],"author":[{"embeddable":true,"href":"https:\/\/pia-staehli.ch\/blog\/wp-json\/wp\/v2\/users\/2"}],"replies":[{"embeddable":true,"href":"https:\/\/pia-staehli.ch\/blog\/wp-json\/wp\/v2\/comments?post=25092"}],"version-history":[{"count":5,"href":"https:\/\/pia-staehli.ch\/blog\/wp-json\/wp\/v2\/posts\/25092\/revisions"}],"predecessor-version":[{"id":25143,"href":"https:\/\/pia-staehli.ch\/blog\/wp-json\/wp\/v2\/posts\/25092\/revisions\/25143"}],"wp:attachment":[{"href":"https:\/\/pia-staehli.ch\/blog\/wp-json\/wp\/v2\/media?parent=25092"}],"wp:term":[{"taxonomy":"category","embeddable":true,"href":"https:\/\/pia-staehli.ch\/blog\/wp-json\/wp\/v2\/categories?post=25092"},{"taxonomy":"post_tag","embeddable":true,"href":"https:\/\/pia-staehli.ch\/blog\/wp-json\/wp\/v2\/tags?post=25092"}],"curies":[{"name":"wp","href":"https:\/\/api.w.org\/{rel}","templated":true}]}}