{"id":23399,"date":"2021-08-31T05:15:57","date_gmt":"2021-08-31T04:15:57","guid":{"rendered":"https:\/\/pia-staehli.ch\/blog\/?p=23399"},"modified":"2021-08-31T05:15:57","modified_gmt":"2021-08-31T04:15:57","slug":"12tel-blick-august-5","status":"publish","type":"post","link":"https:\/\/pia-staehli.ch\/blog\/2021\/08\/31\/12tel-blick-august-5\/","title":{"rendered":"12tel Blick August"},"content":{"rendered":"\n<p>Es gr\u00fcnt so sch\u00f6n, wenn Petrus das Giessen \u00fcbernimmt. Und die Ente und die Schnecke stehen auch immer noch an ihrem Platz, obwohl die Enkelin sie immer freudig begr\u00fcsst.<\/p>\n\n\n\n<figure class=\"wp-block-image size-full\"><img decoding=\"async\" data-attachment-id=\"23400\" data-permalink=\"https:\/\/pia-staehli.ch\/blog\/2021\/08\/31\/12tel-blick-august-5\/p1129717\/\" data-orig-file=\"https:\/\/pia-staehli.ch\/blog\/wp-content\/uploads\/2021\/08\/P1129717.jpg\" data-orig-size=\"\" data-comments-opened=\"1\" data-image-meta=\"[]\" data-image-title=\"P1129717\" data-image-description=\"\" data-image-caption=\"\" data-large-file=\"https:\/\/pia-staehli.ch\/blog\/wp-content\/uploads\/2021\/08\/P1129717.jpg\" src=\"https:\/\/pia-staehli.ch\/blog\/wp-content\/uploads\/2021\/08\/P1129717.jpg\" alt=\"\" class=\"wp-image-23400\"\/><\/figure>\n\n\n\n<p>Zum ersten Mal setzte ich dieses Jahr in den Blumenk\u00e4sten L\u00f6wenm\u00e4ulchen und sie gedeihen wunderbar. Sie geh\u00f6ren zu meinen Lieblingsblumen. Im Fr\u00fchsommer steckte ich ein paar Setzlinge einfach zu den Geranien in den Topf. Und nirgends sonst im ganzen Garten gedeihen sie so sch\u00f6n wie hier wo sie die Geranien verdecken.<\/p>\n\n\n\n<figure class=\"wp-block-image size-full\"><img decoding=\"async\" data-attachment-id=\"23401\" data-permalink=\"https:\/\/pia-staehli.ch\/blog\/2021\/08\/31\/12tel-blick-august-5\/p1119139-2\/\" data-orig-file=\"https:\/\/pia-staehli.ch\/blog\/wp-content\/uploads\/2021\/08\/P1119139.jpg\" data-orig-size=\"\" data-comments-opened=\"1\" data-image-meta=\"[]\" data-image-title=\"P1119139\" data-image-description=\"\" data-image-caption=\"\" data-large-file=\"https:\/\/pia-staehli.ch\/blog\/wp-content\/uploads\/2021\/08\/P1119139.jpg\" src=\"https:\/\/pia-staehli.ch\/blog\/wp-content\/uploads\/2021\/08\/P1119139.jpg\" alt=\"\" class=\"wp-image-23401\"\/><\/figure>\n\n\n\n<h2 class=\"wp-block-heading\">Mein Jahresprojekt<\/h2>\n\n\n\n<p>Auch wenn ich einen Monat ausgelassen habe, bin ich noch nicht viel weiter mit meinem <a href=\"https:\/\/diezitronenfalterin.de\/\">Jahresprojekt<\/a>. Aber ich gelobe Besserung, will ich doch eine fertige Decke am Ende des Jahres haben. Einige Farben sind schon viereckig, jetzt m\u00fcsste ich das Garn vern\u00e4hen &#8211; was wahrscheinlich nicht zu meiner Lieblings Arbeit wird.<\/p>\n\n\n\n<figure class=\"wp-block-image size-full\"><img decoding=\"async\" data-attachment-id=\"23417\" data-permalink=\"https:\/\/pia-staehli.ch\/blog\/wp-1630070845280\/\" data-orig-file=\"https:\/\/pia-staehli.ch\/blog\/wp-content\/uploads\/2021\/08\/wp-1630070845280..jpg\" data-orig-size=\"\" data-comments-opened=\"1\" data-image-meta=\"[]\" data-image-title=\"wp-1630070845280.\" data-image-description=\"\" data-image-caption=\"\" data-large-file=\"https:\/\/pia-staehli.ch\/blog\/wp-content\/uploads\/2021\/08\/wp-1630070845280..jpg\" src=\"https:\/\/pia-staehli.ch\/blog\/wp-content\/uploads\/2021\/08\/wp-1630070845280..jpg\" alt=\"\" class=\"wp-image-23417\"\/><\/figure>\n\n\n\n<p>Dabei ben\u00f6tigt die H\u00e4kelarbeit nicht viel Platz und k\u00f6nnte einfach mitgenommen werden. Leider habe ich keinen langen Atem bei meinen Handarbeiten. Das war auch der Grund, dass ich bei Andreas Jahresprojekt mitmache, damit meine Grannydecke endlich fertig wird. Ich bleibe dran.<\/p>\n\n\n\n<figure class=\"wp-block-image size-full\"><img decoding=\"async\" data-attachment-id=\"23416\" data-permalink=\"https:\/\/pia-staehli.ch\/blog\/wp-1630069508824\/\" data-orig-file=\"https:\/\/pia-staehli.ch\/blog\/wp-content\/uploads\/2021\/08\/wp-1630069508824..jpg\" data-orig-size=\"\" data-comments-opened=\"1\" data-image-meta=\"[]\" data-image-title=\"wp-1630069508824.\" data-image-description=\"\" data-image-caption=\"\" data-large-file=\"https:\/\/pia-staehli.ch\/blog\/wp-content\/uploads\/2021\/08\/wp-1630069508824..jpg\" src=\"https:\/\/pia-staehli.ch\/blog\/wp-content\/uploads\/2021\/08\/wp-1630069508824..jpg\" alt=\"\" class=\"wp-image-23416\"\/><\/figure>\n\n\n\n<p>Jetzt bin ich gespannt, ob nur ich einen Durchh\u00e4nger habe und wie die anderen Teilnehmer vorw\u00e4rts kommen.<\/p>\n\n\n\n<p><a href=\"https:\/\/evafuchs.blogspot.com\/\">12tel Blicke<\/a>, <a href=\"https:\/\/diezitronenfalterin.de\/\">Jahresprojekt<\/a>, <a href=\"https:\/\/www.wortperlen.de\/startseite\/home....\/\">Rot<\/a>, <a href=\"https:\/\/elfiskartenblog.blogspot.com\/\">DvD<\/a>, <a href=\"https:\/\/creativsalat.de\/\">Creativsalat<\/a><\/p>\n","protected":false},"excerpt":{"rendered":"<p>Es gr\u00fcnt so sch\u00f6n, wenn Petrus das Giessen \u00fcbernimmt. Und die Ente und die Schnecke stehen auch immer noch an ihrem Platz, obwohl die Enkelin sie immer freudig begr\u00fcsst. Zum ersten Mal setzte ich dieses Jahr in den Blumenk\u00e4sten L\u00f6wenm\u00e4ulchen und sie gedeihen wunderbar. Sie geh\u00f6ren zu meinen Lieblingsblumen. Im Fr\u00fchsommer steckte ich ein paar &hellip; <a href=\"https:\/\/pia-staehli.ch\/blog\/2021\/08\/31\/12tel-blick-august-5\/\" class=\"more-link\"><span class=\"screen-reader-text\">12tel Blick August<\/span> weiterlesen <span class=\"meta-nav\">&rarr;<\/span><\/a><\/p>\n","protected":false},"author":2,"featured_media":0,"comment_status":"open","ping_status":"open","sticky":false,"template":"","format":"standard","meta":{"_bbp_topic_count":0,"_bbp_reply_count":0,"_bbp_total_topic_count":0,"_bbp_total_reply_count":0,"_bbp_voice_count":0,"_bbp_anonymous_reply_count":0,"_bbp_topic_count_hidden":0,"_bbp_reply_count_hidden":0,"_bbp_forum_subforum_count":0,"ngg_post_thumbnail":0,"jetpack_post_was_ever_published":false,"_jetpack_newsletter_access":"","_jetpack_dont_email_post_to_subs":false,"_jetpack_newsletter_tier_id":0,"_jetpack_memberships_contains_paywalled_content":false,"_jetpack_memberships_contains_paid_content":false,"footnotes":"","jetpack_publicize_message":"","jetpack_publicize_feature_enabled":true,"jetpack_social_post_already_shared":true,"jetpack_social_options":{"image_generator_settings":{"template":"highway","default_image_id":0,"font":"","enabled":false},"version":2}},"categories":[18,17,13,16],"tags":[],"class_list":["post-23399","post","type-post","status-publish","format-standard","hentry","category-garten","category-kreativ","category-natur","category-projekt"],"jetpack_publicize_connections":[],"jetpack_featured_media_url":"","jetpack_sharing_enabled":true,"jetpack_shortlink":"https:\/\/wp.me\/p4c1fj-65p","_links":{"self":[{"href":"https:\/\/pia-staehli.ch\/blog\/wp-json\/wp\/v2\/posts\/23399","targetHints":{"allow":["GET"]}}],"collection":[{"href":"https:\/\/pia-staehli.ch\/blog\/wp-json\/wp\/v2\/posts"}],"about":[{"href":"https:\/\/pia-staehli.ch\/blog\/wp-json\/wp\/v2\/types\/post"}],"author":[{"embeddable":true,"href":"https:\/\/pia-staehli.ch\/blog\/wp-json\/wp\/v2\/users\/2"}],"replies":[{"embeddable":true,"href":"https:\/\/pia-staehli.ch\/blog\/wp-json\/wp\/v2\/comments?post=23399"}],"version-history":[{"count":5,"href":"https:\/\/pia-staehli.ch\/blog\/wp-json\/wp\/v2\/posts\/23399\/revisions"}],"predecessor-version":[{"id":23434,"href":"https:\/\/pia-staehli.ch\/blog\/wp-json\/wp\/v2\/posts\/23399\/revisions\/23434"}],"wp:attachment":[{"href":"https:\/\/pia-staehli.ch\/blog\/wp-json\/wp\/v2\/media?parent=23399"}],"wp:term":[{"taxonomy":"category","embeddable":true,"href":"https:\/\/pia-staehli.ch\/blog\/wp-json\/wp\/v2\/categories?post=23399"},{"taxonomy":"post_tag","embeddable":true,"href":"https:\/\/pia-staehli.ch\/blog\/wp-json\/wp\/v2\/tags?post=23399"}],"curies":[{"name":"wp","href":"https:\/\/api.w.org\/{rel}","templated":true}]}}