{"id":22578,"date":"2021-05-11T05:19:07","date_gmt":"2021-05-11T04:19:07","guid":{"rendered":"https:\/\/pia-staehli.ch\/blog\/?p=22578"},"modified":"2021-05-11T05:19:07","modified_gmt":"2021-05-11T04:19:07","slug":"neue-terrasse","status":"publish","type":"post","link":"https:\/\/pia-staehli.ch\/blog\/2021\/05\/11\/neue-terrasse\/","title":{"rendered":"Neue Terrasse"},"content":{"rendered":"\n<p>Ist er nicht sch\u00f6n, mein Muttertagsstrauss in leuchtendem Rot? Besonders gut gef\u00e4llt mir, dass die Blumen zu einem Herz gebunden sind, leider erkennt man es auf dem Foto nicht so gut.<br>Am Samstag schrieb ich ja bereits, dass wir einen M\u00e4delstag feiern werden. Da WP am Wochenende eine St\u00f6rung hatte, konnten viele gar nicht meinen <a href=\"https:\/\/pia-staehli.ch\/blog\/2021\/05\/08\/spezialitaeten\/\" data-type=\"post\" data-id=\"2637\">Beitrag<\/a> sehen.<\/p>\n\n\n\n<figure class=\"wp-block-image size-large\"><img decoding=\"async\" data-attachment-id=\"22579\" data-permalink=\"https:\/\/pia-staehli.ch\/blog\/2021\/05\/11\/neue-terrasse\/p1118271\/\" data-orig-file=\"https:\/\/pia-staehli.ch\/blog\/wp-content\/uploads\/2021\/05\/P1118271.jpg\" data-orig-size=\"\" data-comments-opened=\"1\" data-image-meta=\"[]\" data-image-title=\"P1118271\" data-image-description=\"\" data-image-caption=\"\" data-large-file=\"https:\/\/pia-staehli.ch\/blog\/wp-content\/uploads\/2021\/05\/P1118271.jpg\" src=\"https:\/\/pia-staehli.ch\/blog\/wp-content\/uploads\/2021\/05\/P1118271.jpg\" alt=\"\" class=\"wp-image-22579\"\/><\/figure>\n\n\n\n<p>Zum Kaffee g\u00f6nnten wir uns dieses leckere Zuckerherz und eine feine Himbeer-Quarktorte. Sch\u00f6n, dass meine T\u00f6chter wissen, was ich am liebsten habe.<\/p>\n\n\n\n<figure class=\"wp-block-image size-large\"><img decoding=\"async\" data-attachment-id=\"22576\" data-permalink=\"https:\/\/pia-staehli.ch\/blog\/wp-1620627108740\/\" data-orig-file=\"https:\/\/pia-staehli.ch\/blog\/wp-content\/uploads\/2021\/05\/wp-1620627108740..jpg\" data-orig-size=\"\" data-comments-opened=\"1\" data-image-meta=\"[]\" data-image-title=\"wp-1620627108740.\" data-image-description=\"\" data-image-caption=\"\" data-large-file=\"https:\/\/pia-staehli.ch\/blog\/wp-content\/uploads\/2021\/05\/wp-1620627108740..jpg\" src=\"https:\/\/pia-staehli.ch\/blog\/wp-content\/uploads\/2021\/05\/wp-1620627108740..jpg\" alt=\"\" class=\"wp-image-22576\"\/><\/figure>\n\n\n\n<p>Das alles konnten wir bei sch\u00f6nem Wetter auf unserer neu gemachten Terrasse geniessen. Die Holzdielen auf der Terrasse waren in die Jahre gekommen und ein paar Latten waren lose.<\/p>\n\n\n\n<figure class=\"wp-block-image size-large\"><img loading=\"lazy\" decoding=\"async\" width=\"2560\" height=\"1920\" data-attachment-id=\"22582\" data-permalink=\"https:\/\/pia-staehli.ch\/blog\/2021\/05\/11\/neue-terrasse\/p1118074\/\" data-orig-file=\"https:\/\/pia-staehli.ch\/blog\/wp-content\/uploads\/2021\/05\/P1118074-scaled.jpg\" data-orig-size=\"2560,1920\" data-comments-opened=\"1\" data-image-meta=\"{&quot;aperture&quot;:&quot;3.3&quot;,&quot;credit&quot;:&quot;&quot;,&quot;camera&quot;:&quot;DC-TZ96&quot;,&quot;caption&quot;:&quot;&quot;,&quot;created_timestamp&quot;:&quot;1619447789&quot;,&quot;copyright&quot;:&quot;&quot;,&quot;focal_length&quot;:&quot;4.3&quot;,&quot;iso&quot;:&quot;80&quot;,&quot;shutter_speed&quot;:&quot;0.0025&quot;,&quot;title&quot;:&quot;&quot;,&quot;orientation&quot;:&quot;1&quot;}\" data-image-title=\"P1118074\" data-image-description=\"\" data-image-caption=\"\" data-large-file=\"https:\/\/pia-staehli.ch\/blog\/wp-content\/uploads\/2021\/05\/P1118074-scaled.jpg\" src=\"https:\/\/pia-staehli.ch\/blog\/wp-content\/uploads\/2021\/05\/P1118074-scaled.jpg\" alt=\"\" class=\"wp-image-22582\" srcset=\"https:\/\/pia-staehli.ch\/blog\/wp-content\/uploads\/2021\/05\/P1118074-scaled.jpg 2560w, https:\/\/pia-staehli.ch\/blog\/wp-content\/uploads\/2021\/05\/P1118074-300x225.jpg 300w\" sizes=\"auto, (max-width: 2560px) 100vw, 2560px\" \/><\/figure>\n\n\n\n<p>Auch die Unterkonstruktion musste erneuert werden.<\/p>\n\n\n\n<figure class=\"wp-block-image is-resized\"><img loading=\"lazy\" decoding=\"async\" src=\"https:\/\/i1.wp.com\/pia-staehli.ch\/blog\/wp-content\/uploads\/2021\/05\/P1118113-scaled.jpg?fit=474%2C344&amp;ssl=1\" alt=\"Dieses Bild hat ein leeres Alt-Attribut. Der Dateiname ist P1118113-scaled.jpg\" width=\"799\" height=\"538\"\/><\/figure>\n\n\n\n<p>Wir haben uns f\u00fcr Holzdielen entschieden, die nicht mehr mit Schrauben von oben sichtbar festgeschraubt werden. Die Douglasiedielen sind mit einer Nut versehen und werden mit Klemmen auf die Unterkonstruktion geschraubt. <\/p>\n\n\n\n<figure class=\"wp-block-image size-full\"><img loading=\"lazy\" decoding=\"async\" width=\"2560\" height=\"1920\" data-attachment-id=\"22584\" data-permalink=\"https:\/\/pia-staehli.ch\/blog\/2021\/05\/11\/neue-terrasse\/p1118244\/\" data-orig-file=\"https:\/\/pia-staehli.ch\/blog\/wp-content\/uploads\/2021\/05\/P1118244-scaled.jpg\" data-orig-size=\"2560,1920\" data-comments-opened=\"1\" data-image-meta=\"{&quot;aperture&quot;:&quot;3.3&quot;,&quot;credit&quot;:&quot;&quot;,&quot;camera&quot;:&quot;DC-TZ96&quot;,&quot;caption&quot;:&quot;&quot;,&quot;created_timestamp&quot;:&quot;1620404586&quot;,&quot;copyright&quot;:&quot;&quot;,&quot;focal_length&quot;:&quot;4.3&quot;,&quot;iso&quot;:&quot;80&quot;,&quot;shutter_speed&quot;:&quot;0.008&quot;,&quot;title&quot;:&quot;&quot;,&quot;orientation&quot;:&quot;1&quot;}\" data-image-title=\"P1118244\" data-image-description=\"\" data-image-caption=\"\" data-large-file=\"https:\/\/pia-staehli.ch\/blog\/wp-content\/uploads\/2021\/05\/P1118244-1024x768.jpg\" src=\"https:\/\/pia-staehli.ch\/blog\/wp-content\/uploads\/2021\/05\/P1118244-scaled.jpg\" alt=\"\" class=\"wp-image-22584\" srcset=\"https:\/\/pia-staehli.ch\/blog\/wp-content\/uploads\/2021\/05\/P1118244-scaled.jpg 2560w, https:\/\/pia-staehli.ch\/blog\/wp-content\/uploads\/2021\/05\/P1118244-300x225.jpg 300w, https:\/\/pia-staehli.ch\/blog\/wp-content\/uploads\/2021\/05\/P1118244-1024x768.jpg 1024w, https:\/\/pia-staehli.ch\/blog\/wp-content\/uploads\/2021\/05\/P1118244-768x576.jpg 768w, https:\/\/pia-staehli.ch\/blog\/wp-content\/uploads\/2021\/05\/P1118244-1536x1152.jpg 1536w, https:\/\/pia-staehli.ch\/blog\/wp-content\/uploads\/2021\/05\/P1118244-2048x1536.jpg 2048w\" sizes=\"auto, (max-width: 2560px) 100vw, 2560px\" \/><\/figure>\n\n\n\n<p>Zum Gl\u00fcck bekam mein Mann vom Schwiegersohn Hilfe beim Montieren. Zu zweit konnten die beiden gut Hand in Hand arbeiten und unsere Terrasse war bald mit dem neuen Belag fertiggestellt. Keine Schraube st\u00f6rt mehr und die Oberfl\u00e4che weist keine Holzsplitter mehr auf. Was sehr gut ist, f\u00fcr die kleinen F\u00fcsschen unserer Enkelin.<\/p>\n\n\n\n<figure class=\"wp-block-image size-full\"><img loading=\"lazy\" decoding=\"async\" width=\"2560\" height=\"1920\" data-attachment-id=\"22583\" data-permalink=\"https:\/\/pia-staehli.ch\/blog\/2021\/05\/11\/neue-terrasse\/p1118243\/\" data-orig-file=\"https:\/\/pia-staehli.ch\/blog\/wp-content\/uploads\/2021\/05\/P1118243-scaled.jpg\" data-orig-size=\"2560,1920\" data-comments-opened=\"1\" data-image-meta=\"{&quot;aperture&quot;:&quot;5&quot;,&quot;credit&quot;:&quot;&quot;,&quot;camera&quot;:&quot;DC-TZ96&quot;,&quot;caption&quot;:&quot;&quot;,&quot;created_timestamp&quot;:&quot;1620404552&quot;,&quot;copyright&quot;:&quot;&quot;,&quot;focal_length&quot;:&quot;4.3&quot;,&quot;iso&quot;:&quot;80&quot;,&quot;shutter_speed&quot;:&quot;0.001&quot;,&quot;title&quot;:&quot;&quot;,&quot;orientation&quot;:&quot;1&quot;}\" data-image-title=\"P1118243\" data-image-description=\"\" data-image-caption=\"\" data-large-file=\"https:\/\/pia-staehli.ch\/blog\/wp-content\/uploads\/2021\/05\/P1118243-1024x768.jpg\" src=\"https:\/\/pia-staehli.ch\/blog\/wp-content\/uploads\/2021\/05\/P1118243-scaled.jpg\" alt=\"\" class=\"wp-image-22583\" srcset=\"https:\/\/pia-staehli.ch\/blog\/wp-content\/uploads\/2021\/05\/P1118243-scaled.jpg 2560w, https:\/\/pia-staehli.ch\/blog\/wp-content\/uploads\/2021\/05\/P1118243-300x225.jpg 300w, https:\/\/pia-staehli.ch\/blog\/wp-content\/uploads\/2021\/05\/P1118243-1024x768.jpg 1024w, https:\/\/pia-staehli.ch\/blog\/wp-content\/uploads\/2021\/05\/P1118243-768x576.jpg 768w, https:\/\/pia-staehli.ch\/blog\/wp-content\/uploads\/2021\/05\/P1118243-1536x1152.jpg 1536w, https:\/\/pia-staehli.ch\/blog\/wp-content\/uploads\/2021\/05\/P1118243-2048x1536.jpg 2048w\" sizes=\"auto, (max-width: 2560px) 100vw, 2560px\" \/><\/figure>\n\n\n\n<p>Es ist einfach sch\u00f6n zu wissen, dass man auf die Familie z\u00e4hlen kann, und so freuen wir uns alle, viele gem\u00fctliche Stunden auf der sch\u00f6nen Terrasse und im Garten zu verbringen.<\/p>\n\n\n\n<figure class=\"wp-block-image\"><img decoding=\"async\" src=\"https:\/\/pia-staehli.ch\/blog\/wp-content\/uploads\/2021\/05\/P1118273.jpg\" alt=\"Dieses Bild hat ein leeres Alt-Attribut. Der Dateiname ist P1118273.jpg\"\/><\/figure>\n\n\n\n<p><a href=\"https:\/\/www.wortperlen.de\/startseite\">Rot<\/a>, <a href=\"https:\/\/creativsalat.de\/\">Creativsalat<\/a>, <a href=\"https:\/\/elfiskartenblog.blogspot.com\/\">DfD<\/a>, <a href=\"https:\/\/gartenwonne.com\/\">Fr\u00fchlingsgl\u00fcck<\/a>.<\/p>\n","protected":false},"excerpt":{"rendered":"<p>Ist er nicht sch\u00f6n, mein Muttertagsstrauss in leuchtendem Rot? Besonders gut gef\u00e4llt mir, dass die Blumen zu einem Herz gebunden sind, leider erkennt man es auf dem Foto nicht so gut.Am Samstag schrieb ich ja bereits, dass wir einen M\u00e4delstag feiern werden. Da WP am Wochenende eine St\u00f6rung hatte, konnten viele gar nicht meinen Beitrag &hellip; <a href=\"https:\/\/pia-staehli.ch\/blog\/2021\/05\/11\/neue-terrasse\/\" class=\"more-link\"><span class=\"screen-reader-text\">Neue Terrasse<\/span> weiterlesen <span class=\"meta-nav\">&rarr;<\/span><\/a><\/p>\n","protected":false},"author":2,"featured_media":0,"comment_status":"open","ping_status":"open","sticky":false,"template":"","format":"standard","meta":{"_bbp_topic_count":0,"_bbp_reply_count":0,"_bbp_total_topic_count":0,"_bbp_total_reply_count":0,"_bbp_voice_count":0,"_bbp_anonymous_reply_count":0,"_bbp_topic_count_hidden":0,"_bbp_reply_count_hidden":0,"_bbp_forum_subforum_count":0,"ngg_post_thumbnail":0,"jetpack_post_was_ever_published":false,"_jetpack_newsletter_access":"","_jetpack_dont_email_post_to_subs":false,"_jetpack_newsletter_tier_id":0,"_jetpack_memberships_contains_paywalled_content":false,"_jetpack_memberships_contains_paid_content":false,"footnotes":"","jetpack_publicize_message":"","jetpack_publicize_feature_enabled":true,"jetpack_social_post_already_shared":true,"jetpack_social_options":{"image_generator_settings":{"template":"highway","default_image_id":0,"font":"","enabled":false},"version":2}},"categories":[36,3,18,5,17,16],"tags":[],"class_list":["post-22578","post","type-post","status-publish","format-standard","hentry","category-enkelin","category-familie","category-garten","category-geschenke","category-kreativ","category-projekt"],"jetpack_publicize_connections":[],"jetpack_featured_media_url":"","jetpack_sharing_enabled":true,"jetpack_shortlink":"https:\/\/wp.me\/p4c1fj-5Sa","_links":{"self":[{"href":"https:\/\/pia-staehli.ch\/blog\/wp-json\/wp\/v2\/posts\/22578","targetHints":{"allow":["GET"]}}],"collection":[{"href":"https:\/\/pia-staehli.ch\/blog\/wp-json\/wp\/v2\/posts"}],"about":[{"href":"https:\/\/pia-staehli.ch\/blog\/wp-json\/wp\/v2\/types\/post"}],"author":[{"embeddable":true,"href":"https:\/\/pia-staehli.ch\/blog\/wp-json\/wp\/v2\/users\/2"}],"replies":[{"embeddable":true,"href":"https:\/\/pia-staehli.ch\/blog\/wp-json\/wp\/v2\/comments?post=22578"}],"version-history":[{"count":4,"href":"https:\/\/pia-staehli.ch\/blog\/wp-json\/wp\/v2\/posts\/22578\/revisions"}],"predecessor-version":[{"id":22590,"href":"https:\/\/pia-staehli.ch\/blog\/wp-json\/wp\/v2\/posts\/22578\/revisions\/22590"}],"wp:attachment":[{"href":"https:\/\/pia-staehli.ch\/blog\/wp-json\/wp\/v2\/media?parent=22578"}],"wp:term":[{"taxonomy":"category","embeddable":true,"href":"https:\/\/pia-staehli.ch\/blog\/wp-json\/wp\/v2\/categories?post=22578"},{"taxonomy":"post_tag","embeddable":true,"href":"https:\/\/pia-staehli.ch\/blog\/wp-json\/wp\/v2\/tags?post=22578"}],"curies":[{"name":"wp","href":"https:\/\/api.w.org\/{rel}","templated":true}]}}