{"id":21712,"date":"2021-01-19T06:23:02","date_gmt":"2021-01-19T05:23:02","guid":{"rendered":"https:\/\/pia-staehli.ch\/blog\/?p=21712"},"modified":"2021-01-19T06:23:02","modified_gmt":"2021-01-19T05:23:02","slug":"das-ist-doch-alles-kaese","status":"publish","type":"post","link":"https:\/\/pia-staehli.ch\/blog\/2021\/01\/19\/das-ist-doch-alles-kaese\/","title":{"rendered":"Das ist doch alles K\u00e4se"},"content":{"rendered":"\n<p>Einmal kochen, zweimal essen &#8211; das mag ich besonders gern. Die Menge war urspr\u00fcnglich noch f\u00fcr die Tochter mit Enkelin berechnet, da unser kleiner Schatz Brot \u00fcber alles liebt. Die Schneef\u00e4lle von letzter Woche lockten aber niemand freiwillig auf die Strasse und so blieben unsere Mitesser zu Hause. Mein Gem\u00fcsekuchen machte ich trotzdem: Mein Hefeteig mache ich aus 300 g Dinkelmehl, 30 g Butter, 1 TL Salz, 10 g Hefe und 200 ml Wasser. Den Teig auf um das Doppelte aufgehen lassen.<\/p>\n\n\n\n<figure class=\"wp-block-image size-large\"><img decoding=\"async\" data-attachment-id=\"21717\" data-permalink=\"https:\/\/pia-staehli.ch\/blog\/2021\/01\/19\/das-ist-doch-alles-kaese\/p1106768\/\" data-orig-file=\"https:\/\/pia-staehli.ch\/blog\/wp-content\/uploads\/2021\/01\/P1106768.jpg\" data-orig-size=\"\" data-comments-opened=\"1\" data-image-meta=\"[]\" data-image-title=\"P1106768\" data-image-description=\"\" data-image-caption=\"\" data-large-file=\"https:\/\/pia-staehli.ch\/blog\/wp-content\/uploads\/2021\/01\/P1106768.jpg\" src=\"https:\/\/pia-staehli.ch\/blog\/wp-content\/uploads\/2021\/01\/P1106768.jpg\" alt=\"\" class=\"wp-image-21717\"\/><\/figure>\n\n\n\n<p>Der Belag besteht aus einer grossen Zwiebel, eine Knoblauchzehe, Kartoffeln und Karotten. F\u00fcr den Guss nahm ich Gem\u00fcsebouillon und ein Ei.<\/p>\n\n\n\n<figure class=\"wp-block-image size-large\"><img decoding=\"async\" data-attachment-id=\"21714\" data-permalink=\"https:\/\/pia-staehli.ch\/blog\/2021\/01\/19\/das-ist-doch-alles-kaese\/p1106773\/\" data-orig-file=\"https:\/\/pia-staehli.ch\/blog\/wp-content\/uploads\/2021\/01\/P1106773.jpg\" data-orig-size=\"\" data-comments-opened=\"1\" data-image-meta=\"[]\" data-image-title=\"P1106773\" data-image-description=\"\" data-image-caption=\"\" data-large-file=\"https:\/\/pia-staehli.ch\/blog\/wp-content\/uploads\/2021\/01\/P1106773.jpg\" src=\"https:\/\/pia-staehli.ch\/blog\/wp-content\/uploads\/2021\/01\/P1106773.jpg\" alt=\"\" class=\"wp-image-21714\"\/><\/figure>\n\n\n\n<p>Nach 20 Minuten im Backofen, bei mittlerer Hitze ist der Gem\u00fcsekuchen fertig. Bei der Zubereitung liess mich das Gef\u00fchl nicht los, dass ich etwas vergessen habe. Selbstverst\u00e4ndlich w\u00fcrzte ich die Gem\u00fcsemasse mit Salz, Pfeffer, Thymian und wenig Muskatnuss. Aber etwas fehlte. Als ich das erste St\u00fcck anschnitt, bemerkte ich, dass ich den K\u00e4se vergessen habe dar\u00fcber zu verteilen. Dabei liebe ich K\u00e4se und k\u00f6nnte \u00fcber fast alles K\u00e4se streuen. Also wenn ihr meinen leckeren Gem\u00fcsekuchen nachbacken m\u00f6chtet, legt K\u00e4se, ob Greyerzer, Ziegen- oder Schafsk\u00e4se nicht zu knapp darauf.<\/p>\n\n\n\n<figure class=\"wp-block-image size-large\"><img decoding=\"async\" data-attachment-id=\"21715\" data-permalink=\"https:\/\/pia-staehli.ch\/blog\/wp-1610724588912\/\" data-orig-file=\"https:\/\/pia-staehli.ch\/blog\/wp-content\/uploads\/2021\/01\/wp-1610724588912..jpg\" data-orig-size=\"\" data-comments-opened=\"1\" data-image-meta=\"[]\" data-image-title=\"wp-1610724588912.\" data-image-description=\"\" data-image-caption=\"\" data-large-file=\"https:\/\/pia-staehli.ch\/blog\/wp-content\/uploads\/2021\/01\/wp-1610724588912..jpg\" src=\"https:\/\/pia-staehli.ch\/blog\/wp-content\/uploads\/2021\/01\/wp-1610724588912..jpg\" alt=\"\" class=\"wp-image-21715\"\/><\/figure>\n\n\n\n<p>Da wir beide sowieso nicht alles auf einmal essen konnten, wurde der Kuchen am n\u00e4chsten Tag mit viel K\u00e4se belegt und aufgew\u00e4rmt. Mit einem Salat, der aus dem Garten kommt, genossen wir in sch\u00f6nster Kulisse unser Mittagessen. Das rote Getr\u00e4nk ist kein Sirup oder Tee, sondern nat\u00fcrlicher Apfelsaft aus roten Thurgauer \u00c4pfeln, die auf dem Land des Schwiegervaters wachsen.<\/p>\n\n\n\n<figure class=\"wp-block-image size-large\"><img decoding=\"async\" data-attachment-id=\"21716\" data-permalink=\"https:\/\/pia-staehli.ch\/blog\/wp-1610724653773\/\" data-orig-file=\"https:\/\/pia-staehli.ch\/blog\/wp-content\/uploads\/2021\/01\/wp-1610724653773..jpg\" data-orig-size=\"\" data-comments-opened=\"1\" data-image-meta=\"[]\" data-image-title=\"wp-1610724653773.\" data-image-description=\"\" data-image-caption=\"\" data-large-file=\"https:\/\/pia-staehli.ch\/blog\/wp-content\/uploads\/2021\/01\/wp-1610724653773..jpg\" src=\"https:\/\/pia-staehli.ch\/blog\/wp-content\/uploads\/2021\/01\/wp-1610724653773..jpg\" alt=\"\" class=\"wp-image-21716\"\/><\/figure>\n\n\n\n<p><a href=\"https:\/\/www.wortperlen.de\/startseite\/home....\/\" data-type=\"URL\" data-id=\"https:\/\/www.wortperlen.de\/startseite\/home....\/\">Rot<\/a>, <a href=\"https:\/\/elfiskartenblog.blogspot.com\/\" data-type=\"URL\" data-id=\"https:\/\/elfiskartenblog.blogspot.com\/\">DvD<\/a>, <a href=\"https:\/\/www.creadienstag.de\/\" data-type=\"URL\" data-id=\"https:\/\/www.creadienstag.de\/\">Creadienstag<\/a>, <a href=\"http:\/\/jaipurgardening.blogspot.com\/2021\/01\/garden-affair-asiatic-lilies-blooms.html\" data-type=\"URL\" data-id=\"http:\/\/jaipurgardening.blogspot.com\/2021\/01\/garden-affair-asiatic-lilies-blooms.html\">Garden Affair<\/a>, <a href=\"https:\/\/gartenwonne.com\/\" data-type=\"URL\" data-id=\"https:\/\/gartenwonne.com\/\">Wintergl\u00fcck<\/a>, <a href=\"https:\/\/niwibo.blogspot.com\/\" data-type=\"URL\" data-id=\"https:\/\/niwibo.blogspot.com\/\">Winterfreuden<\/a><\/p>\n","protected":false},"excerpt":{"rendered":"<p>Einmal kochen, zweimal essen &#8211; das mag ich besonders gern. Die Menge war urspr\u00fcnglich noch f\u00fcr die Tochter mit Enkelin berechnet, da unser kleiner Schatz Brot \u00fcber alles liebt. Die Schneef\u00e4lle von letzter Woche lockten aber niemand freiwillig auf die Strasse und so blieben unsere Mitesser zu Hause. Mein Gem\u00fcsekuchen machte ich trotzdem: Mein Hefeteig &hellip; <a href=\"https:\/\/pia-staehli.ch\/blog\/2021\/01\/19\/das-ist-doch-alles-kaese\/\" class=\"more-link\"><span class=\"screen-reader-text\">Das ist doch alles K\u00e4se<\/span> weiterlesen <span class=\"meta-nav\">&rarr;<\/span><\/a><\/p>\n","protected":false},"author":2,"featured_media":0,"comment_status":"open","ping_status":"open","sticky":false,"template":"","format":"standard","meta":{"_bbp_topic_count":0,"_bbp_reply_count":0,"_bbp_total_topic_count":0,"_bbp_total_reply_count":0,"_bbp_voice_count":0,"_bbp_anonymous_reply_count":0,"_bbp_topic_count_hidden":0,"_bbp_reply_count_hidden":0,"_bbp_forum_subforum_count":0,"ngg_post_thumbnail":0,"jetpack_post_was_ever_published":false,"_jetpack_newsletter_access":"","_jetpack_dont_email_post_to_subs":false,"_jetpack_newsletter_tier_id":0,"_jetpack_memberships_contains_paywalled_content":false,"_jetpack_memberships_contains_paid_content":false,"footnotes":"","jetpack_publicize_message":"","jetpack_publicize_feature_enabled":true,"jetpack_social_post_already_shared":true,"jetpack_social_options":{"image_generator_settings":{"template":"highway","default_image_id":0,"font":"","enabled":false},"version":2}},"categories":[36,3,18,17,13,16,8,6],"tags":[],"class_list":["post-21712","post","type-post","status-publish","format-standard","hentry","category-enkelin","category-familie","category-garten","category-kreativ","category-natur","category-projekt","category-rezepte","category-wintergarten"],"jetpack_publicize_connections":[],"jetpack_featured_media_url":"","jetpack_sharing_enabled":true,"jetpack_shortlink":"https:\/\/wp.me\/p4c1fj-5Ec","_links":{"self":[{"href":"https:\/\/pia-staehli.ch\/blog\/wp-json\/wp\/v2\/posts\/21712","targetHints":{"allow":["GET"]}}],"collection":[{"href":"https:\/\/pia-staehli.ch\/blog\/wp-json\/wp\/v2\/posts"}],"about":[{"href":"https:\/\/pia-staehli.ch\/blog\/wp-json\/wp\/v2\/types\/post"}],"author":[{"embeddable":true,"href":"https:\/\/pia-staehli.ch\/blog\/wp-json\/wp\/v2\/users\/2"}],"replies":[{"embeddable":true,"href":"https:\/\/pia-staehli.ch\/blog\/wp-json\/wp\/v2\/comments?post=21712"}],"version-history":[{"count":4,"href":"https:\/\/pia-staehli.ch\/blog\/wp-json\/wp\/v2\/posts\/21712\/revisions"}],"predecessor-version":[{"id":21738,"href":"https:\/\/pia-staehli.ch\/blog\/wp-json\/wp\/v2\/posts\/21712\/revisions\/21738"}],"wp:attachment":[{"href":"https:\/\/pia-staehli.ch\/blog\/wp-json\/wp\/v2\/media?parent=21712"}],"wp:term":[{"taxonomy":"category","embeddable":true,"href":"https:\/\/pia-staehli.ch\/blog\/wp-json\/wp\/v2\/categories?post=21712"},{"taxonomy":"post_tag","embeddable":true,"href":"https:\/\/pia-staehli.ch\/blog\/wp-json\/wp\/v2\/tags?post=21712"}],"curies":[{"name":"wp","href":"https:\/\/api.w.org\/{rel}","templated":true}]}}