{"id":21549,"date":"2020-12-22T06:23:35","date_gmt":"2020-12-22T05:23:35","guid":{"rendered":"https:\/\/pia-staehli.ch\/blog\/?p=21549"},"modified":"2020-12-28T09:05:11","modified_gmt":"2020-12-28T08:05:11","slug":"adventsbegleiter","status":"publish","type":"post","link":"https:\/\/pia-staehli.ch\/blog\/2020\/12\/22\/adventsbegleiter\/","title":{"rendered":"Adventsbegleiter"},"content":{"rendered":"\n<p>Heute m\u00f6chte ich euch meinen Adventsbegleiter zeigen. Schon den ganzen Advent steht dieser Tannenbaum vor unserem Eingang und begr\u00fcsst alle, die zu uns kommen &#8211; diesen Advent leider nur ganz wenige. Es ist ein selbstgemachtes Geschenk von unserem Hobbyschreiner in der Familie. Als ich mit meiner Enkelin spazierte, sah ich genauso einen Tannenbaum. Ich machte ein Foto und zeigte es meinem Schwiegersohn mit dem Wunsch, dass er mir auch so eine Tanne baut. Beim n\u00e4chsten Besuch zeigte er mir schon das fertige Werk. Ich war erstaunt, wie schnell und sch\u00f6n er meinen Wunsch umgesetzt hat. Meine Freude war gross, weil ich gerne Dekorationen aus nat\u00fcrlichen Materialien habe. Geschm\u00fcckt habe ich den Blumentrog mit zwei Erika, einer Christrose und einem Tannenzweig.<\/p>\n\n\n\n<figure class=\"wp-block-image size-large\"><img loading=\"lazy\" decoding=\"async\" width=\"663\" height=\"1024\" data-attachment-id=\"21548\" data-permalink=\"https:\/\/pia-staehli.ch\/blog\/wp-1608537535482\/\" data-orig-file=\"https:\/\/pia-staehli.ch\/blog\/wp-content\/uploads\/2020\/12\/wp-1608537535482.-scaled.jpg\" data-orig-size=\"1657,2560\" data-comments-opened=\"1\" data-image-meta=\"{&quot;aperture&quot;:&quot;2.2&quot;,&quot;credit&quot;:&quot;&quot;,&quot;camera&quot;:&quot;Mi A1&quot;,&quot;caption&quot;:&quot;&quot;,&quot;created_timestamp&quot;:&quot;1608383011&quot;,&quot;copyright&quot;:&quot;&quot;,&quot;focal_length&quot;:&quot;3.83&quot;,&quot;iso&quot;:&quot;200&quot;,&quot;shutter_speed&quot;:&quot;0.01&quot;,&quot;title&quot;:&quot;&quot;,&quot;orientation&quot;:&quot;1&quot;}\" data-image-title=\"wp-1608537535482.\" data-image-description=\"\" data-image-caption=\"\" data-large-file=\"https:\/\/pia-staehli.ch\/blog\/wp-content\/uploads\/2020\/12\/wp-1608537535482.-663x1024.jpg\" src=\"https:\/\/pia-staehli.ch\/blog\/wp-content\/uploads\/2020\/12\/wp-1608537535482.-663x1024.jpg\" alt=\"\" class=\"wp-image-21548\" srcset=\"https:\/\/pia-staehli.ch\/blog\/wp-content\/uploads\/2020\/12\/wp-1608537535482.-663x1024.jpg 663w, https:\/\/pia-staehli.ch\/blog\/wp-content\/uploads\/2020\/12\/wp-1608537535482.-194x300.jpg 194w, https:\/\/pia-staehli.ch\/blog\/wp-content\/uploads\/2020\/12\/wp-1608537535482.-768x1186.jpg 768w, https:\/\/pia-staehli.ch\/blog\/wp-content\/uploads\/2020\/12\/wp-1608537535482.-994x1536.jpg 994w, https:\/\/pia-staehli.ch\/blog\/wp-content\/uploads\/2020\/12\/wp-1608537535482.-scaled.jpg 1657w\" sizes=\"auto, (max-width: 663px) 100vw, 663px\" \/><\/figure>\n\n\n\n<p>Passt doch wunderbar zu meinen anderen Advents-Holzfiguren. Vom K\u00fcnstler, der die Engel und Stern gemacht hat, habe ich bereits in <a href=\"https:\/\/pia-staehli.ch\/blog\/2020\/12\/19\/adventlicher-badesteg\/\" data-type=\"post\" data-id=\"21534\">diesem Beitrag<\/a> geschrieben.<\/p>\n\n\n\n<figure class=\"wp-block-image size-large\"><img loading=\"lazy\" decoding=\"async\" width=\"611\" height=\"1024\" data-attachment-id=\"21547\" data-permalink=\"https:\/\/pia-staehli.ch\/blog\/wp-1608537491335\/\" data-orig-file=\"https:\/\/pia-staehli.ch\/blog\/wp-content\/uploads\/2020\/12\/wp-1608537491335.-scaled.jpg\" data-orig-size=\"1528,2560\" data-comments-opened=\"1\" data-image-meta=\"{&quot;aperture&quot;:&quot;2.2&quot;,&quot;credit&quot;:&quot;&quot;,&quot;camera&quot;:&quot;Mi A1&quot;,&quot;caption&quot;:&quot;&quot;,&quot;created_timestamp&quot;:&quot;1608383227&quot;,&quot;copyright&quot;:&quot;&quot;,&quot;focal_length&quot;:&quot;3.83&quot;,&quot;iso&quot;:&quot;160&quot;,&quot;shutter_speed&quot;:&quot;0.02&quot;,&quot;title&quot;:&quot;&quot;,&quot;orientation&quot;:&quot;1&quot;}\" data-image-title=\"wp-1608537491335.\" data-image-description=\"\" data-image-caption=\"\" data-large-file=\"https:\/\/pia-staehli.ch\/blog\/wp-content\/uploads\/2020\/12\/wp-1608537491335.-611x1024.jpg\" src=\"https:\/\/pia-staehli.ch\/blog\/wp-content\/uploads\/2020\/12\/wp-1608537491335.-611x1024.jpg\" alt=\"\" class=\"wp-image-21547\" srcset=\"https:\/\/pia-staehli.ch\/blog\/wp-content\/uploads\/2020\/12\/wp-1608537491335.-611x1024.jpg 611w, https:\/\/pia-staehli.ch\/blog\/wp-content\/uploads\/2020\/12\/wp-1608537491335.-179x300.jpg 179w, https:\/\/pia-staehli.ch\/blog\/wp-content\/uploads\/2020\/12\/wp-1608537491335.-768x1287.jpg 768w, https:\/\/pia-staehli.ch\/blog\/wp-content\/uploads\/2020\/12\/wp-1608537491335.-scaled.jpg 1528w\" sizes=\"auto, (max-width: 611px) 100vw, 611px\" \/><\/figure>\n\n\n\n<p>Der Tannenbaum ist stabil gebaut, der wird sicher lange halten. Es w\u00e4re sch\u00f6n, wenn im n\u00e4chsten Advent wieder mehr Besucher kommen und ihn bewundern k\u00f6nnen. <\/p>\n\n\n\n<p><a href=\"https:\/\/www.wortperlen.de\/startseite\/home....\/\">Rot<\/a>, <a href=\"https:\/\/elfiskartenblog.blogspot.com\/\">DvD<\/a>, <a href=\"https:\/\/gartenwonne.com\/2020\/12\/das-rotkehlchen-und-weihnachten\/\">Wintergl\u00fcck<\/a>, <a href=\"http:\/\/jaipurgardening.blogspot.com\/2020\/12\/garden-affair-merry-xmas.html\">Garden Affair<\/a><\/p>\n","protected":false},"excerpt":{"rendered":"<p>Heute m\u00f6chte ich euch meinen Adventsbegleiter zeigen. Schon den ganzen Advent steht dieser Tannenbaum vor unserem Eingang und begr\u00fcsst alle, die zu uns kommen &#8211; diesen Advent leider nur ganz wenige. Es ist ein selbstgemachtes Geschenk von unserem Hobbyschreiner in der Familie. Als ich mit meiner Enkelin spazierte, sah ich genauso einen Tannenbaum. Ich machte &hellip; <a href=\"https:\/\/pia-staehli.ch\/blog\/2020\/12\/22\/adventsbegleiter\/\" class=\"more-link\"><span class=\"screen-reader-text\">Adventsbegleiter<\/span> weiterlesen <span class=\"meta-nav\">&rarr;<\/span><\/a><\/p>\n","protected":false},"author":2,"featured_media":0,"comment_status":"open","ping_status":"open","sticky":false,"template":"","format":"standard","meta":{"_bbp_topic_count":0,"_bbp_reply_count":0,"_bbp_total_topic_count":0,"_bbp_total_reply_count":0,"_bbp_voice_count":0,"_bbp_anonymous_reply_count":0,"_bbp_topic_count_hidden":0,"_bbp_reply_count_hidden":0,"_bbp_forum_subforum_count":0,"ngg_post_thumbnail":0,"jetpack_post_was_ever_published":false,"_jetpack_newsletter_access":"","_jetpack_dont_email_post_to_subs":false,"_jetpack_newsletter_tier_id":0,"_jetpack_memberships_contains_paywalled_content":false,"_jetpack_memberships_contains_paid_content":false,"footnotes":"","jetpack_publicize_message":"","jetpack_publicize_feature_enabled":true,"jetpack_social_post_already_shared":true,"jetpack_social_options":{"image_generator_settings":{"template":"highway","default_image_id":0,"font":"","enabled":false},"version":2}},"categories":[36,3,9,5,17,13,16,4],"tags":[],"class_list":["post-21549","post","type-post","status-publish","format-standard","hentry","category-enkelin","category-familie","category-freunde","category-geschenke","category-kreativ","category-natur","category-projekt","category-weihnachten"],"jetpack_publicize_connections":[],"jetpack_featured_media_url":"","jetpack_sharing_enabled":true,"jetpack_shortlink":"https:\/\/wp.me\/p4c1fj-5Bz","_links":{"self":[{"href":"https:\/\/pia-staehli.ch\/blog\/wp-json\/wp\/v2\/posts\/21549","targetHints":{"allow":["GET"]}}],"collection":[{"href":"https:\/\/pia-staehli.ch\/blog\/wp-json\/wp\/v2\/posts"}],"about":[{"href":"https:\/\/pia-staehli.ch\/blog\/wp-json\/wp\/v2\/types\/post"}],"author":[{"embeddable":true,"href":"https:\/\/pia-staehli.ch\/blog\/wp-json\/wp\/v2\/users\/2"}],"replies":[{"embeddable":true,"href":"https:\/\/pia-staehli.ch\/blog\/wp-json\/wp\/v2\/comments?post=21549"}],"version-history":[{"count":5,"href":"https:\/\/pia-staehli.ch\/blog\/wp-json\/wp\/v2\/posts\/21549\/revisions"}],"predecessor-version":[{"id":21580,"href":"https:\/\/pia-staehli.ch\/blog\/wp-json\/wp\/v2\/posts\/21549\/revisions\/21580"}],"wp:attachment":[{"href":"https:\/\/pia-staehli.ch\/blog\/wp-json\/wp\/v2\/media?parent=21549"}],"wp:term":[{"taxonomy":"category","embeddable":true,"href":"https:\/\/pia-staehli.ch\/blog\/wp-json\/wp\/v2\/categories?post=21549"},{"taxonomy":"post_tag","embeddable":true,"href":"https:\/\/pia-staehli.ch\/blog\/wp-json\/wp\/v2\/tags?post=21549"}],"curies":[{"name":"wp","href":"https:\/\/api.w.org\/{rel}","templated":true}]}}