{"id":20475,"date":"2020-08-04T05:46:12","date_gmt":"2020-08-04T04:46:12","guid":{"rendered":"https:\/\/pia-staehli.ch\/blog\/?p=20475"},"modified":"2020-08-05T18:57:59","modified_gmt":"2020-08-05T17:57:59","slug":"rot-weiss","status":"publish","type":"post","link":"https:\/\/pia-staehli.ch\/blog\/2020\/08\/04\/rot-weiss\/","title":{"rendered":"Rot &#8211; Weiss"},"content":{"rendered":"\n<p>Im kleinen Familienkreis feierten wir den Nationalfeiertag der Schweiz. Der &#8222;1. August&#8220; wie der Nationalfeiertag bei uns genannt wird, gibt es seit 1891. Etwas vom besten an diesem offiziellen Feiertag ist, dass er Mitten im Sommer ist und es daher fast immer sch\u00f6nes Wetter ist und wir oft draussen feiern k\u00f6nnen. Die grossen \u00f6ffentlichen Bundesfeiern wurden alle wegen der Pandemie abgesagt. Doch im Garten h\u00e4ngte ich die Girlande mit den Kantonswappen auf. Das ist immer wieder ein kleines Quiz wer von uns denn alle Wappen zuordnen kann.<\/p>\n\n\n\n<figure class=\"wp-block-image size-large is-resized\"><img loading=\"lazy\" decoding=\"async\" data-attachment-id=\"20489\" data-permalink=\"https:\/\/pia-staehli.ch\/blog\/2020\/08\/04\/rot-weiss\/p1084515\/\" data-orig-file=\"https:\/\/pia-staehli.ch\/blog\/wp-content\/uploads\/2020\/08\/P1084515.jpg\" data-orig-size=\"2074,1555\" data-comments-opened=\"1\" data-image-meta=\"{&quot;aperture&quot;:&quot;3.3&quot;,&quot;credit&quot;:&quot;&quot;,&quot;camera&quot;:&quot;DC-TZ96&quot;,&quot;caption&quot;:&quot;&quot;,&quot;created_timestamp&quot;:&quot;1596278148&quot;,&quot;copyright&quot;:&quot;&quot;,&quot;focal_length&quot;:&quot;4.3&quot;,&quot;iso&quot;:&quot;80&quot;,&quot;shutter_speed&quot;:&quot;0.0015625&quot;,&quot;title&quot;:&quot;&quot;,&quot;orientation&quot;:&quot;1&quot;}\" data-image-title=\"P1084515\" data-image-description=\"\" data-image-caption=\"\" data-large-file=\"https:\/\/pia-staehli.ch\/blog\/wp-content\/uploads\/2020\/08\/P1084515-1024x768.jpg\" src=\"https:\/\/i0.wp.com\/pia-staehli.ch\/blog\/wp-content\/uploads\/2020\/08\/P1084515.jpg?fit=474%2C356\" alt=\"\" class=\"wp-image-20489\" width=\"504\" height=\"377\" srcset=\"https:\/\/pia-staehli.ch\/blog\/wp-content\/uploads\/2020\/08\/P1084515.jpg 2074w, https:\/\/pia-staehli.ch\/blog\/wp-content\/uploads\/2020\/08\/P1084515-300x225.jpg 300w, https:\/\/pia-staehli.ch\/blog\/wp-content\/uploads\/2020\/08\/P1084515-1024x768.jpg 1024w, https:\/\/pia-staehli.ch\/blog\/wp-content\/uploads\/2020\/08\/P1084515-768x576.jpg 768w, https:\/\/pia-staehli.ch\/blog\/wp-content\/uploads\/2020\/08\/P1084515-1536x1152.jpg 1536w, https:\/\/pia-staehli.ch\/blog\/wp-content\/uploads\/2020\/08\/P1084515-2048x1536.jpg 2048w\" sizes=\"auto, (max-width: 504px) 100vw, 504px\" \/><\/figure>\n\n\n\n<p>Die Farben rot und weiss dominieren nat\u00fcrlich an diesem Tag.<\/p>\n\n\n\n<figure class=\"wp-block-image size-large\"><img loading=\"lazy\" decoding=\"async\" width=\"1024\" height=\"768\" data-attachment-id=\"20487\" data-permalink=\"https:\/\/pia-staehli.ch\/blog\/wp-1596395175812-2\/\" data-orig-file=\"https:\/\/pia-staehli.ch\/blog\/wp-content\/uploads\/2020\/08\/wp-1596395175812.-1.jpg\" data-orig-size=\"1600,1200\" data-comments-opened=\"1\" data-image-meta=\"{&quot;aperture&quot;:&quot;0&quot;,&quot;credit&quot;:&quot;&quot;,&quot;camera&quot;:&quot;&quot;,&quot;caption&quot;:&quot;&quot;,&quot;created_timestamp&quot;:&quot;0&quot;,&quot;copyright&quot;:&quot;&quot;,&quot;focal_length&quot;:&quot;0&quot;,&quot;iso&quot;:&quot;0&quot;,&quot;shutter_speed&quot;:&quot;0&quot;,&quot;title&quot;:&quot;&quot;,&quot;orientation&quot;:&quot;0&quot;}\" data-image-title=\"wp-1596395175812..jpg\" data-image-description=\"\" data-image-caption=\"\" data-large-file=\"https:\/\/pia-staehli.ch\/blog\/wp-content\/uploads\/2020\/08\/wp-1596395175812.-1-1024x768.jpg\" src=\"https:\/\/pia-staehli.ch\/blog\/wp-content\/uploads\/2020\/08\/wp-1596395175812.-1-1024x768.jpg\" alt=\"\" class=\"wp-image-20487\" srcset=\"https:\/\/pia-staehli.ch\/blog\/wp-content\/uploads\/2020\/08\/wp-1596395175812.-1-1024x768.jpg 1024w, https:\/\/pia-staehli.ch\/blog\/wp-content\/uploads\/2020\/08\/wp-1596395175812.-1-300x225.jpg 300w, https:\/\/pia-staehli.ch\/blog\/wp-content\/uploads\/2020\/08\/wp-1596395175812.-1-768x576.jpg 768w, https:\/\/pia-staehli.ch\/blog\/wp-content\/uploads\/2020\/08\/wp-1596395175812.-1-1536x1152.jpg 1536w, https:\/\/pia-staehli.ch\/blog\/wp-content\/uploads\/2020\/08\/wp-1596395175812.-1.jpg 1600w\" sizes=\"auto, (max-width: 1024px) 100vw, 1024px\" \/><\/figure>\n\n\n\n<figure class=\"wp-block-image size-large\"><img loading=\"lazy\" decoding=\"async\" width=\"1024\" height=\"794\" data-attachment-id=\"20490\" data-permalink=\"https:\/\/pia-staehli.ch\/blog\/2020\/08\/04\/rot-weiss\/p1084518\/\" data-orig-file=\"https:\/\/pia-staehli.ch\/blog\/wp-content\/uploads\/2020\/08\/P1084518.jpg\" data-orig-size=\"1433,1111\" data-comments-opened=\"1\" data-image-meta=\"{&quot;aperture&quot;:&quot;3.3&quot;,&quot;credit&quot;:&quot;&quot;,&quot;camera&quot;:&quot;DC-TZ96&quot;,&quot;caption&quot;:&quot;&quot;,&quot;created_timestamp&quot;:&quot;1596278193&quot;,&quot;copyright&quot;:&quot;&quot;,&quot;focal_length&quot;:&quot;4.3&quot;,&quot;iso&quot;:&quot;80&quot;,&quot;shutter_speed&quot;:&quot;0.0125&quot;,&quot;title&quot;:&quot;&quot;,&quot;orientation&quot;:&quot;1&quot;}\" data-image-title=\"P1084518\" data-image-description=\"\" data-image-caption=\"\" data-large-file=\"https:\/\/pia-staehli.ch\/blog\/wp-content\/uploads\/2020\/08\/P1084518-1024x794.jpg\" src=\"https:\/\/pia-staehli.ch\/blog\/wp-content\/uploads\/2020\/08\/P1084518-1024x794.jpg\" alt=\"\" class=\"wp-image-20490\" srcset=\"https:\/\/pia-staehli.ch\/blog\/wp-content\/uploads\/2020\/08\/P1084518-1024x794.jpg 1024w, https:\/\/pia-staehli.ch\/blog\/wp-content\/uploads\/2020\/08\/P1084518-300x233.jpg 300w, https:\/\/pia-staehli.ch\/blog\/wp-content\/uploads\/2020\/08\/P1084518-768x595.jpg 768w, https:\/\/pia-staehli.ch\/blog\/wp-content\/uploads\/2020\/08\/P1084518.jpg 1433w\" sizes=\"auto, (max-width: 1024px) 100vw, 1024px\" \/><\/figure>\n\n\n\n<p>Die Nationalfarben d\u00fcrfen nat\u00fcrlich auch beim Essen nicht fehlen.<\/p>\n\n\n\n<figure class=\"wp-block-image size-large\"><img loading=\"lazy\" decoding=\"async\" width=\"1024\" height=\"768\" data-attachment-id=\"20476\" data-permalink=\"https:\/\/pia-staehli.ch\/blog\/wp-1596395175760\/\" data-orig-file=\"https:\/\/pia-staehli.ch\/blog\/wp-content\/uploads\/2020\/08\/wp-1596395175760..jpg\" data-orig-size=\"1600,1200\" data-comments-opened=\"1\" data-image-meta=\"{&quot;aperture&quot;:&quot;0&quot;,&quot;credit&quot;:&quot;&quot;,&quot;camera&quot;:&quot;&quot;,&quot;caption&quot;:&quot;&quot;,&quot;created_timestamp&quot;:&quot;0&quot;,&quot;copyright&quot;:&quot;&quot;,&quot;focal_length&quot;:&quot;0&quot;,&quot;iso&quot;:&quot;0&quot;,&quot;shutter_speed&quot;:&quot;0&quot;,&quot;title&quot;:&quot;&quot;,&quot;orientation&quot;:&quot;0&quot;}\" data-image-title=\"wp-1596395175760..jpg\" data-image-description=\"\" data-image-caption=\"\" data-large-file=\"https:\/\/pia-staehli.ch\/blog\/wp-content\/uploads\/2020\/08\/wp-1596395175760.-1024x768.jpg\" src=\"https:\/\/pia-staehli.ch\/blog\/wp-content\/uploads\/2020\/08\/wp-1596395175760.-1024x768.jpg\" alt=\"\" class=\"wp-image-20476\" srcset=\"https:\/\/pia-staehli.ch\/blog\/wp-content\/uploads\/2020\/08\/wp-1596395175760.-1024x768.jpg 1024w, https:\/\/pia-staehli.ch\/blog\/wp-content\/uploads\/2020\/08\/wp-1596395175760.-300x225.jpg 300w, https:\/\/pia-staehli.ch\/blog\/wp-content\/uploads\/2020\/08\/wp-1596395175760.-768x576.jpg 768w, https:\/\/pia-staehli.ch\/blog\/wp-content\/uploads\/2020\/08\/wp-1596395175760.-1536x1152.jpg 1536w, https:\/\/pia-staehli.ch\/blog\/wp-content\/uploads\/2020\/08\/wp-1596395175760..jpg 1600w\" sizes=\"auto, (max-width: 1024px) 100vw, 1024px\" \/><\/figure>\n\n\n\n<figure class=\"wp-block-image size-large\"><img loading=\"lazy\" decoding=\"async\" width=\"1024\" height=\"537\" data-attachment-id=\"20491\" data-permalink=\"https:\/\/pia-staehli.ch\/blog\/2020\/08\/04\/rot-weiss\/p1084530\/\" data-orig-file=\"https:\/\/pia-staehli.ch\/blog\/wp-content\/uploads\/2020\/08\/P1084530.jpg\" data-orig-size=\"1840,965\" data-comments-opened=\"1\" data-image-meta=\"{&quot;aperture&quot;:&quot;3.3&quot;,&quot;credit&quot;:&quot;&quot;,&quot;camera&quot;:&quot;DC-TZ96&quot;,&quot;caption&quot;:&quot;&quot;,&quot;created_timestamp&quot;:&quot;1596284220&quot;,&quot;copyright&quot;:&quot;&quot;,&quot;focal_length&quot;:&quot;4.3&quot;,&quot;iso&quot;:&quot;500&quot;,&quot;shutter_speed&quot;:&quot;0.016666666666667&quot;,&quot;title&quot;:&quot;&quot;,&quot;orientation&quot;:&quot;1&quot;}\" data-image-title=\"P1084530\" data-image-description=\"\" data-image-caption=\"\" data-large-file=\"https:\/\/pia-staehli.ch\/blog\/wp-content\/uploads\/2020\/08\/P1084530-1024x537.jpg\" src=\"https:\/\/pia-staehli.ch\/blog\/wp-content\/uploads\/2020\/08\/P1084530-1024x537.jpg\" alt=\"\" class=\"wp-image-20491\" srcset=\"https:\/\/pia-staehli.ch\/blog\/wp-content\/uploads\/2020\/08\/P1084530-1024x537.jpg 1024w, https:\/\/pia-staehli.ch\/blog\/wp-content\/uploads\/2020\/08\/P1084530-300x157.jpg 300w, https:\/\/pia-staehli.ch\/blog\/wp-content\/uploads\/2020\/08\/P1084530-768x403.jpg 768w, https:\/\/pia-staehli.ch\/blog\/wp-content\/uploads\/2020\/08\/P1084530-1536x806.jpg 1536w, https:\/\/pia-staehli.ch\/blog\/wp-content\/uploads\/2020\/08\/P1084530.jpg 1840w\" sizes=\"auto, (max-width: 1024px) 100vw, 1024px\" \/><\/figure>\n\n\n\n<p>Seit ich meine erste <a href=\"https:\/\/pia-staehli.ch\/blog\/2020\/05\/26\/erdbeerroulade\/\">Roulade<\/a> dieses Jahr gebacken habe, gibt es die jetzt immer wieder. Da momentan die Himbeeren im Garten reif sind, machte ich diesmal eine Himbeerroulade.<\/p>\n\n\n\n<figure class=\"wp-block-image size-large is-resized\"><img loading=\"lazy\" decoding=\"async\" data-attachment-id=\"20492\" data-permalink=\"https:\/\/pia-staehli.ch\/blog\/2020\/08\/04\/rot-weiss\/p1084584\/\" data-orig-file=\"https:\/\/pia-staehli.ch\/blog\/wp-content\/uploads\/2020\/08\/P1084584.jpg\" data-orig-size=\"2074,1555\" data-comments-opened=\"1\" data-image-meta=\"{&quot;aperture&quot;:&quot;3.3&quot;,&quot;credit&quot;:&quot;&quot;,&quot;camera&quot;:&quot;DC-TZ96&quot;,&quot;caption&quot;:&quot;&quot;,&quot;created_timestamp&quot;:&quot;1596368202&quot;,&quot;copyright&quot;:&quot;&quot;,&quot;focal_length&quot;:&quot;4.3&quot;,&quot;iso&quot;:&quot;800&quot;,&quot;shutter_speed&quot;:&quot;0.016666666666667&quot;,&quot;title&quot;:&quot;&quot;,&quot;orientation&quot;:&quot;1&quot;}\" data-image-title=\"P1084584\" data-image-description=\"\" data-image-caption=\"\" data-large-file=\"https:\/\/pia-staehli.ch\/blog\/wp-content\/uploads\/2020\/08\/P1084584-1024x768.jpg\" src=\"https:\/\/i1.wp.com\/pia-staehli.ch\/blog\/wp-content\/uploads\/2020\/08\/P1084584.jpg?fit=474%2C356\" alt=\"\" class=\"wp-image-20492\" width=\"507\" height=\"380\" srcset=\"https:\/\/pia-staehli.ch\/blog\/wp-content\/uploads\/2020\/08\/P1084584.jpg 2074w, https:\/\/pia-staehli.ch\/blog\/wp-content\/uploads\/2020\/08\/P1084584-300x225.jpg 300w, https:\/\/pia-staehli.ch\/blog\/wp-content\/uploads\/2020\/08\/P1084584-1024x768.jpg 1024w, https:\/\/pia-staehli.ch\/blog\/wp-content\/uploads\/2020\/08\/P1084584-768x576.jpg 768w, https:\/\/pia-staehli.ch\/blog\/wp-content\/uploads\/2020\/08\/P1084584-1536x1152.jpg 1536w, https:\/\/pia-staehli.ch\/blog\/wp-content\/uploads\/2020\/08\/P1084584-2048x1536.jpg 2048w\" sizes=\"auto, (max-width: 507px) 100vw, 507px\" \/><\/figure>\n\n\n\n<p>Raketen und Feuerwerk gab es bei uns keines, aber ein lauer Sommerabend war uns verg\u00f6nnt.<\/p>\n\n\n\n<figure class=\"wp-block-image size-large\"><img loading=\"lazy\" decoding=\"async\" width=\"1024\" height=\"820\" data-attachment-id=\"20478\" data-permalink=\"https:\/\/pia-staehli.ch\/blog\/wp-1596395175797\/\" data-orig-file=\"https:\/\/pia-staehli.ch\/blog\/wp-content\/uploads\/2020\/08\/wp-1596395175797..jpg\" data-orig-size=\"1600,1282\" data-comments-opened=\"1\" data-image-meta=\"{&quot;aperture&quot;:&quot;0&quot;,&quot;credit&quot;:&quot;&quot;,&quot;camera&quot;:&quot;&quot;,&quot;caption&quot;:&quot;&quot;,&quot;created_timestamp&quot;:&quot;0&quot;,&quot;copyright&quot;:&quot;&quot;,&quot;focal_length&quot;:&quot;0&quot;,&quot;iso&quot;:&quot;0&quot;,&quot;shutter_speed&quot;:&quot;0&quot;,&quot;title&quot;:&quot;&quot;,&quot;orientation&quot;:&quot;0&quot;}\" data-image-title=\"wp-1596395175797..jpg\" data-image-description=\"\" data-image-caption=\"\" data-large-file=\"https:\/\/pia-staehli.ch\/blog\/wp-content\/uploads\/2020\/08\/wp-1596395175797.-1024x820.jpg\" src=\"https:\/\/pia-staehli.ch\/blog\/wp-content\/uploads\/2020\/08\/wp-1596395175797.-1024x820.jpg\" alt=\"\" class=\"wp-image-20478\" srcset=\"https:\/\/pia-staehli.ch\/blog\/wp-content\/uploads\/2020\/08\/wp-1596395175797.-1024x820.jpg 1024w, https:\/\/pia-staehli.ch\/blog\/wp-content\/uploads\/2020\/08\/wp-1596395175797.-300x240.jpg 300w, https:\/\/pia-staehli.ch\/blog\/wp-content\/uploads\/2020\/08\/wp-1596395175797.-768x615.jpg 768w, https:\/\/pia-staehli.ch\/blog\/wp-content\/uploads\/2020\/08\/wp-1596395175797.-1536x1231.jpg 1536w, https:\/\/pia-staehli.ch\/blog\/wp-content\/uploads\/2020\/08\/wp-1596395175797..jpg 1600w\" sizes=\"auto, (max-width: 1024px) 100vw, 1024px\" \/><\/figure>\n\n\n\n<p><a href=\"https:\/\/www.wortperlen.de\/startseite\/home....\/\">Rot<\/a>, <a href=\"https:\/\/elfiskartenblog.blogspot.com\/\">DvD<\/a>, <a href=\"https:\/\/www.creadienstag.de\/\">Creadienstag<\/a><\/p>\n","protected":false},"excerpt":{"rendered":"<p>Im kleinen Familienkreis feierten wir den Nationalfeiertag der Schweiz. Der &#8222;1. August&#8220; wie der Nationalfeiertag bei uns genannt wird, gibt es seit 1891. Etwas vom besten an diesem offiziellen Feiertag ist, dass er Mitten im Sommer ist und es daher fast immer sch\u00f6nes Wetter ist und wir oft draussen feiern k\u00f6nnen. Die grossen \u00f6ffentlichen Bundesfeiern &hellip; <a href=\"https:\/\/pia-staehli.ch\/blog\/2020\/08\/04\/rot-weiss\/\" class=\"more-link\"><span class=\"screen-reader-text\">Rot &#8211; Weiss<\/span> weiterlesen <span class=\"meta-nav\">&rarr;<\/span><\/a><\/p>\n","protected":false},"author":2,"featured_media":0,"comment_status":"open","ping_status":"open","sticky":false,"template":"","format":"standard","meta":{"_bbp_topic_count":0,"_bbp_reply_count":0,"_bbp_total_topic_count":0,"_bbp_total_reply_count":0,"_bbp_voice_count":0,"_bbp_anonymous_reply_count":0,"_bbp_topic_count_hidden":0,"_bbp_reply_count_hidden":0,"_bbp_forum_subforum_count":0,"ngg_post_thumbnail":0,"jetpack_post_was_ever_published":false,"_jetpack_newsletter_access":"","_jetpack_dont_email_post_to_subs":false,"_jetpack_newsletter_tier_id":0,"_jetpack_memberships_contains_paywalled_content":false,"_jetpack_memberships_contains_paid_content":false,"footnotes":"","jetpack_publicize_message":"","jetpack_publicize_feature_enabled":true,"jetpack_social_post_already_shared":true,"jetpack_social_options":{"image_generator_settings":{"template":"highway","default_image_id":0,"font":"","enabled":false},"version":2}},"categories":[3,9,18,17,13,16,8],"tags":[],"class_list":["post-20475","post","type-post","status-publish","format-standard","hentry","category-familie","category-freunde","category-garten","category-kreativ","category-natur","category-projekt","category-rezepte"],"jetpack_publicize_connections":[],"jetpack_featured_media_url":"","jetpack_sharing_enabled":true,"jetpack_shortlink":"https:\/\/wp.me\/p4c1fj-5kf","_links":{"self":[{"href":"https:\/\/pia-staehli.ch\/blog\/wp-json\/wp\/v2\/posts\/20475","targetHints":{"allow":["GET"]}}],"collection":[{"href":"https:\/\/pia-staehli.ch\/blog\/wp-json\/wp\/v2\/posts"}],"about":[{"href":"https:\/\/pia-staehli.ch\/blog\/wp-json\/wp\/v2\/types\/post"}],"author":[{"embeddable":true,"href":"https:\/\/pia-staehli.ch\/blog\/wp-json\/wp\/v2\/users\/2"}],"replies":[{"embeddable":true,"href":"https:\/\/pia-staehli.ch\/blog\/wp-json\/wp\/v2\/comments?post=20475"}],"version-history":[{"count":5,"href":"https:\/\/pia-staehli.ch\/blog\/wp-json\/wp\/v2\/posts\/20475\/revisions"}],"predecessor-version":[{"id":20499,"href":"https:\/\/pia-staehli.ch\/blog\/wp-json\/wp\/v2\/posts\/20475\/revisions\/20499"}],"wp:attachment":[{"href":"https:\/\/pia-staehli.ch\/blog\/wp-json\/wp\/v2\/media?parent=20475"}],"wp:term":[{"taxonomy":"category","embeddable":true,"href":"https:\/\/pia-staehli.ch\/blog\/wp-json\/wp\/v2\/categories?post=20475"},{"taxonomy":"post_tag","embeddable":true,"href":"https:\/\/pia-staehli.ch\/blog\/wp-json\/wp\/v2\/tags?post=20475"}],"curies":[{"name":"wp","href":"https:\/\/api.w.org\/{rel}","templated":true}]}}