{"id":20110,"date":"2020-06-09T06:37:45","date_gmt":"2020-06-09T05:37:45","guid":{"rendered":"https:\/\/pia-staehli.ch\/blog\/?p=20110"},"modified":"2020-06-09T07:16:44","modified_gmt":"2020-06-09T06:16:44","slug":"meine-ersten-kleidchen","status":"publish","type":"post","link":"https:\/\/pia-staehli.ch\/blog\/2020\/06\/09\/meine-ersten-kleidchen\/","title":{"rendered":"Meine ersten Kleidchen"},"content":{"rendered":"\n<p>Ich bin ganz verliebt in die Kleidchen, die ich f\u00fcr meine Enkelin f\u00fcr den Sommer gen\u00e4ht habe. In den R\u00f6ckchen sieht sie einfach s\u00fcss aus. Und praktisch sind die Kleidchen auch. Unter dem R\u00f6ckchen habe ich aus leichtem Baumwolljersey einen Body mit kurzen \u00c4rmeln in Gr\u00f6sse 68 gen\u00e4ht. Mit dem Body unter dem Rock kann man die Kleine aufheben, ohne, dass der ganze Oberk\u00f6rper frei ist.<\/p>\n\n\n\n<figure class=\"wp-block-image size-large\"><img loading=\"lazy\" decoding=\"async\" width=\"768\" height=\"1024\" data-attachment-id=\"20097\" data-permalink=\"https:\/\/pia-staehli.ch\/blog\/wp-1591297845102\/\" data-orig-file=\"https:\/\/pia-staehli.ch\/blog\/wp-content\/uploads\/2020\/06\/wp-1591297845102-scaled.jpg\" data-orig-size=\"1920,2560\" data-comments-opened=\"1\" data-image-meta=\"{&quot;aperture&quot;:&quot;2.2&quot;,&quot;credit&quot;:&quot;&quot;,&quot;camera&quot;:&quot;Mi A1&quot;,&quot;caption&quot;:&quot;&quot;,&quot;created_timestamp&quot;:&quot;1590855812&quot;,&quot;copyright&quot;:&quot;&quot;,&quot;focal_length&quot;:&quot;3.83&quot;,&quot;iso&quot;:&quot;500&quot;,&quot;shutter_speed&quot;:&quot;0.02&quot;,&quot;title&quot;:&quot;&quot;,&quot;orientation&quot;:&quot;1&quot;}\" data-image-title=\"wp-1591297845102\" data-image-description=\"\" data-image-caption=\"\" data-large-file=\"https:\/\/pia-staehli.ch\/blog\/wp-content\/uploads\/2020\/06\/wp-1591297845102-768x1024.jpg\" src=\"https:\/\/pia-staehli.ch\/blog\/wp-content\/uploads\/2020\/06\/wp-1591297845102-768x1024.jpg\" alt=\"\" class=\"wp-image-20097\" srcset=\"https:\/\/pia-staehli.ch\/blog\/wp-content\/uploads\/2020\/06\/wp-1591297845102-768x1024.jpg 768w, https:\/\/pia-staehli.ch\/blog\/wp-content\/uploads\/2020\/06\/wp-1591297845102-225x300.jpg 225w, https:\/\/pia-staehli.ch\/blog\/wp-content\/uploads\/2020\/06\/wp-1591297845102-scaled.jpg 1920w\" sizes=\"auto, (max-width: 768px) 100vw, 768px\" \/><\/figure>\n\n\n\n<p>Dazu kaufte ich passende S\u00f6ckchen. Obwohl meine Enkelin, wie ich sie kenne, diese sowieso schnell abstrampeln wird. Die Mama erinnerte sich, dass sie als kleines M\u00e4dchen solche S\u00f6ckchen mit den R\u00fcschen sehr gerne getragen hat.<\/p>\n\n\n\n<figure class=\"wp-block-image size-large\"><img loading=\"lazy\" decoding=\"async\" width=\"1324\" height=\"2050\" data-attachment-id=\"20111\" data-permalink=\"https:\/\/pia-staehli.ch\/blog\/2020\/06\/09\/meine-ersten-kleidchen\/p1073186\/\" data-orig-file=\"https:\/\/pia-staehli.ch\/blog\/wp-content\/uploads\/2020\/06\/P1073186.jpg\" data-orig-size=\"1324,2050\" data-comments-opened=\"1\" data-image-meta=\"{&quot;aperture&quot;:&quot;3.3&quot;,&quot;credit&quot;:&quot;&quot;,&quot;camera&quot;:&quot;DC-TZ96&quot;,&quot;caption&quot;:&quot;&quot;,&quot;created_timestamp&quot;:&quot;1591005325&quot;,&quot;copyright&quot;:&quot;&quot;,&quot;focal_length&quot;:&quot;4.3&quot;,&quot;iso&quot;:&quot;160&quot;,&quot;shutter_speed&quot;:&quot;0.016666666666667&quot;,&quot;title&quot;:&quot;&quot;,&quot;orientation&quot;:&quot;1&quot;}\" data-image-title=\"P1073186\" data-image-description=\"\" data-image-caption=\"\" data-large-file=\"https:\/\/pia-staehli.ch\/blog\/wp-content\/uploads\/2020\/06\/P1073186-661x1024.jpg\" src=\"https:\/\/i2.wp.com\/pia-staehli.ch\/blog\/wp-content\/uploads\/2020\/06\/P1073186.jpg?fit=474%2C734\" alt=\"\" class=\"wp-image-20111\" srcset=\"https:\/\/pia-staehli.ch\/blog\/wp-content\/uploads\/2020\/06\/P1073186.jpg 1324w, https:\/\/pia-staehli.ch\/blog\/wp-content\/uploads\/2020\/06\/P1073186-194x300.jpg 194w, https:\/\/pia-staehli.ch\/blog\/wp-content\/uploads\/2020\/06\/P1073186-661x1024.jpg 661w, https:\/\/pia-staehli.ch\/blog\/wp-content\/uploads\/2020\/06\/P1073186-768x1189.jpg 768w, https:\/\/pia-staehli.ch\/blog\/wp-content\/uploads\/2020\/06\/P1073186-992x1536.jpg 992w, https:\/\/pia-staehli.ch\/blog\/wp-content\/uploads\/2020\/06\/P1073186-1323x2048.jpg 1323w\" sizes=\"auto, (max-width: 1324px) 100vw, 1324px\" \/><\/figure>\n\n\n\n<p>Ein weiteres Kleidchen habe ich aus verschiedenen Schnittmustern selbst zusammengesetzt. Das Oberteil ist ein T-Shirt und das Rockteil wurde angen\u00e4ht mit einem Bodyunterteil. So ist das Baby rundum gut eingepackt.<\/p>\n\n\n\n<figure class=\"wp-block-image size-large\"><img loading=\"lazy\" decoding=\"async\" width=\"1322\" height=\"1841\" data-attachment-id=\"20112\" data-permalink=\"https:\/\/pia-staehli.ch\/blog\/2020\/06\/09\/meine-ersten-kleidchen\/p1042410\/\" data-orig-file=\"https:\/\/pia-staehli.ch\/blog\/wp-content\/uploads\/2020\/06\/P1042410.jpg\" data-orig-size=\"1322,1841\" data-comments-opened=\"1\" data-image-meta=\"{&quot;aperture&quot;:&quot;7.1&quot;,&quot;credit&quot;:&quot;&quot;,&quot;camera&quot;:&quot;DC-TZ96&quot;,&quot;caption&quot;:&quot;&quot;,&quot;created_timestamp&quot;:&quot;1588607083&quot;,&quot;copyright&quot;:&quot;&quot;,&quot;focal_length&quot;:&quot;5.8&quot;,&quot;iso&quot;:&quot;80&quot;,&quot;shutter_speed&quot;:&quot;0.001&quot;,&quot;title&quot;:&quot;&quot;,&quot;orientation&quot;:&quot;1&quot;}\" data-image-title=\"P1042410\" data-image-description=\"\" data-image-caption=\"\" data-large-file=\"https:\/\/pia-staehli.ch\/blog\/wp-content\/uploads\/2020\/06\/P1042410-735x1024.jpg\" src=\"https:\/\/i2.wp.com\/pia-staehli.ch\/blog\/wp-content\/uploads\/2020\/06\/P1042410.jpg?fit=474%2C660\" alt=\"\" class=\"wp-image-20112\" srcset=\"https:\/\/pia-staehli.ch\/blog\/wp-content\/uploads\/2020\/06\/P1042410.jpg 1322w, https:\/\/pia-staehli.ch\/blog\/wp-content\/uploads\/2020\/06\/P1042410-215x300.jpg 215w, https:\/\/pia-staehli.ch\/blog\/wp-content\/uploads\/2020\/06\/P1042410-735x1024.jpg 735w, https:\/\/pia-staehli.ch\/blog\/wp-content\/uploads\/2020\/06\/P1042410-768x1070.jpg 768w, https:\/\/pia-staehli.ch\/blog\/wp-content\/uploads\/2020\/06\/P1042410-1103x1536.jpg 1103w\" sizes=\"auto, (max-width: 1322px) 100vw, 1322px\" \/><\/figure>\n\n\n\n<p>Zu dieser sommerleichten Kombination gab es noch eine t\u00fcrkisfarbige Leggins, wenn es etwas k\u00fchler wird.<\/p>\n\n\n\n<figure class=\"wp-block-image size-large\"><img loading=\"lazy\" decoding=\"async\" width=\"1399\" height=\"1986\" data-attachment-id=\"20113\" data-permalink=\"https:\/\/pia-staehli.ch\/blog\/2020\/06\/09\/meine-ersten-kleidchen\/p1032031\/\" data-orig-file=\"https:\/\/pia-staehli.ch\/blog\/wp-content\/uploads\/2020\/06\/P1032031.jpg\" data-orig-size=\"1399,1986\" data-comments-opened=\"1\" data-image-meta=\"{&quot;aperture&quot;:&quot;7.1&quot;,&quot;credit&quot;:&quot;&quot;,&quot;camera&quot;:&quot;DC-TZ96&quot;,&quot;caption&quot;:&quot;&quot;,&quot;created_timestamp&quot;:&quot;1586621683&quot;,&quot;copyright&quot;:&quot;&quot;,&quot;focal_length&quot;:&quot;9&quot;,&quot;iso&quot;:&quot;80&quot;,&quot;shutter_speed&quot;:&quot;0.00125&quot;,&quot;title&quot;:&quot;&quot;,&quot;orientation&quot;:&quot;1&quot;}\" data-image-title=\"P1032031\" data-image-description=\"\" data-image-caption=\"\" data-large-file=\"https:\/\/pia-staehli.ch\/blog\/wp-content\/uploads\/2020\/06\/P1032031-721x1024.jpg\" src=\"https:\/\/i2.wp.com\/pia-staehli.ch\/blog\/wp-content\/uploads\/2020\/06\/P1032031.jpg?fit=474%2C673\" alt=\"\" class=\"wp-image-20113\" srcset=\"https:\/\/pia-staehli.ch\/blog\/wp-content\/uploads\/2020\/06\/P1032031.jpg 1399w, https:\/\/pia-staehli.ch\/blog\/wp-content\/uploads\/2020\/06\/P1032031-211x300.jpg 211w, https:\/\/pia-staehli.ch\/blog\/wp-content\/uploads\/2020\/06\/P1032031-721x1024.jpg 721w, https:\/\/pia-staehli.ch\/blog\/wp-content\/uploads\/2020\/06\/P1032031-768x1090.jpg 768w, https:\/\/pia-staehli.ch\/blog\/wp-content\/uploads\/2020\/06\/P1032031-1082x1536.jpg 1082w\" sizes=\"auto, (max-width: 1399px) 100vw, 1399px\" \/><\/figure>\n\n\n\n<p>Also der Sommer kann kommen.<\/p>\n\n\n\n<p><a href=\"https:\/\/diezitronenfalterin.de\/2020\/06\/01\/monatsmotto-im-juni\/\">Zum ersten mal<\/a>, <a href=\"https:\/\/www.wortperlen.de\">Rot<\/a>, <a href=\"https:\/\/www.creadienstag.de\/\">Creadienstag<\/a>, <a href=\"https:\/\/elfiskartenblog.blogspot.com\/\">DvD<\/a>, <a href=\"https:\/\/lieblingstuecke.blogspot.com\/2020\/06\/lieblingsstucke-juni-2020.html\">Lieblingsst\u00fccke<\/a><\/p>\n","protected":false},"excerpt":{"rendered":"<p>Ich bin ganz verliebt in die Kleidchen, die ich f\u00fcr meine Enkelin f\u00fcr den Sommer gen\u00e4ht habe. In den R\u00f6ckchen sieht sie einfach s\u00fcss aus. Und praktisch sind die Kleidchen auch. Unter dem R\u00f6ckchen habe ich aus leichtem Baumwolljersey einen Body mit kurzen \u00c4rmeln in Gr\u00f6sse 68 gen\u00e4ht. Mit dem Body unter dem Rock kann &hellip; <a href=\"https:\/\/pia-staehli.ch\/blog\/2020\/06\/09\/meine-ersten-kleidchen\/\" class=\"more-link\"><span class=\"screen-reader-text\">Meine ersten Kleidchen<\/span> weiterlesen <span class=\"meta-nav\">&rarr;<\/span><\/a><\/p>\n","protected":false},"author":2,"featured_media":0,"comment_status":"open","ping_status":"open","sticky":false,"template":"","format":"standard","meta":{"_bbp_topic_count":0,"_bbp_reply_count":0,"_bbp_total_topic_count":0,"_bbp_total_reply_count":0,"_bbp_voice_count":0,"_bbp_anonymous_reply_count":0,"_bbp_topic_count_hidden":0,"_bbp_reply_count_hidden":0,"_bbp_forum_subforum_count":0,"ngg_post_thumbnail":0,"jetpack_post_was_ever_published":false,"_jetpack_newsletter_access":"","_jetpack_dont_email_post_to_subs":false,"_jetpack_newsletter_tier_id":0,"_jetpack_memberships_contains_paywalled_content":false,"_jetpack_memberships_contains_paid_content":false,"footnotes":"","jetpack_publicize_message":"","jetpack_publicize_feature_enabled":true,"jetpack_social_post_already_shared":true,"jetpack_social_options":{"image_generator_settings":{"template":"highway","default_image_id":0,"font":"","enabled":false},"version":2}},"categories":[36,5,17],"tags":[],"class_list":["post-20110","post","type-post","status-publish","format-standard","hentry","category-enkelin","category-geschenke","category-kreativ"],"jetpack_publicize_connections":[],"jetpack_featured_media_url":"","jetpack_sharing_enabled":true,"jetpack_shortlink":"https:\/\/wp.me\/p4c1fj-5em","_links":{"self":[{"href":"https:\/\/pia-staehli.ch\/blog\/wp-json\/wp\/v2\/posts\/20110","targetHints":{"allow":["GET"]}}],"collection":[{"href":"https:\/\/pia-staehli.ch\/blog\/wp-json\/wp\/v2\/posts"}],"about":[{"href":"https:\/\/pia-staehli.ch\/blog\/wp-json\/wp\/v2\/types\/post"}],"author":[{"embeddable":true,"href":"https:\/\/pia-staehli.ch\/blog\/wp-json\/wp\/v2\/users\/2"}],"replies":[{"embeddable":true,"href":"https:\/\/pia-staehli.ch\/blog\/wp-json\/wp\/v2\/comments?post=20110"}],"version-history":[{"count":5,"href":"https:\/\/pia-staehli.ch\/blog\/wp-json\/wp\/v2\/posts\/20110\/revisions"}],"predecessor-version":[{"id":20127,"href":"https:\/\/pia-staehli.ch\/blog\/wp-json\/wp\/v2\/posts\/20110\/revisions\/20127"}],"wp:attachment":[{"href":"https:\/\/pia-staehli.ch\/blog\/wp-json\/wp\/v2\/media?parent=20110"}],"wp:term":[{"taxonomy":"category","embeddable":true,"href":"https:\/\/pia-staehli.ch\/blog\/wp-json\/wp\/v2\/categories?post=20110"},{"taxonomy":"post_tag","embeddable":true,"href":"https:\/\/pia-staehli.ch\/blog\/wp-json\/wp\/v2\/tags?post=20110"}],"curies":[{"name":"wp","href":"https:\/\/api.w.org\/{rel}","templated":true}]}}