{"id":18264,"date":"2019-09-30T09:31:16","date_gmt":"2019-09-30T08:31:16","guid":{"rendered":"https:\/\/pia-staehli.ch\/blog\/?p=18264"},"modified":"2019-09-30T09:31:16","modified_gmt":"2019-09-30T08:31:16","slug":"12tel-blick-und-mein-september","status":"publish","type":"post","link":"https:\/\/pia-staehli.ch\/blog\/2019\/09\/30\/12tel-blick-und-mein-september\/","title":{"rendered":"12tel Blick und mein September"},"content":{"rendered":"\n<p class=\"wp-block-paragraph\">Ich versuchte den bunten Herbst in die Kugel zu packen. Das Laub verf\u00e4rbt sich erst z\u00f6gerlich, aber die Lichtverh\u00e4ltnisse lassen die Farben strahlen. Das Bild entstand am Wochenende, da hatten wir sommerliche Wetterverh\u00e4ltnisse. <\/p>\n\n\n\n<figure class=\"wp-block-image\"><img loading=\"lazy\" decoding=\"async\" width=\"3694\" height=\"2881\" data-attachment-id=\"18265\" data-permalink=\"https:\/\/pia-staehli.ch\/blog\/2019\/09\/30\/12tel-blick-und-mein-september\/p1260312\/\" data-orig-file=\"https:\/\/pia-staehli.ch\/blog\/wp-content\/uploads\/2019\/09\/P1260312.jpg\" data-orig-size=\"3694,2881\" data-comments-opened=\"1\" data-image-title=\"P1260312\" data-image-description=\"\" data-image-caption=\"\" data-large-file=\"https:\/\/pia-staehli.ch\/blog\/wp-content\/uploads\/2019\/09\/P1260312-1024x799.jpg\" src=\"https:\/\/i0.wp.com\/pia-staehli.ch\/blog\/wp-content\/uploads\/2019\/09\/P1260312.jpg?fit=474%2C370\" alt=\"\" class=\"wp-image-18265\" srcset=\"https:\/\/pia-staehli.ch\/blog\/wp-content\/uploads\/2019\/09\/P1260312.jpg 3694w, https:\/\/pia-staehli.ch\/blog\/wp-content\/uploads\/2019\/09\/P1260312-300x234.jpg 300w, https:\/\/pia-staehli.ch\/blog\/wp-content\/uploads\/2019\/09\/P1260312-768x599.jpg 768w, https:\/\/pia-staehli.ch\/blog\/wp-content\/uploads\/2019\/09\/P1260312-1024x799.jpg 1024w\" sizes=\"auto, (max-width: 3694px) 100vw, 3694px\" \/><\/figure>\n\n\n\n<p class=\"wp-block-paragraph\">Der September war bei uns ein sch\u00f6ner Sp\u00e4tsommermonat. Es bl\u00fchen noch immer viele Blumen rund ums Haus, auch k\u00f6nnen wir uns gut selbstversorgen mit Gem\u00fcse aus dem Garten und ich habe fleissig f\u00fcr den <a href=\"https:\/\/pia-staehli.ch\/blog\/2019\/09\/17\/sommerrot\/\">Wintervorrat<\/a> vorgesorgt. Bei dem sch\u00f6nen Wetter erkundete ich mit dem Velo die Umgebung, suchte nach Schmetterlingen im Naturschutzgebiet oder ein stilles Pl\u00e4tzchen am See. Auf Schusters Rappen machten wir sch\u00f6ne Wanderungen im <a href=\"https:\/\/pia-staehli.ch\/blog\/2019\/09\/07\/rundhoehenweg-appenzell\/\">Appenzellerland<\/a> und im <a href=\"https:\/\/pia-staehli.ch\/blog\/2019\/09\/14\/immer-dem-wasser-entlang\/\">Toggenburg<\/a>. Ich n\u00e4hte viel  und bin ganz begeistert wie meine neue Maschine exakte Knopfl\u00f6cher n\u00e4ht. Da kann man einfach die H\u00e4nde in den Schoss legen und zuschauen wie alles fast wie von Zauberhand entsteht. F\u00fcr einen guten Zweck half ich Hirten und Schafe zu basteln, die dann an Basaren verkauft werden. Es gab zwei H\u00f6hepunkte im September, das <a href=\"https:\/\/pia-staehli.ch\/blog\/2019\/09\/21\/ein-schoener-schwindel\/\">Musical<\/a>, in dem unsere Tochter mitspielte und nat\u00fcrlich unser <a href=\"https:\/\/pia-staehli.ch\/blog\/2019\/09\/28\/titisee-und-colmar\/\">Familienwochenende<\/a> im Schwarzwald und <a href=\"https:\/\/pia-staehli.ch\/blog\/2019\/09\/25\/segway-tour\/\">Elsass<\/a>.<\/p>\n\n\n\n<div class=\"wp-block-jetpack-tiled-gallery aligncenter is-style-rectangular\"><div class=\"tiled-gallery__gallery\"><div class=\"tiled-gallery__row\"><div class=\"tiled-gallery__col\"><figure class=\"tiled-gallery__item\"><img decoding=\"async\" data-attachment-id=\"18266\" data-permalink=\"https:\/\/pia-staehli.ch\/blog\/2019\/09\/30\/12tel-blick-und-mein-september\/p1250412\/\" data-orig-file=\"https:\/\/pia-staehli.ch\/blog\/wp-content\/uploads\/2019\/09\/P1250412.jpg\" data-orig-size=\"4896,3264\" data-comments-opened=\"1\" data-image-title=\"P1250412\" data-image-description=\"\" data-image-caption=\"\" data-large-file=\"https:\/\/pia-staehli.ch\/blog\/wp-content\/uploads\/2019\/09\/P1250412-1024x683.jpg\" role=\"button\" tabindex=\"0\" aria-label=\"Bild\u00a01 von 15 im Vollbildmodus \u00f6ffnen\" srcset=\"https:\/\/i2.wp.com\/pia-staehli.ch\/blog\/wp-content\/uploads\/2019\/09\/P1250412.jpg?strip=info&#038;w=600 600w,https:\/\/i2.wp.com\/pia-staehli.ch\/blog\/wp-content\/uploads\/2019\/09\/P1250412.jpg?strip=info&#038;w=900 900w,https:\/\/i2.wp.com\/pia-staehli.ch\/blog\/wp-content\/uploads\/2019\/09\/P1250412.jpg?strip=info&#038;w=1200 1200w,https:\/\/i2.wp.com\/pia-staehli.ch\/blog\/wp-content\/uploads\/2019\/09\/P1250412.jpg?strip=info&#038;w=1500 1500w,https:\/\/i2.wp.com\/pia-staehli.ch\/blog\/wp-content\/uploads\/2019\/09\/P1250412.jpg?strip=info&#038;w=1800 1800w,https:\/\/i2.wp.com\/pia-staehli.ch\/blog\/wp-content\/uploads\/2019\/09\/P1250412.jpg?strip=info&#038;w=2000 2000w\" alt=\"\" data-height=\"3264\" data-id=\"18266\" data-link=\"https:\/\/pia-staehli.ch\/blog\/?attachment_id=18266\" data-url=\"https:\/\/pia-staehli.ch\/blog\/wp-content\/uploads\/2019\/09\/P1250412.jpg\" data-width=\"4896\" src=\"https:\/\/i2.wp.com\/pia-staehli.ch\/blog\/wp-content\/uploads\/2019\/09\/P1250412.jpg\"\/><\/figure><\/div><div class=\"tiled-gallery__col\"><figure class=\"tiled-gallery__item\"><img decoding=\"async\" data-attachment-id=\"18267\" data-permalink=\"https:\/\/pia-staehli.ch\/blog\/2019\/09\/30\/12tel-blick-und-mein-september\/p1250451\/\" data-orig-file=\"https:\/\/pia-staehli.ch\/blog\/wp-content\/uploads\/2019\/09\/P1250451.jpg\" data-orig-size=\"3809,2868\" data-comments-opened=\"1\" data-image-title=\"P1250451\" data-image-description=\"\" data-image-caption=\"\" data-large-file=\"https:\/\/pia-staehli.ch\/blog\/wp-content\/uploads\/2019\/09\/P1250451-1024x771.jpg\" role=\"button\" tabindex=\"0\" aria-label=\"Bild\u00a02 von 15 im Vollbildmodus \u00f6ffnen\" srcset=\"https:\/\/i2.wp.com\/pia-staehli.ch\/blog\/wp-content\/uploads\/2019\/09\/P1250451.jpg?strip=info&#038;w=600 600w,https:\/\/i2.wp.com\/pia-staehli.ch\/blog\/wp-content\/uploads\/2019\/09\/P1250451.jpg?strip=info&#038;w=900 900w,https:\/\/i2.wp.com\/pia-staehli.ch\/blog\/wp-content\/uploads\/2019\/09\/P1250451.jpg?strip=info&#038;w=1200 1200w,https:\/\/i2.wp.com\/pia-staehli.ch\/blog\/wp-content\/uploads\/2019\/09\/P1250451.jpg?strip=info&#038;w=1500 1500w,https:\/\/i2.wp.com\/pia-staehli.ch\/blog\/wp-content\/uploads\/2019\/09\/P1250451.jpg?strip=info&#038;w=1800 1800w,https:\/\/i2.wp.com\/pia-staehli.ch\/blog\/wp-content\/uploads\/2019\/09\/P1250451.jpg?strip=info&#038;w=2000 2000w\" alt=\"\" data-height=\"2868\" data-id=\"18267\" data-link=\"https:\/\/pia-staehli.ch\/blog\/?attachment_id=18267\" data-url=\"https:\/\/pia-staehli.ch\/blog\/wp-content\/uploads\/2019\/09\/P1250451.jpg\" data-width=\"3809\" src=\"https:\/\/i2.wp.com\/pia-staehli.ch\/blog\/wp-content\/uploads\/2019\/09\/P1250451.jpg\"\/><\/figure><figure class=\"tiled-gallery__item\"><img decoding=\"async\" data-attachment-id=\"18268\" data-permalink=\"https:\/\/pia-staehli.ch\/blog\/2019\/09\/30\/12tel-blick-und-mein-september\/p1250460\/\" data-orig-file=\"https:\/\/pia-staehli.ch\/blog\/wp-content\/uploads\/2019\/09\/P1250460.jpg\" data-orig-size=\"4896,3264\" data-comments-opened=\"1\" data-image-title=\"P1250460\" data-image-description=\"\" data-image-caption=\"\" data-large-file=\"https:\/\/pia-staehli.ch\/blog\/wp-content\/uploads\/2019\/09\/P1250460-1024x683.jpg\" role=\"button\" tabindex=\"0\" aria-label=\"Bild\u00a03 von 15 im Vollbildmodus \u00f6ffnen\" srcset=\"https:\/\/i2.wp.com\/pia-staehli.ch\/blog\/wp-content\/uploads\/2019\/09\/P1250460.jpg?strip=info&#038;w=600 600w,https:\/\/i2.wp.com\/pia-staehli.ch\/blog\/wp-content\/uploads\/2019\/09\/P1250460.jpg?strip=info&#038;w=900 900w,https:\/\/i2.wp.com\/pia-staehli.ch\/blog\/wp-content\/uploads\/2019\/09\/P1250460.jpg?strip=info&#038;w=1200 1200w,https:\/\/i2.wp.com\/pia-staehli.ch\/blog\/wp-content\/uploads\/2019\/09\/P1250460.jpg?strip=info&#038;w=1500 1500w,https:\/\/i2.wp.com\/pia-staehli.ch\/blog\/wp-content\/uploads\/2019\/09\/P1250460.jpg?strip=info&#038;w=1800 1800w,https:\/\/i2.wp.com\/pia-staehli.ch\/blog\/wp-content\/uploads\/2019\/09\/P1250460.jpg?strip=info&#038;w=2000 2000w\" alt=\"\" data-height=\"3264\" data-id=\"18268\" data-link=\"https:\/\/pia-staehli.ch\/blog\/?attachment_id=18268\" data-url=\"https:\/\/pia-staehli.ch\/blog\/wp-content\/uploads\/2019\/09\/P1250460.jpg\" data-width=\"4896\" src=\"https:\/\/i2.wp.com\/pia-staehli.ch\/blog\/wp-content\/uploads\/2019\/09\/P1250460.jpg\"\/><\/figure><\/div><\/div><div class=\"tiled-gallery__row\"><div class=\"tiled-gallery__col\"><figure class=\"tiled-gallery__item\"><img decoding=\"async\" data-attachment-id=\"18269\" data-permalink=\"https:\/\/pia-staehli.ch\/blog\/2019\/09\/30\/12tel-blick-und-mein-september\/p1250573\/\" data-orig-file=\"https:\/\/pia-staehli.ch\/blog\/wp-content\/uploads\/2019\/09\/P1250573.jpg\" data-orig-size=\"4896,3264\" data-comments-opened=\"1\" data-image-title=\"P1250573\" data-image-description=\"\" data-image-caption=\"\" data-large-file=\"https:\/\/pia-staehli.ch\/blog\/wp-content\/uploads\/2019\/09\/P1250573-1024x683.jpg\" role=\"button\" tabindex=\"0\" aria-label=\"Bild\u00a04 von 15 im Vollbildmodus \u00f6ffnen\" srcset=\"https:\/\/i1.wp.com\/pia-staehli.ch\/blog\/wp-content\/uploads\/2019\/09\/P1250573.jpg?strip=info&#038;w=600 600w,https:\/\/i1.wp.com\/pia-staehli.ch\/blog\/wp-content\/uploads\/2019\/09\/P1250573.jpg?strip=info&#038;w=900 900w,https:\/\/i1.wp.com\/pia-staehli.ch\/blog\/wp-content\/uploads\/2019\/09\/P1250573.jpg?strip=info&#038;w=1200 1200w,https:\/\/i1.wp.com\/pia-staehli.ch\/blog\/wp-content\/uploads\/2019\/09\/P1250573.jpg?strip=info&#038;w=1500 1500w,https:\/\/i1.wp.com\/pia-staehli.ch\/blog\/wp-content\/uploads\/2019\/09\/P1250573.jpg?strip=info&#038;w=1800 1800w,https:\/\/i1.wp.com\/pia-staehli.ch\/blog\/wp-content\/uploads\/2019\/09\/P1250573.jpg?strip=info&#038;w=2000 2000w\" alt=\"\" data-height=\"3264\" data-id=\"18269\" data-link=\"https:\/\/pia-staehli.ch\/blog\/?attachment_id=18269\" data-url=\"https:\/\/pia-staehli.ch\/blog\/wp-content\/uploads\/2019\/09\/P1250573.jpg\" data-width=\"4896\" src=\"https:\/\/i1.wp.com\/pia-staehli.ch\/blog\/wp-content\/uploads\/2019\/09\/P1250573.jpg\"\/><\/figure><\/div><div class=\"tiled-gallery__col\"><figure class=\"tiled-gallery__item\"><img decoding=\"async\" data-attachment-id=\"18270\" data-permalink=\"https:\/\/pia-staehli.ch\/blog\/2019\/09\/30\/12tel-blick-und-mein-september\/p1250596\/\" data-orig-file=\"https:\/\/pia-staehli.ch\/blog\/wp-content\/uploads\/2019\/09\/P1250596.jpg\" data-orig-size=\"3264,4896\" data-comments-opened=\"1\" data-image-title=\"P1250596\" data-image-description=\"\" data-image-caption=\"\" data-large-file=\"https:\/\/pia-staehli.ch\/blog\/wp-content\/uploads\/2019\/09\/P1250596-683x1024.jpg\" role=\"button\" tabindex=\"0\" aria-label=\"Bild\u00a05 von 15 im Vollbildmodus \u00f6ffnen\" srcset=\"https:\/\/i1.wp.com\/pia-staehli.ch\/blog\/wp-content\/uploads\/2019\/09\/P1250596.jpg?strip=info&#038;w=600 600w,https:\/\/i1.wp.com\/pia-staehli.ch\/blog\/wp-content\/uploads\/2019\/09\/P1250596.jpg?strip=info&#038;w=900 900w,https:\/\/i1.wp.com\/pia-staehli.ch\/blog\/wp-content\/uploads\/2019\/09\/P1250596.jpg?strip=info&#038;w=1200 1200w,https:\/\/i1.wp.com\/pia-staehli.ch\/blog\/wp-content\/uploads\/2019\/09\/P1250596.jpg?strip=info&#038;w=1500 1500w,https:\/\/i1.wp.com\/pia-staehli.ch\/blog\/wp-content\/uploads\/2019\/09\/P1250596.jpg?strip=info&#038;w=1800 1800w,https:\/\/i1.wp.com\/pia-staehli.ch\/blog\/wp-content\/uploads\/2019\/09\/P1250596.jpg?strip=info&#038;w=2000 2000w\" alt=\"\" data-height=\"4896\" data-id=\"18270\" data-link=\"https:\/\/pia-staehli.ch\/blog\/?attachment_id=18270\" data-url=\"https:\/\/pia-staehli.ch\/blog\/wp-content\/uploads\/2019\/09\/P1250596.jpg\" data-width=\"3264\" src=\"https:\/\/i1.wp.com\/pia-staehli.ch\/blog\/wp-content\/uploads\/2019\/09\/P1250596.jpg\"\/><\/figure><\/div><div class=\"tiled-gallery__col\"><figure class=\"tiled-gallery__item\"><img decoding=\"async\" data-attachment-id=\"18271\" data-permalink=\"https:\/\/pia-staehli.ch\/blog\/2019\/09\/30\/12tel-blick-und-mein-september\/p1250713\/\" data-orig-file=\"https:\/\/pia-staehli.ch\/blog\/wp-content\/uploads\/2019\/09\/P1250713.jpg\" data-orig-size=\"4896,3264\" data-comments-opened=\"1\" data-image-title=\"P1250713\" data-image-description=\"\" data-image-caption=\"\" data-large-file=\"https:\/\/pia-staehli.ch\/blog\/wp-content\/uploads\/2019\/09\/P1250713-1024x683.jpg\" role=\"button\" tabindex=\"0\" aria-label=\"Bild\u00a06 von 15 im Vollbildmodus \u00f6ffnen\" srcset=\"https:\/\/i0.wp.com\/pia-staehli.ch\/blog\/wp-content\/uploads\/2019\/09\/P1250713.jpg?strip=info&#038;w=600 600w,https:\/\/i0.wp.com\/pia-staehli.ch\/blog\/wp-content\/uploads\/2019\/09\/P1250713.jpg?strip=info&#038;w=900 900w,https:\/\/i0.wp.com\/pia-staehli.ch\/blog\/wp-content\/uploads\/2019\/09\/P1250713.jpg?strip=info&#038;w=1200 1200w,https:\/\/i0.wp.com\/pia-staehli.ch\/blog\/wp-content\/uploads\/2019\/09\/P1250713.jpg?strip=info&#038;w=1500 1500w,https:\/\/i0.wp.com\/pia-staehli.ch\/blog\/wp-content\/uploads\/2019\/09\/P1250713.jpg?strip=info&#038;w=1800 1800w,https:\/\/i0.wp.com\/pia-staehli.ch\/blog\/wp-content\/uploads\/2019\/09\/P1250713.jpg?strip=info&#038;w=2000 2000w\" alt=\"\" data-height=\"3264\" data-id=\"18271\" data-link=\"https:\/\/pia-staehli.ch\/blog\/?attachment_id=18271\" data-url=\"https:\/\/pia-staehli.ch\/blog\/wp-content\/uploads\/2019\/09\/P1250713.jpg\" data-width=\"4896\" src=\"https:\/\/i0.wp.com\/pia-staehli.ch\/blog\/wp-content\/uploads\/2019\/09\/P1250713.jpg\"\/><\/figure><\/div><\/div><div class=\"tiled-gallery__row\"><div class=\"tiled-gallery__col\"><figure class=\"tiled-gallery__item\"><img decoding=\"async\" data-attachment-id=\"18272\" data-permalink=\"https:\/\/pia-staehli.ch\/blog\/2019\/09\/30\/12tel-blick-und-mein-september\/p1250784\/\" data-orig-file=\"https:\/\/pia-staehli.ch\/blog\/wp-content\/uploads\/2019\/09\/P1250784.jpg\" data-orig-size=\"4587,2917\" data-comments-opened=\"1\" data-image-title=\"P1250784\" data-image-description=\"\" data-image-caption=\"\" data-large-file=\"https:\/\/pia-staehli.ch\/blog\/wp-content\/uploads\/2019\/09\/P1250784-1024x651.jpg\" role=\"button\" tabindex=\"0\" aria-label=\"Bild\u00a07 von 15 im Vollbildmodus \u00f6ffnen\" srcset=\"https:\/\/i1.wp.com\/pia-staehli.ch\/blog\/wp-content\/uploads\/2019\/09\/P1250784.jpg?strip=info&#038;w=600 600w,https:\/\/i1.wp.com\/pia-staehli.ch\/blog\/wp-content\/uploads\/2019\/09\/P1250784.jpg?strip=info&#038;w=900 900w,https:\/\/i1.wp.com\/pia-staehli.ch\/blog\/wp-content\/uploads\/2019\/09\/P1250784.jpg?strip=info&#038;w=1200 1200w,https:\/\/i1.wp.com\/pia-staehli.ch\/blog\/wp-content\/uploads\/2019\/09\/P1250784.jpg?strip=info&#038;w=1500 1500w,https:\/\/i1.wp.com\/pia-staehli.ch\/blog\/wp-content\/uploads\/2019\/09\/P1250784.jpg?strip=info&#038;w=1800 1800w,https:\/\/i1.wp.com\/pia-staehli.ch\/blog\/wp-content\/uploads\/2019\/09\/P1250784.jpg?strip=info&#038;w=2000 2000w\" alt=\"\" data-height=\"2917\" data-id=\"18272\" data-link=\"https:\/\/pia-staehli.ch\/blog\/?attachment_id=18272\" data-url=\"https:\/\/pia-staehli.ch\/blog\/wp-content\/uploads\/2019\/09\/P1250784.jpg\" data-width=\"4587\" src=\"https:\/\/i1.wp.com\/pia-staehli.ch\/blog\/wp-content\/uploads\/2019\/09\/P1250784.jpg\"\/><\/figure><figure class=\"tiled-gallery__item\"><img decoding=\"async\" data-attachment-id=\"18273\" data-permalink=\"https:\/\/pia-staehli.ch\/blog\/2019\/09\/30\/12tel-blick-und-mein-september\/p1250822\/\" data-orig-file=\"https:\/\/pia-staehli.ch\/blog\/wp-content\/uploads\/2019\/09\/P1250822.jpg\" data-orig-size=\"4896,3264\" data-comments-opened=\"1\" data-image-title=\"P1250822\" data-image-description=\"\" data-image-caption=\"\" data-large-file=\"https:\/\/pia-staehli.ch\/blog\/wp-content\/uploads\/2019\/09\/P1250822-1024x683.jpg\" role=\"button\" tabindex=\"0\" aria-label=\"Bild\u00a08 von 15 im Vollbildmodus \u00f6ffnen\" srcset=\"https:\/\/i1.wp.com\/pia-staehli.ch\/blog\/wp-content\/uploads\/2019\/09\/P1250822.jpg?strip=info&#038;w=600 600w,https:\/\/i1.wp.com\/pia-staehli.ch\/blog\/wp-content\/uploads\/2019\/09\/P1250822.jpg?strip=info&#038;w=900 900w,https:\/\/i1.wp.com\/pia-staehli.ch\/blog\/wp-content\/uploads\/2019\/09\/P1250822.jpg?strip=info&#038;w=1200 1200w,https:\/\/i1.wp.com\/pia-staehli.ch\/blog\/wp-content\/uploads\/2019\/09\/P1250822.jpg?strip=info&#038;w=1500 1500w,https:\/\/i1.wp.com\/pia-staehli.ch\/blog\/wp-content\/uploads\/2019\/09\/P1250822.jpg?strip=info&#038;w=1800 1800w,https:\/\/i1.wp.com\/pia-staehli.ch\/blog\/wp-content\/uploads\/2019\/09\/P1250822.jpg?strip=info&#038;w=2000 2000w\" alt=\"\" data-height=\"3264\" data-id=\"18273\" data-link=\"https:\/\/pia-staehli.ch\/blog\/?attachment_id=18273\" data-url=\"https:\/\/pia-staehli.ch\/blog\/wp-content\/uploads\/2019\/09\/P1250822.jpg\" data-width=\"4896\" src=\"https:\/\/i1.wp.com\/pia-staehli.ch\/blog\/wp-content\/uploads\/2019\/09\/P1250822.jpg\"\/><\/figure><figure class=\"tiled-gallery__item\"><img decoding=\"async\" data-attachment-id=\"18274\" data-permalink=\"https:\/\/pia-staehli.ch\/blog\/2019\/09\/30\/12tel-blick-und-mein-september\/p1250867\/\" data-orig-file=\"https:\/\/pia-staehli.ch\/blog\/wp-content\/uploads\/2019\/09\/P1250867.jpg\" data-orig-size=\"4896,3264\" data-comments-opened=\"1\" data-image-title=\"P1250867\" data-image-description=\"\" data-image-caption=\"\" data-large-file=\"https:\/\/pia-staehli.ch\/blog\/wp-content\/uploads\/2019\/09\/P1250867-1024x683.jpg\" role=\"button\" tabindex=\"0\" aria-label=\"Bild\u00a09 von 15 im Vollbildmodus \u00f6ffnen\" srcset=\"https:\/\/i1.wp.com\/pia-staehli.ch\/blog\/wp-content\/uploads\/2019\/09\/P1250867.jpg?strip=info&#038;w=600 600w,https:\/\/i1.wp.com\/pia-staehli.ch\/blog\/wp-content\/uploads\/2019\/09\/P1250867.jpg?strip=info&#038;w=900 900w,https:\/\/i1.wp.com\/pia-staehli.ch\/blog\/wp-content\/uploads\/2019\/09\/P1250867.jpg?strip=info&#038;w=1200 1200w,https:\/\/i1.wp.com\/pia-staehli.ch\/blog\/wp-content\/uploads\/2019\/09\/P1250867.jpg?strip=info&#038;w=1500 1500w,https:\/\/i1.wp.com\/pia-staehli.ch\/blog\/wp-content\/uploads\/2019\/09\/P1250867.jpg?strip=info&#038;w=1800 1800w,https:\/\/i1.wp.com\/pia-staehli.ch\/blog\/wp-content\/uploads\/2019\/09\/P1250867.jpg?strip=info&#038;w=2000 2000w\" alt=\"\" data-height=\"3264\" data-id=\"18274\" data-link=\"https:\/\/pia-staehli.ch\/blog\/?attachment_id=18274\" data-url=\"https:\/\/pia-staehli.ch\/blog\/wp-content\/uploads\/2019\/09\/P1250867.jpg\" data-width=\"4896\" src=\"https:\/\/i1.wp.com\/pia-staehli.ch\/blog\/wp-content\/uploads\/2019\/09\/P1250867.jpg\"\/><\/figure><\/div><div class=\"tiled-gallery__col\"><figure class=\"tiled-gallery__item\"><img decoding=\"async\" data-attachment-id=\"18275\" data-permalink=\"https:\/\/pia-staehli.ch\/blog\/2019\/09\/30\/12tel-blick-und-mein-september\/p1260047\/\" data-orig-file=\"https:\/\/pia-staehli.ch\/blog\/wp-content\/uploads\/2019\/09\/P1260047.jpg\" data-orig-size=\"3212,3575\" data-comments-opened=\"1\" data-image-title=\"P1260047\" data-image-description=\"\" data-image-caption=\"\" data-large-file=\"https:\/\/pia-staehli.ch\/blog\/wp-content\/uploads\/2019\/09\/P1260047-920x1024.jpg\" role=\"button\" tabindex=\"0\" aria-label=\"Bild\u00a010 von 15 im Vollbildmodus \u00f6ffnen\" srcset=\"https:\/\/i1.wp.com\/pia-staehli.ch\/blog\/wp-content\/uploads\/2019\/09\/P1260047.jpg?strip=info&#038;w=600 600w,https:\/\/i1.wp.com\/pia-staehli.ch\/blog\/wp-content\/uploads\/2019\/09\/P1260047.jpg?strip=info&#038;w=900 900w,https:\/\/i1.wp.com\/pia-staehli.ch\/blog\/wp-content\/uploads\/2019\/09\/P1260047.jpg?strip=info&#038;w=1200 1200w,https:\/\/i1.wp.com\/pia-staehli.ch\/blog\/wp-content\/uploads\/2019\/09\/P1260047.jpg?strip=info&#038;w=1500 1500w,https:\/\/i1.wp.com\/pia-staehli.ch\/blog\/wp-content\/uploads\/2019\/09\/P1260047.jpg?strip=info&#038;w=1800 1800w,https:\/\/i1.wp.com\/pia-staehli.ch\/blog\/wp-content\/uploads\/2019\/09\/P1260047.jpg?strip=info&#038;w=2000 2000w\" alt=\"\" data-height=\"3575\" data-id=\"18275\" data-link=\"https:\/\/pia-staehli.ch\/blog\/?attachment_id=18275\" data-url=\"https:\/\/pia-staehli.ch\/blog\/wp-content\/uploads\/2019\/09\/P1260047.jpg\" data-width=\"3212\" src=\"https:\/\/i1.wp.com\/pia-staehli.ch\/blog\/wp-content\/uploads\/2019\/09\/P1260047.jpg\"\/><\/figure><\/div><\/div><div class=\"tiled-gallery__row\"><div class=\"tiled-gallery__col\"><figure class=\"tiled-gallery__item\"><img decoding=\"async\" data-attachment-id=\"18276\" data-permalink=\"https:\/\/pia-staehli.ch\/blog\/2019\/09\/30\/12tel-blick-und-mein-september\/p1260092\/\" data-orig-file=\"https:\/\/pia-staehli.ch\/blog\/wp-content\/uploads\/2019\/09\/P1260092.jpg\" data-orig-size=\"4896,3264\" data-comments-opened=\"1\" data-image-title=\"P1260092\" data-image-description=\"\" data-image-caption=\"\" data-large-file=\"https:\/\/pia-staehli.ch\/blog\/wp-content\/uploads\/2019\/09\/P1260092-1024x683.jpg\" role=\"button\" tabindex=\"0\" aria-label=\"Bild\u00a011 von 15 im Vollbildmodus \u00f6ffnen\" srcset=\"https:\/\/i2.wp.com\/pia-staehli.ch\/blog\/wp-content\/uploads\/2019\/09\/P1260092.jpg?strip=info&#038;w=600 600w,https:\/\/i2.wp.com\/pia-staehli.ch\/blog\/wp-content\/uploads\/2019\/09\/P1260092.jpg?strip=info&#038;w=900 900w,https:\/\/i2.wp.com\/pia-staehli.ch\/blog\/wp-content\/uploads\/2019\/09\/P1260092.jpg?strip=info&#038;w=1200 1200w,https:\/\/i2.wp.com\/pia-staehli.ch\/blog\/wp-content\/uploads\/2019\/09\/P1260092.jpg?strip=info&#038;w=1500 1500w,https:\/\/i2.wp.com\/pia-staehli.ch\/blog\/wp-content\/uploads\/2019\/09\/P1260092.jpg?strip=info&#038;w=1800 1800w,https:\/\/i2.wp.com\/pia-staehli.ch\/blog\/wp-content\/uploads\/2019\/09\/P1260092.jpg?strip=info&#038;w=2000 2000w\" alt=\"\" data-height=\"3264\" data-id=\"18276\" data-link=\"https:\/\/pia-staehli.ch\/blog\/?attachment_id=18276\" data-url=\"https:\/\/pia-staehli.ch\/blog\/wp-content\/uploads\/2019\/09\/P1260092.jpg\" data-width=\"4896\" src=\"https:\/\/i2.wp.com\/pia-staehli.ch\/blog\/wp-content\/uploads\/2019\/09\/P1260092.jpg\"\/><\/figure><figure class=\"tiled-gallery__item\"><img decoding=\"async\" data-attachment-id=\"18277\" data-permalink=\"https:\/\/pia-staehli.ch\/blog\/2019\/09\/30\/12tel-blick-und-mein-september\/p1260185\/\" data-orig-file=\"https:\/\/pia-staehli.ch\/blog\/wp-content\/uploads\/2019\/09\/P1260185.jpg\" data-orig-size=\"4896,3264\" data-comments-opened=\"1\" data-image-title=\"P1260185\" data-image-description=\"\" data-image-caption=\"\" data-large-file=\"https:\/\/pia-staehli.ch\/blog\/wp-content\/uploads\/2019\/09\/P1260185-1024x683.jpg\" role=\"button\" tabindex=\"0\" aria-label=\"Bild\u00a012 von 15 im Vollbildmodus \u00f6ffnen\" srcset=\"https:\/\/i0.wp.com\/pia-staehli.ch\/blog\/wp-content\/uploads\/2019\/09\/P1260185.jpg?strip=info&#038;w=600 600w,https:\/\/i0.wp.com\/pia-staehli.ch\/blog\/wp-content\/uploads\/2019\/09\/P1260185.jpg?strip=info&#038;w=900 900w,https:\/\/i0.wp.com\/pia-staehli.ch\/blog\/wp-content\/uploads\/2019\/09\/P1260185.jpg?strip=info&#038;w=1200 1200w,https:\/\/i0.wp.com\/pia-staehli.ch\/blog\/wp-content\/uploads\/2019\/09\/P1260185.jpg?strip=info&#038;w=1500 1500w,https:\/\/i0.wp.com\/pia-staehli.ch\/blog\/wp-content\/uploads\/2019\/09\/P1260185.jpg?strip=info&#038;w=1800 1800w,https:\/\/i0.wp.com\/pia-staehli.ch\/blog\/wp-content\/uploads\/2019\/09\/P1260185.jpg?strip=info&#038;w=2000 2000w\" alt=\"\" data-height=\"3264\" data-id=\"18277\" data-link=\"https:\/\/pia-staehli.ch\/blog\/?attachment_id=18277\" data-url=\"https:\/\/pia-staehli.ch\/blog\/wp-content\/uploads\/2019\/09\/P1260185.jpg\" data-width=\"4896\" src=\"https:\/\/i0.wp.com\/pia-staehli.ch\/blog\/wp-content\/uploads\/2019\/09\/P1260185.jpg\"\/><\/figure><\/div><div class=\"tiled-gallery__col\"><figure class=\"tiled-gallery__item\"><img decoding=\"async\" data-attachment-id=\"18279\" data-permalink=\"https:\/\/pia-staehli.ch\/blog\/2019\/09\/30\/12tel-blick-und-mein-september\/p1260308\/\" data-orig-file=\"https:\/\/pia-staehli.ch\/blog\/wp-content\/uploads\/2019\/09\/P1260308.jpg\" data-orig-size=\"3264,4896\" data-comments-opened=\"1\" data-image-title=\"P1260308\" data-image-description=\"\" data-image-caption=\"\" data-large-file=\"https:\/\/pia-staehli.ch\/blog\/wp-content\/uploads\/2019\/09\/P1260308-683x1024.jpg\" role=\"button\" tabindex=\"0\" aria-label=\"Bild\u00a013 von 15 im Vollbildmodus \u00f6ffnen\" srcset=\"https:\/\/i1.wp.com\/pia-staehli.ch\/blog\/wp-content\/uploads\/2019\/09\/P1260308.jpg?strip=info&#038;w=600 600w,https:\/\/i1.wp.com\/pia-staehli.ch\/blog\/wp-content\/uploads\/2019\/09\/P1260308.jpg?strip=info&#038;w=900 900w,https:\/\/i1.wp.com\/pia-staehli.ch\/blog\/wp-content\/uploads\/2019\/09\/P1260308.jpg?strip=info&#038;w=1200 1200w,https:\/\/i1.wp.com\/pia-staehli.ch\/blog\/wp-content\/uploads\/2019\/09\/P1260308.jpg?strip=info&#038;w=1500 1500w,https:\/\/i1.wp.com\/pia-staehli.ch\/blog\/wp-content\/uploads\/2019\/09\/P1260308.jpg?strip=info&#038;w=1800 1800w,https:\/\/i1.wp.com\/pia-staehli.ch\/blog\/wp-content\/uploads\/2019\/09\/P1260308.jpg?strip=info&#038;w=2000 2000w\" alt=\"\" data-height=\"4896\" data-id=\"18279\" data-link=\"https:\/\/pia-staehli.ch\/blog\/?attachment_id=18279\" data-url=\"https:\/\/pia-staehli.ch\/blog\/wp-content\/uploads\/2019\/09\/P1260308.jpg\" data-width=\"3264\" src=\"https:\/\/i1.wp.com\/pia-staehli.ch\/blog\/wp-content\/uploads\/2019\/09\/P1260308.jpg\"\/><\/figure><\/div><\/div><div class=\"tiled-gallery__row\"><div class=\"tiled-gallery__col\"><figure class=\"tiled-gallery__item\"><img decoding=\"async\" data-attachment-id=\"18278\" data-permalink=\"https:\/\/pia-staehli.ch\/blog\/2019\/09\/30\/12tel-blick-und-mein-september\/p1260274\/\" data-orig-file=\"https:\/\/pia-staehli.ch\/blog\/wp-content\/uploads\/2019\/09\/P1260274.jpg\" data-orig-size=\"4896,3264\" data-comments-opened=\"1\" data-image-title=\"P1260274\" data-image-description=\"\" data-image-caption=\"\" data-large-file=\"https:\/\/pia-staehli.ch\/blog\/wp-content\/uploads\/2019\/09\/P1260274-1024x683.jpg\" role=\"button\" tabindex=\"0\" aria-label=\"Bild\u00a014 von 15 im Vollbildmodus \u00f6ffnen\" srcset=\"https:\/\/i2.wp.com\/pia-staehli.ch\/blog\/wp-content\/uploads\/2019\/09\/P1260274.jpg?strip=info&#038;w=600 600w,https:\/\/i2.wp.com\/pia-staehli.ch\/blog\/wp-content\/uploads\/2019\/09\/P1260274.jpg?strip=info&#038;w=900 900w,https:\/\/i2.wp.com\/pia-staehli.ch\/blog\/wp-content\/uploads\/2019\/09\/P1260274.jpg?strip=info&#038;w=1200 1200w,https:\/\/i2.wp.com\/pia-staehli.ch\/blog\/wp-content\/uploads\/2019\/09\/P1260274.jpg?strip=info&#038;w=1500 1500w,https:\/\/i2.wp.com\/pia-staehli.ch\/blog\/wp-content\/uploads\/2019\/09\/P1260274.jpg?strip=info&#038;w=1800 1800w,https:\/\/i2.wp.com\/pia-staehli.ch\/blog\/wp-content\/uploads\/2019\/09\/P1260274.jpg?strip=info&#038;w=2000 2000w\" alt=\"\" data-height=\"3264\" data-id=\"18278\" data-link=\"https:\/\/pia-staehli.ch\/blog\/?attachment_id=18278\" data-url=\"https:\/\/pia-staehli.ch\/blog\/wp-content\/uploads\/2019\/09\/P1260274.jpg\" data-width=\"4896\" src=\"https:\/\/i2.wp.com\/pia-staehli.ch\/blog\/wp-content\/uploads\/2019\/09\/P1260274.jpg\"\/><\/figure><\/div><div class=\"tiled-gallery__col\"><figure class=\"tiled-gallery__item\"><img decoding=\"async\" data-attachment-id=\"18260\" data-permalink=\"https:\/\/pia-staehli.ch\/blog\/img_20190928_133751\/\" data-orig-file=\"https:\/\/pia-staehli.ch\/blog\/wp-content\/uploads\/2019\/09\/IMG_20190928_133751.jpg\" data-orig-size=\"2250,3000\" data-comments-opened=\"1\" data-image-title=\"IMG_20190928_133751.jpg\" data-image-description=\"\" data-image-caption=\"\" data-large-file=\"https:\/\/pia-staehli.ch\/blog\/wp-content\/uploads\/2019\/09\/IMG_20190928_133751-768x1024.jpg\" role=\"button\" tabindex=\"0\" aria-label=\"Bild\u00a015 von 15 im Vollbildmodus \u00f6ffnen\" srcset=\"https:\/\/i1.wp.com\/pia-staehli.ch\/blog\/wp-content\/uploads\/2019\/09\/IMG_20190928_133751.jpg?strip=info&#038;w=600 600w,https:\/\/i1.wp.com\/pia-staehli.ch\/blog\/wp-content\/uploads\/2019\/09\/IMG_20190928_133751.jpg?strip=info&#038;w=900 900w,https:\/\/i1.wp.com\/pia-staehli.ch\/blog\/wp-content\/uploads\/2019\/09\/IMG_20190928_133751.jpg?strip=info&#038;w=1200 1200w,https:\/\/i1.wp.com\/pia-staehli.ch\/blog\/wp-content\/uploads\/2019\/09\/IMG_20190928_133751.jpg?strip=info&#038;w=1500 1500w,https:\/\/i1.wp.com\/pia-staehli.ch\/blog\/wp-content\/uploads\/2019\/09\/IMG_20190928_133751.jpg?strip=info&#038;w=1800 1800w,https:\/\/i1.wp.com\/pia-staehli.ch\/blog\/wp-content\/uploads\/2019\/09\/IMG_20190928_133751.jpg?strip=info&#038;w=2000 2000w\" alt=\"\" data-height=\"3000\" data-id=\"18260\" data-link=\"https:\/\/pia-staehli.ch\/blog\/img_20190928_133751\/\" data-url=\"https:\/\/pia-staehli.ch\/blog\/wp-content\/uploads\/2019\/09\/IMG_20190928_133751.jpg\" data-width=\"2250\" src=\"https:\/\/i1.wp.com\/pia-staehli.ch\/blog\/wp-content\/uploads\/2019\/09\/IMG_20190928_133751.jpg\"\/><\/figure><\/div><\/div><\/div><\/div>\n\n\n\n<p class=\"wp-block-paragraph\">F\u00fcr Juttas <a href=\"https:\/\/kreativ-im-rentnerdasein.blogspot.com\">DigitalArt<\/a> habe ich ein Bild in Bild gestaltet von den drei Seen, an denen ich im September war.<\/p>\n\n\n\n<figure class=\"wp-block-image\"><img loading=\"lazy\" decoding=\"async\" width=\"4896\" height=\"3264\" data-attachment-id=\"18286\" data-permalink=\"https:\/\/pia-staehli.ch\/blog\/2019\/09\/30\/12tel-blick-und-mein-september\/p1260221\/\" data-orig-file=\"https:\/\/pia-staehli.ch\/blog\/wp-content\/uploads\/2019\/09\/P1260221.jpg\" data-orig-size=\"4896,3264\" data-comments-opened=\"1\" data-image-title=\"P1260221\" data-image-description=\"\" data-image-caption=\"\" data-large-file=\"https:\/\/pia-staehli.ch\/blog\/wp-content\/uploads\/2019\/09\/P1260221-1024x683.jpg\" src=\"https:\/\/i0.wp.com\/pia-staehli.ch\/blog\/wp-content\/uploads\/2019\/09\/P1260221.jpg?fit=474%2C316\" alt=\"\" class=\"wp-image-18286\" srcset=\"https:\/\/pia-staehli.ch\/blog\/wp-content\/uploads\/2019\/09\/P1260221.jpg 4896w, https:\/\/pia-staehli.ch\/blog\/wp-content\/uploads\/2019\/09\/P1260221-300x200.jpg 300w, https:\/\/pia-staehli.ch\/blog\/wp-content\/uploads\/2019\/09\/P1260221-768x512.jpg 768w, https:\/\/pia-staehli.ch\/blog\/wp-content\/uploads\/2019\/09\/P1260221-1024x683.jpg 1024w\" sizes=\"auto, (max-width: 4896px) 100vw, 4896px\" \/><\/figure>\n\n\n\n<p class=\"wp-block-paragraph\">Mehr<a href=\"https:\/\/evafuchs.blogspot.com\"> 12tel Blicke<\/a> bei Eva, <a href=\"https:\/\/diebirgitt.blogspot.com\">Birgitt<\/a> sammelt die Monatscollagen.<\/p>\n","protected":false},"excerpt":{"rendered":"<p>Ich versuchte den bunten Herbst in die Kugel zu packen. Das Laub verf\u00e4rbt sich erst z\u00f6gerlich, aber die Lichtverh\u00e4ltnisse lassen die Farben strahlen. Das Bild entstand am Wochenende, da hatten wir sommerliche Wetterverh\u00e4ltnisse. Der September war bei uns ein sch\u00f6ner Sp\u00e4tsommermonat. Es bl\u00fchen noch immer viele Blumen rund ums Haus, auch k\u00f6nnen wir uns gut &hellip; <a href=\"https:\/\/pia-staehli.ch\/blog\/2019\/09\/30\/12tel-blick-und-mein-september\/\" class=\"more-link\"><span class=\"screen-reader-text\">12tel Blick und mein September<\/span> weiterlesen <span class=\"meta-nav\">&rarr;<\/span><\/a><\/p>\n","protected":false},"author":2,"featured_media":0,"comment_status":"open","ping_status":"open","sticky":false,"template":"","format":"standard","meta":{"_bbp_topic_count":0,"_bbp_reply_count":0,"_bbp_total_topic_count":0,"_bbp_total_reply_count":0,"_bbp_voice_count":0,"_bbp_anonymous_reply_count":0,"_bbp_topic_count_hidden":0,"_bbp_reply_count_hidden":0,"_bbp_forum_subforum_count":0,"ngg_post_thumbnail":0,"_jetpack_newsletter_access":"","_jetpack_dont_email_post_to_subs":false,"_jetpack_newsletter_tier_id":0,"_jetpack_memberships_contains_paywalled_content":false,"_jetpack_feature_clip_id":0,"_jetpack_memberships_contains_paid_content":false,"footnotes":"","jetpack_publicize_message":"","jetpack_publicize_feature_enabled":true,"jetpack_social_post_already_shared":true,"jetpack_social_options":{"image_generator_settings":{"template":"highway","default_image_id":0,"font":"","enabled":false},"version":2},"jetpack_post_was_ever_published":false},"categories":[3,18,5,17,14,13,16,19,8,15],"tags":[],"class_list":["post-18264","post","type-post","status-publish","format-standard","hentry","category-familie","category-garten","category-geschenke","category-kreativ","category-kultur","category-natur","category-projekt","category-reisen","category-rezepte","category-unterhaltung"],"jetpack_publicize_connections":[],"jetpack_sharing_enabled":true,"jetpack_shortlink":"https:\/\/wp.me\/p4c1fj-4KA","jetpack_featured_media_url":"","_links":{"self":[{"href":"https:\/\/pia-staehli.ch\/blog\/wp-json\/wp\/v2\/posts\/18264","targetHints":{"allow":["GET"]}}],"collection":[{"href":"https:\/\/pia-staehli.ch\/blog\/wp-json\/wp\/v2\/posts"}],"about":[{"href":"https:\/\/pia-staehli.ch\/blog\/wp-json\/wp\/v2\/types\/post"}],"author":[{"embeddable":true,"href":"https:\/\/pia-staehli.ch\/blog\/wp-json\/wp\/v2\/users\/2"}],"replies":[{"embeddable":true,"href":"https:\/\/pia-staehli.ch\/blog\/wp-json\/wp\/v2\/comments?post=18264"}],"version-history":[{"count":5,"href":"https:\/\/pia-staehli.ch\/blog\/wp-json\/wp\/v2\/posts\/18264\/revisions"}],"predecessor-version":[{"id":18288,"href":"https:\/\/pia-staehli.ch\/blog\/wp-json\/wp\/v2\/posts\/18264\/revisions\/18288"}],"wp:attachment":[{"href":"https:\/\/pia-staehli.ch\/blog\/wp-json\/wp\/v2\/media?parent=18264"}],"wp:term":[{"taxonomy":"category","embeddable":true,"href":"https:\/\/pia-staehli.ch\/blog\/wp-json\/wp\/v2\/categories?post=18264"},{"taxonomy":"post_tag","embeddable":true,"href":"https:\/\/pia-staehli.ch\/blog\/wp-json\/wp\/v2\/tags?post=18264"}],"curies":[{"name":"wp","href":"https:\/\/api.w.org\/{rel}","templated":true}]}}