{"id":18122,"date":"2019-09-17T07:24:05","date_gmt":"2019-09-17T06:24:05","guid":{"rendered":"https:\/\/pia-staehli.ch\/blog\/?p=18122"},"modified":"2019-09-17T07:24:05","modified_gmt":"2019-09-17T06:24:05","slug":"sommerrot","status":"publish","type":"post","link":"https:\/\/pia-staehli.ch\/blog\/2019\/09\/17\/sommerrot\/","title":{"rendered":"sommerrot"},"content":{"rendered":"\n<p>Fleissige Leser erfahren in diesem Blogeintrag nichts <a href=\"https:\/\/pia-staehli.ch\/blog\/2014\/08\/17\/woche-33-vorrat\/\">neues<\/a>. Zurzeit <a href=\"https:\/\/pia-staehli.ch\/blog\/2017\/08\/29\/die-sonne-im-glas\/\">konserviere<\/a> ich den Sommer in meiner K\u00fcche, und dass ist immer einen Beitrag wert. Zuerst sah es so aus, als ob dieses Jahr die Tomatenernte in unserem Garten mager w\u00e4re. Mittlerweile koche ich schon zum zweiten Mal Tomatensauce ein.<\/p>\n\n\n\n<figure class=\"wp-block-image\"><img loading=\"lazy\" decoding=\"async\" width=\"4896\" height=\"3264\" data-attachment-id=\"18135\" data-permalink=\"https:\/\/pia-staehli.ch\/blog\/2019\/09\/17\/sommerrot\/p1240752\/\" data-orig-file=\"https:\/\/pia-staehli.ch\/blog\/wp-content\/uploads\/2019\/09\/P1240752.jpg\" data-orig-size=\"4896,3264\" data-comments-opened=\"1\" data-image-meta=\"{&quot;aperture&quot;:&quot;3.3&quot;,&quot;credit&quot;:&quot;&quot;,&quot;camera&quot;:&quot;DMC-TZ81&quot;,&quot;caption&quot;:&quot;&quot;,&quot;created_timestamp&quot;:&quot;1566301684&quot;,&quot;copyright&quot;:&quot;&quot;,&quot;focal_length&quot;:&quot;4.3&quot;,&quot;iso&quot;:&quot;800&quot;,&quot;shutter_speed&quot;:&quot;0.016666666666667&quot;,&quot;title&quot;:&quot;&quot;,&quot;orientation&quot;:&quot;1&quot;}\" data-image-title=\"P1240752\" data-image-description=\"\" data-image-caption=\"\" data-large-file=\"https:\/\/pia-staehli.ch\/blog\/wp-content\/uploads\/2019\/09\/P1240752-1024x683.jpg\" src=\"https:\/\/i1.wp.com\/pia-staehli.ch\/blog\/wp-content\/uploads\/2019\/09\/P1240752.jpg?fit=474%2C316\" alt=\"\" class=\"wp-image-18135\" srcset=\"https:\/\/pia-staehli.ch\/blog\/wp-content\/uploads\/2019\/09\/P1240752.jpg 4896w, https:\/\/pia-staehli.ch\/blog\/wp-content\/uploads\/2019\/09\/P1240752-300x200.jpg 300w, https:\/\/pia-staehli.ch\/blog\/wp-content\/uploads\/2019\/09\/P1240752-768x512.jpg 768w, https:\/\/pia-staehli.ch\/blog\/wp-content\/uploads\/2019\/09\/P1240752-1024x683.jpg 1024w\" sizes=\"auto, (max-width: 4896px) 100vw, 4896px\" \/><\/figure>\n\n\n\n<p>Die Pflanzen wuchsen zwar in die H\u00f6he, aber Bl\u00fcten gab es nicht viele und immer wieder sch\u00fcttelte ich die Pflanzen zum Best\u00e4uben. Das heisse Sommerwetter weckte dann die Tomaten und jetzt bin ich ganz zufrieden mit der Ernte. Manchmal braucht es einfach etwas Geduld und Vertrauen in die Natur. Selbstverst\u00e4ndlich wird in unserem Garten nicht mit Chemie nachgeholfen.<\/p>\n\n\n\n<figure class=\"wp-block-image\"><img loading=\"lazy\" decoding=\"async\" width=\"3264\" height=\"4896\" data-attachment-id=\"18142\" data-permalink=\"https:\/\/pia-staehli.ch\/blog\/2019\/09\/17\/sommerrot\/p1240193\/\" data-orig-file=\"https:\/\/pia-staehli.ch\/blog\/wp-content\/uploads\/2019\/09\/P1240193.jpg\" data-orig-size=\"3264,4896\" data-comments-opened=\"1\" data-image-meta=\"{&quot;aperture&quot;:&quot;3.3&quot;,&quot;credit&quot;:&quot;&quot;,&quot;camera&quot;:&quot;DMC-TZ81&quot;,&quot;caption&quot;:&quot;&quot;,&quot;created_timestamp&quot;:&quot;1563649184&quot;,&quot;copyright&quot;:&quot;&quot;,&quot;focal_length&quot;:&quot;4.3&quot;,&quot;iso&quot;:&quot;80&quot;,&quot;shutter_speed&quot;:&quot;0.0125&quot;,&quot;title&quot;:&quot;&quot;,&quot;orientation&quot;:&quot;1&quot;}\" data-image-title=\"P1240193\" data-image-description=\"\" data-image-caption=\"\" data-large-file=\"https:\/\/pia-staehli.ch\/blog\/wp-content\/uploads\/2019\/09\/P1240193-683x1024.jpg\" src=\"https:\/\/i1.wp.com\/pia-staehli.ch\/blog\/wp-content\/uploads\/2019\/09\/P1240193.jpg?fit=474%2C711\" alt=\"\" class=\"wp-image-18142\" srcset=\"https:\/\/pia-staehli.ch\/blog\/wp-content\/uploads\/2019\/09\/P1240193.jpg 3264w, https:\/\/pia-staehli.ch\/blog\/wp-content\/uploads\/2019\/09\/P1240193-200x300.jpg 200w, https:\/\/pia-staehli.ch\/blog\/wp-content\/uploads\/2019\/09\/P1240193-768x1152.jpg 768w, https:\/\/pia-staehli.ch\/blog\/wp-content\/uploads\/2019\/09\/P1240193-683x1024.jpg 683w\" sizes=\"auto, (max-width: 3264px) 100vw, 3264px\" \/><\/figure>\n\n\n\n<p>Zum Einkochen kommen immer die gr\u00f6ssten T\u00f6pfe zum Einsatz. Die Tomaten werden klein geschnitten und zusammen mit Kr\u00e4utern aufgekocht.<\/p>\n\n\n\n<figure class=\"wp-block-image\"><img loading=\"lazy\" decoding=\"async\" width=\"4896\" height=\"3264\" data-attachment-id=\"18136\" data-permalink=\"https:\/\/pia-staehli.ch\/blog\/2019\/09\/17\/sommerrot\/p1240753\/\" data-orig-file=\"https:\/\/pia-staehli.ch\/blog\/wp-content\/uploads\/2019\/09\/P1240753.jpg\" data-orig-size=\"4896,3264\" data-comments-opened=\"1\" data-image-meta=\"{&quot;aperture&quot;:&quot;3.3&quot;,&quot;credit&quot;:&quot;&quot;,&quot;camera&quot;:&quot;DMC-TZ81&quot;,&quot;caption&quot;:&quot;&quot;,&quot;created_timestamp&quot;:&quot;1566302956&quot;,&quot;copyright&quot;:&quot;&quot;,&quot;focal_length&quot;:&quot;4.3&quot;,&quot;iso&quot;:&quot;800&quot;,&quot;shutter_speed&quot;:&quot;0.016666666666667&quot;,&quot;title&quot;:&quot;&quot;,&quot;orientation&quot;:&quot;1&quot;}\" data-image-title=\"P1240753\" data-image-description=\"\" data-image-caption=\"\" data-large-file=\"https:\/\/pia-staehli.ch\/blog\/wp-content\/uploads\/2019\/09\/P1240753-1024x683.jpg\" src=\"https:\/\/i1.wp.com\/pia-staehli.ch\/blog\/wp-content\/uploads\/2019\/09\/P1240753.jpg?fit=474%2C316\" alt=\"\" class=\"wp-image-18136\" srcset=\"https:\/\/pia-staehli.ch\/blog\/wp-content\/uploads\/2019\/09\/P1240753.jpg 4896w, https:\/\/pia-staehli.ch\/blog\/wp-content\/uploads\/2019\/09\/P1240753-300x200.jpg 300w, https:\/\/pia-staehli.ch\/blog\/wp-content\/uploads\/2019\/09\/P1240753-768x512.jpg 768w, https:\/\/pia-staehli.ch\/blog\/wp-content\/uploads\/2019\/09\/P1240753-1024x683.jpg 1024w\" sizes=\"auto, (max-width: 4896px) 100vw, 4896px\" \/><\/figure>\n\n\n\n<p>Dann kommt mein geerbtes Passevite zum Einsatz. Das feine Sieb l\u00e4sst keine Kerne und keine Haut durch. Zur Weiterverarbeitung bleibt pures Tomatenmark \u00fcbrig.<\/p>\n\n\n\n<figure class=\"wp-block-image\"><img loading=\"lazy\" decoding=\"async\" width=\"3264\" height=\"4896\" data-attachment-id=\"18138\" data-permalink=\"https:\/\/pia-staehli.ch\/blog\/2019\/09\/17\/sommerrot\/p1250579\/\" data-orig-file=\"https:\/\/pia-staehli.ch\/blog\/wp-content\/uploads\/2019\/09\/P1250579.jpg\" data-orig-size=\"3264,4896\" data-comments-opened=\"1\" data-image-meta=\"{&quot;aperture&quot;:&quot;3.3&quot;,&quot;credit&quot;:&quot;&quot;,&quot;camera&quot;:&quot;DMC-TZ81&quot;,&quot;caption&quot;:&quot;&quot;,&quot;created_timestamp&quot;:&quot;1567948184&quot;,&quot;copyright&quot;:&quot;&quot;,&quot;focal_length&quot;:&quot;4.3&quot;,&quot;iso&quot;:&quot;800&quot;,&quot;shutter_speed&quot;:&quot;0.016666666666667&quot;,&quot;title&quot;:&quot;&quot;,&quot;orientation&quot;:&quot;1&quot;}\" data-image-title=\"P1250579\" data-image-description=\"\" data-image-caption=\"\" data-large-file=\"https:\/\/pia-staehli.ch\/blog\/wp-content\/uploads\/2019\/09\/P1250579-683x1024.jpg\" src=\"https:\/\/i2.wp.com\/pia-staehli.ch\/blog\/wp-content\/uploads\/2019\/09\/P1250579.jpg?fit=474%2C711\" alt=\"\" class=\"wp-image-18138\" srcset=\"https:\/\/pia-staehli.ch\/blog\/wp-content\/uploads\/2019\/09\/P1250579.jpg 3264w, https:\/\/pia-staehli.ch\/blog\/wp-content\/uploads\/2019\/09\/P1250579-200x300.jpg 200w, https:\/\/pia-staehli.ch\/blog\/wp-content\/uploads\/2019\/09\/P1250579-768x1152.jpg 768w, https:\/\/pia-staehli.ch\/blog\/wp-content\/uploads\/2019\/09\/P1250579-683x1024.jpg 683w\" sizes=\"auto, (max-width: 3264px) 100vw, 3264px\" \/><\/figure>\n\n\n\n<p>Die Gl\u00e4ser mit kochendem Wasser aussp\u00fclen und bereit stellen.<\/p>\n\n\n\n<figure class=\"wp-block-image\"><img loading=\"lazy\" decoding=\"async\" width=\"4896\" height=\"3264\" data-attachment-id=\"18139\" data-permalink=\"https:\/\/pia-staehli.ch\/blog\/2019\/09\/17\/sommerrot\/p1250582\/\" data-orig-file=\"https:\/\/pia-staehli.ch\/blog\/wp-content\/uploads\/2019\/09\/P1250582.jpg\" data-orig-size=\"4896,3264\" data-comments-opened=\"1\" data-image-meta=\"{&quot;aperture&quot;:&quot;3.3&quot;,&quot;credit&quot;:&quot;&quot;,&quot;camera&quot;:&quot;DMC-TZ81&quot;,&quot;caption&quot;:&quot;&quot;,&quot;created_timestamp&quot;:&quot;1567948229&quot;,&quot;copyright&quot;:&quot;&quot;,&quot;focal_length&quot;:&quot;4.3&quot;,&quot;iso&quot;:&quot;250&quot;,&quot;shutter_speed&quot;:&quot;0.016666666666667&quot;,&quot;title&quot;:&quot;&quot;,&quot;orientation&quot;:&quot;1&quot;}\" data-image-title=\"P1250582\" data-image-description=\"\" data-image-caption=\"\" data-large-file=\"https:\/\/pia-staehli.ch\/blog\/wp-content\/uploads\/2019\/09\/P1250582-1024x683.jpg\" src=\"https:\/\/i1.wp.com\/pia-staehli.ch\/blog\/wp-content\/uploads\/2019\/09\/P1250582.jpg?fit=474%2C316\" alt=\"\" class=\"wp-image-18139\" srcset=\"https:\/\/pia-staehli.ch\/blog\/wp-content\/uploads\/2019\/09\/P1250582.jpg 4896w, https:\/\/pia-staehli.ch\/blog\/wp-content\/uploads\/2019\/09\/P1250582-300x200.jpg 300w, https:\/\/pia-staehli.ch\/blog\/wp-content\/uploads\/2019\/09\/P1250582-768x512.jpg 768w, https:\/\/pia-staehli.ch\/blog\/wp-content\/uploads\/2019\/09\/P1250582-1024x683.jpg 1024w\" sizes=\"auto, (max-width: 4896px) 100vw, 4896px\" \/><\/figure>\n\n\n\n<p>Das ausgekochte Kr\u00e4uterbouquet entfernen,<\/p>\n\n\n\n<figure class=\"wp-block-image\"><img loading=\"lazy\" decoding=\"async\" width=\"4896\" height=\"3264\" data-attachment-id=\"18140\" data-permalink=\"https:\/\/pia-staehli.ch\/blog\/2019\/09\/17\/sommerrot\/p1250580\/\" data-orig-file=\"https:\/\/pia-staehli.ch\/blog\/wp-content\/uploads\/2019\/09\/P1250580.jpg\" data-orig-size=\"4896,3264\" data-comments-opened=\"1\" data-image-meta=\"{&quot;aperture&quot;:&quot;3.3&quot;,&quot;credit&quot;:&quot;&quot;,&quot;camera&quot;:&quot;DMC-TZ81&quot;,&quot;caption&quot;:&quot;&quot;,&quot;created_timestamp&quot;:&quot;1567948192&quot;,&quot;copyright&quot;:&quot;&quot;,&quot;focal_length&quot;:&quot;4.3&quot;,&quot;iso&quot;:&quot;1600&quot;,&quot;shutter_speed&quot;:&quot;0.05&quot;,&quot;title&quot;:&quot;&quot;,&quot;orientation&quot;:&quot;1&quot;}\" data-image-title=\"P1250580\" data-image-description=\"\" data-image-caption=\"\" data-large-file=\"https:\/\/pia-staehli.ch\/blog\/wp-content\/uploads\/2019\/09\/P1250580-1024x683.jpg\" src=\"https:\/\/i0.wp.com\/pia-staehli.ch\/blog\/wp-content\/uploads\/2019\/09\/P1250580.jpg?fit=474%2C316\" alt=\"\" class=\"wp-image-18140\" srcset=\"https:\/\/pia-staehli.ch\/blog\/wp-content\/uploads\/2019\/09\/P1250580.jpg 4896w, https:\/\/pia-staehli.ch\/blog\/wp-content\/uploads\/2019\/09\/P1250580-300x200.jpg 300w, https:\/\/pia-staehli.ch\/blog\/wp-content\/uploads\/2019\/09\/P1250580-768x512.jpg 768w, https:\/\/pia-staehli.ch\/blog\/wp-content\/uploads\/2019\/09\/P1250580-1024x683.jpg 1024w\" sizes=\"auto, (max-width: 4896px) 100vw, 4896px\" \/><\/figure>\n\n\n\n<p>und die Tomatensauce in ca. 500 ml Gl\u00e4ser abf\u00fcllen. Bis zum Verbrauch die Gl\u00e4ser k\u00fchl und dunkel im <a href=\"https:\/\/pia-staehli.ch\/blog\/2015\/09\/05\/wintervorrat-meine-sonntagsfreude\/\">Keller<\/a> aufbewahren. Es ist herrlich, wenn man einfach ein Glas rote Sonne holen kann und kein Tropfen Wasser f\u00fcr einen Tomatenrisotto braucht. <\/p>\n\n\n\n<figure class=\"wp-block-image\"><img loading=\"lazy\" decoding=\"async\" width=\"4896\" height=\"3264\" data-attachment-id=\"18141\" data-permalink=\"https:\/\/pia-staehli.ch\/blog\/2019\/09\/17\/sommerrot\/p1250585\/\" data-orig-file=\"https:\/\/pia-staehli.ch\/blog\/wp-content\/uploads\/2019\/09\/P1250585.jpg\" data-orig-size=\"4896,3264\" data-comments-opened=\"1\" data-image-meta=\"{&quot;aperture&quot;:&quot;5&quot;,&quot;credit&quot;:&quot;&quot;,&quot;camera&quot;:&quot;DMC-TZ81&quot;,&quot;caption&quot;:&quot;&quot;,&quot;created_timestamp&quot;:&quot;1567949595&quot;,&quot;copyright&quot;:&quot;&quot;,&quot;focal_length&quot;:&quot;17.5&quot;,&quot;iso&quot;:&quot;1600&quot;,&quot;shutter_speed&quot;:&quot;0.02&quot;,&quot;title&quot;:&quot;&quot;,&quot;orientation&quot;:&quot;1&quot;}\" data-image-title=\"P1250585\" data-image-description=\"\" data-image-caption=\"\" data-large-file=\"https:\/\/pia-staehli.ch\/blog\/wp-content\/uploads\/2019\/09\/P1250585-1024x683.jpg\" src=\"https:\/\/i1.wp.com\/pia-staehli.ch\/blog\/wp-content\/uploads\/2019\/09\/P1250585.jpg?fit=474%2C316\" alt=\"\" class=\"wp-image-18141\" srcset=\"https:\/\/pia-staehli.ch\/blog\/wp-content\/uploads\/2019\/09\/P1250585.jpg 4896w, https:\/\/pia-staehli.ch\/blog\/wp-content\/uploads\/2019\/09\/P1250585-300x200.jpg 300w, https:\/\/pia-staehli.ch\/blog\/wp-content\/uploads\/2019\/09\/P1250585-768x512.jpg 768w, https:\/\/pia-staehli.ch\/blog\/wp-content\/uploads\/2019\/09\/P1250585-1024x683.jpg 1024w\" sizes=\"auto, (max-width: 4896px) 100vw, 4896px\" \/><\/figure>\n\n\n\n<p>So kostbar ist f\u00fcr mich unser Vorrat im Keller.<\/p>\n\n\n\n<figure class=\"wp-block-image\"><img loading=\"lazy\" decoding=\"async\" width=\"768\" height=\"1024\" data-attachment-id=\"18143\" data-permalink=\"https:\/\/pia-staehli.ch\/blog\/photostudio_1568104724583\/\" data-orig-file=\"https:\/\/pia-staehli.ch\/blog\/wp-content\/uploads\/2019\/09\/photostudio_1568104724583.jpg\" data-orig-size=\"3000,4000\" data-comments-opened=\"1\" data-image-meta=\"{&quot;aperture&quot;:&quot;0&quot;,&quot;credit&quot;:&quot;&quot;,&quot;camera&quot;:&quot;Mi A1&quot;,&quot;caption&quot;:&quot;&quot;,&quot;created_timestamp&quot;:&quot;1568110849&quot;,&quot;copyright&quot;:&quot;&quot;,&quot;focal_length&quot;:&quot;5.99&quot;,&quot;iso&quot;:&quot;250&quot;,&quot;shutter_speed&quot;:&quot;0.02&quot;,&quot;title&quot;:&quot;&quot;,&quot;orientation&quot;:&quot;0&quot;}\" data-image-title=\"photostudio_1568104724583.jpg\" data-image-description=\"\" data-image-caption=\"\" data-large-file=\"https:\/\/pia-staehli.ch\/blog\/wp-content\/uploads\/2019\/09\/photostudio_1568104724583-768x1024.jpg\" src=\"https:\/\/pia-staehli.ch\/blog\/wp-content\/uploads\/2019\/09\/photostudio_1568104724583-768x1024.jpg\" alt=\"\" class=\"wp-image-18143\" srcset=\"https:\/\/pia-staehli.ch\/blog\/wp-content\/uploads\/2019\/09\/photostudio_1568104724583-768x1024.jpg 768w, https:\/\/pia-staehli.ch\/blog\/wp-content\/uploads\/2019\/09\/photostudio_1568104724583-225x300.jpg 225w\" sizes=\"auto, (max-width: 768px) 100vw, 768px\" \/><\/figure>\n\n\n\n<p><a href=\"https:\/\/www.wortperlen.de\/startseite\/home....\/\">Rot<\/a>, <a href=\"https:\/\/kreativ-im-rentnerdasein.blogspot.com\">DigitalArt<\/a>, <a href=\"https:\/\/www.creadienstag.de\/\">Creadienstag<\/a>, <a href=\"https:\/\/elfiskartenblog.blogspot.com\/\">DVD<\/a>, <a href=\"https:\/\/kreativ-im-rentnerdasein.blogspot.com\">DND<\/a>, <a href=\"https:\/\/gartenwonne.com\">Sommergl\u00fcck<\/a><\/p>\n","protected":false},"excerpt":{"rendered":"<p>Fleissige Leser erfahren in diesem Blogeintrag nichts neues. Zurzeit konserviere ich den Sommer in meiner K\u00fcche, und dass ist immer einen Beitrag wert. Zuerst sah es so aus, als ob dieses Jahr die Tomatenernte in unserem Garten mager w\u00e4re. Mittlerweile koche ich schon zum zweiten Mal Tomatensauce ein. Die Pflanzen wuchsen zwar in die H\u00f6he, &hellip; <a href=\"https:\/\/pia-staehli.ch\/blog\/2019\/09\/17\/sommerrot\/\" class=\"more-link\"><span class=\"screen-reader-text\">sommerrot<\/span> weiterlesen <span class=\"meta-nav\">&rarr;<\/span><\/a><\/p>\n","protected":false},"author":2,"featured_media":0,"comment_status":"open","ping_status":"open","sticky":false,"template":"","format":"standard","meta":{"_bbp_topic_count":0,"_bbp_reply_count":0,"_bbp_total_topic_count":0,"_bbp_total_reply_count":0,"_bbp_voice_count":0,"_bbp_anonymous_reply_count":0,"_bbp_topic_count_hidden":0,"_bbp_reply_count_hidden":0,"_bbp_forum_subforum_count":0,"ngg_post_thumbnail":0,"jetpack_post_was_ever_published":false,"_jetpack_newsletter_access":"","_jetpack_dont_email_post_to_subs":false,"_jetpack_newsletter_tier_id":0,"_jetpack_memberships_contains_paywalled_content":false,"_jetpack_memberships_contains_paid_content":false,"footnotes":"","jetpack_publicize_message":"","jetpack_publicize_feature_enabled":true,"jetpack_social_post_already_shared":true,"jetpack_social_options":{"image_generator_settings":{"template":"highway","default_image_id":0,"font":"","enabled":false},"version":2}},"categories":[3,18,17,13,16,8],"tags":[],"class_list":["post-18122","post","type-post","status-publish","format-standard","hentry","category-familie","category-garten","category-kreativ","category-natur","category-projekt","category-rezepte"],"jetpack_publicize_connections":[],"jetpack_featured_media_url":"","jetpack_sharing_enabled":true,"jetpack_shortlink":"https:\/\/wp.me\/p4c1fj-4Ii","_links":{"self":[{"href":"https:\/\/pia-staehli.ch\/blog\/wp-json\/wp\/v2\/posts\/18122","targetHints":{"allow":["GET"]}}],"collection":[{"href":"https:\/\/pia-staehli.ch\/blog\/wp-json\/wp\/v2\/posts"}],"about":[{"href":"https:\/\/pia-staehli.ch\/blog\/wp-json\/wp\/v2\/types\/post"}],"author":[{"embeddable":true,"href":"https:\/\/pia-staehli.ch\/blog\/wp-json\/wp\/v2\/users\/2"}],"replies":[{"embeddable":true,"href":"https:\/\/pia-staehli.ch\/blog\/wp-json\/wp\/v2\/comments?post=18122"}],"version-history":[{"count":5,"href":"https:\/\/pia-staehli.ch\/blog\/wp-json\/wp\/v2\/posts\/18122\/revisions"}],"predecessor-version":[{"id":18200,"href":"https:\/\/pia-staehli.ch\/blog\/wp-json\/wp\/v2\/posts\/18122\/revisions\/18200"}],"wp:attachment":[{"href":"https:\/\/pia-staehli.ch\/blog\/wp-json\/wp\/v2\/media?parent=18122"}],"wp:term":[{"taxonomy":"category","embeddable":true,"href":"https:\/\/pia-staehli.ch\/blog\/wp-json\/wp\/v2\/categories?post=18122"},{"taxonomy":"post_tag","embeddable":true,"href":"https:\/\/pia-staehli.ch\/blog\/wp-json\/wp\/v2\/tags?post=18122"}],"curies":[{"name":"wp","href":"https:\/\/api.w.org\/{rel}","templated":true}]}}