{"id":17363,"date":"2019-06-11T08:03:16","date_gmt":"2019-06-11T07:03:16","guid":{"rendered":"https:\/\/pia-staehli.ch\/blog\/?p=17363"},"modified":"2019-06-11T19:37:42","modified_gmt":"2019-06-11T18:37:42","slug":"puenktlich","status":"publish","type":"post","link":"https:\/\/pia-staehli.ch\/blog\/2019\/06\/11\/puenktlich\/","title":{"rendered":"P\u00fcnktlich"},"content":{"rendered":"\n<p>P\u00fcnktlich auf das Pfingstwochenende bl\u00fcht es rot, rosa und weiss in unserem Garten. So p\u00fcnktlich bl\u00fchten die Pfingstrosen glaube ich noch selten.<\/p>\n\n\n\n<figure class=\"wp-block-image\"><img loading=\"lazy\" decoding=\"async\" width=\"4896\" height=\"3264\" data-attachment-id=\"17364\" data-permalink=\"https:\/\/pia-staehli.ch\/blog\/2019\/06\/11\/puenktlich\/p1220300\/\" data-orig-file=\"https:\/\/pia-staehli.ch\/blog\/wp-content\/uploads\/2019\/06\/P1220300.jpg\" data-orig-size=\"4896,3264\" data-comments-opened=\"1\" data-image-meta=\"{&quot;aperture&quot;:&quot;3.7&quot;,&quot;credit&quot;:&quot;&quot;,&quot;camera&quot;:&quot;DMC-TZ81&quot;,&quot;caption&quot;:&quot;&quot;,&quot;created_timestamp&quot;:&quot;1558790217&quot;,&quot;copyright&quot;:&quot;&quot;,&quot;focal_length&quot;:&quot;6.3&quot;,&quot;iso&quot;:&quot;80&quot;,&quot;shutter_speed&quot;:&quot;0.002&quot;,&quot;title&quot;:&quot;&quot;,&quot;orientation&quot;:&quot;1&quot;}\" data-image-title=\"P1220300\" data-image-description=\"\" data-image-caption=\"\" data-large-file=\"https:\/\/pia-staehli.ch\/blog\/wp-content\/uploads\/2019\/06\/P1220300-1024x683.jpg\" src=\"https:\/\/i1.wp.com\/pia-staehli.ch\/blog\/wp-content\/uploads\/2019\/06\/P1220300.jpg?fit=474%2C316\" alt=\"\" class=\"wp-image-17364\" srcset=\"https:\/\/pia-staehli.ch\/blog\/wp-content\/uploads\/2019\/06\/P1220300.jpg 4896w, https:\/\/pia-staehli.ch\/blog\/wp-content\/uploads\/2019\/06\/P1220300-300x200.jpg 300w, https:\/\/pia-staehli.ch\/blog\/wp-content\/uploads\/2019\/06\/P1220300-768x512.jpg 768w, https:\/\/pia-staehli.ch\/blog\/wp-content\/uploads\/2019\/06\/P1220300-1024x683.jpg 1024w\" sizes=\"auto, (max-width: 4896px) 100vw, 4896px\" \/><\/figure>\n\n\n\n<figure class=\"wp-block-image\"><img loading=\"lazy\" decoding=\"async\" width=\"4896\" height=\"3264\" data-attachment-id=\"17367\" data-permalink=\"https:\/\/pia-staehli.ch\/blog\/2019\/06\/11\/puenktlich\/p1220340\/\" data-orig-file=\"https:\/\/pia-staehli.ch\/blog\/wp-content\/uploads\/2019\/06\/P1220340.jpg\" data-orig-size=\"4896,3264\" data-comments-opened=\"1\" data-image-meta=\"{&quot;aperture&quot;:&quot;3.3&quot;,&quot;credit&quot;:&quot;&quot;,&quot;camera&quot;:&quot;DMC-TZ81&quot;,&quot;caption&quot;:&quot;&quot;,&quot;created_timestamp&quot;:&quot;1558970552&quot;,&quot;copyright&quot;:&quot;&quot;,&quot;focal_length&quot;:&quot;4.3&quot;,&quot;iso&quot;:&quot;80&quot;,&quot;shutter_speed&quot;:&quot;0.01&quot;,&quot;title&quot;:&quot;&quot;,&quot;orientation&quot;:&quot;1&quot;}\" data-image-title=\"P1220340\" data-image-description=\"\" data-image-caption=\"\" data-large-file=\"https:\/\/pia-staehli.ch\/blog\/wp-content\/uploads\/2019\/06\/P1220340-1024x683.jpg\" src=\"https:\/\/i2.wp.com\/pia-staehli.ch\/blog\/wp-content\/uploads\/2019\/06\/P1220340.jpg?fit=474%2C316\" alt=\"\" class=\"wp-image-17367\" srcset=\"https:\/\/pia-staehli.ch\/blog\/wp-content\/uploads\/2019\/06\/P1220340.jpg 4896w, https:\/\/pia-staehli.ch\/blog\/wp-content\/uploads\/2019\/06\/P1220340-300x200.jpg 300w, https:\/\/pia-staehli.ch\/blog\/wp-content\/uploads\/2019\/06\/P1220340-768x512.jpg 768w, https:\/\/pia-staehli.ch\/blog\/wp-content\/uploads\/2019\/06\/P1220340-1024x683.jpg 1024w\" sizes=\"auto, (max-width: 4896px) 100vw, 4896px\" \/><\/figure>\n\n\n\n<p>Die ersten Bl\u00fctenk\u00f6pfe f\u00fcllte der Regen mit Wasser.<\/p>\n\n\n\n<figure class=\"wp-block-image\"><img loading=\"lazy\" decoding=\"async\" width=\"4896\" height=\"3264\" data-attachment-id=\"17368\" data-permalink=\"https:\/\/pia-staehli.ch\/blog\/2019\/06\/11\/puenktlich\/p1220059\/\" data-orig-file=\"https:\/\/pia-staehli.ch\/blog\/wp-content\/uploads\/2019\/06\/P1220059.jpg\" data-orig-size=\"4896,3264\" data-comments-opened=\"1\" data-image-meta=\"{&quot;aperture&quot;:&quot;3.3&quot;,&quot;credit&quot;:&quot;&quot;,&quot;camera&quot;:&quot;DMC-TZ81&quot;,&quot;caption&quot;:&quot;&quot;,&quot;created_timestamp&quot;:&quot;1557673861&quot;,&quot;copyright&quot;:&quot;&quot;,&quot;focal_length&quot;:&quot;4.3&quot;,&quot;iso&quot;:&quot;80&quot;,&quot;shutter_speed&quot;:&quot;0.008&quot;,&quot;title&quot;:&quot;&quot;,&quot;orientation&quot;:&quot;1&quot;}\" data-image-title=\"P1220059\" data-image-description=\"\" data-image-caption=\"\" data-large-file=\"https:\/\/pia-staehli.ch\/blog\/wp-content\/uploads\/2019\/06\/P1220059-1024x683.jpg\" src=\"https:\/\/i1.wp.com\/pia-staehli.ch\/blog\/wp-content\/uploads\/2019\/06\/P1220059.jpg?fit=474%2C316\" alt=\"\" class=\"wp-image-17368\" srcset=\"https:\/\/pia-staehli.ch\/blog\/wp-content\/uploads\/2019\/06\/P1220059.jpg 4896w, https:\/\/pia-staehli.ch\/blog\/wp-content\/uploads\/2019\/06\/P1220059-300x200.jpg 300w, https:\/\/pia-staehli.ch\/blog\/wp-content\/uploads\/2019\/06\/P1220059-768x512.jpg 768w, https:\/\/pia-staehli.ch\/blog\/wp-content\/uploads\/2019\/06\/P1220059-1024x683.jpg 1024w\" sizes=\"auto, (max-width: 4896px) 100vw, 4896px\" \/><\/figure>\n\n\n\n<p>Pfingstrosen gibt es in unserem Garten einige, aber so viele Bl\u00fctenk\u00f6pfe gab es noch selten. Es ist eine Freude ums Haus zu laufen und t\u00e4glich mehr offene Blumen zu entdecken.<\/p>\n\n\n\n<figure class=\"wp-block-image\"><img loading=\"lazy\" decoding=\"async\" width=\"749\" height=\"1024\" data-attachment-id=\"17384\" data-permalink=\"https:\/\/pia-staehli.ch\/blog\/2019\/06\/11\/puenktlich\/p1220575\/\" data-orig-file=\"https:\/\/pia-staehli.ch\/blog\/wp-content\/uploads\/2019\/06\/P1220575.jpg\" data-orig-size=\"3245,4436\" data-comments-opened=\"1\" data-image-meta=\"{&quot;aperture&quot;:&quot;3.3&quot;,&quot;credit&quot;:&quot;&quot;,&quot;camera&quot;:&quot;DMC-TZ81&quot;,&quot;caption&quot;:&quot;&quot;,&quot;created_timestamp&quot;:&quot;1559590175&quot;,&quot;copyright&quot;:&quot;&quot;,&quot;focal_length&quot;:&quot;4.3&quot;,&quot;iso&quot;:&quot;80&quot;,&quot;shutter_speed&quot;:&quot;0.005&quot;,&quot;title&quot;:&quot;&quot;,&quot;orientation&quot;:&quot;1&quot;}\" data-image-title=\"P1220575\" data-image-description=\"\" data-image-caption=\"\" data-large-file=\"https:\/\/pia-staehli.ch\/blog\/wp-content\/uploads\/2019\/06\/P1220575-749x1024.jpg\" src=\"https:\/\/pia-staehli.ch\/blog\/wp-content\/uploads\/2019\/06\/P1220575-749x1024.jpg\" alt=\"\" class=\"wp-image-17384\" srcset=\"https:\/\/pia-staehli.ch\/blog\/wp-content\/uploads\/2019\/06\/P1220575-749x1024.jpg 749w, https:\/\/pia-staehli.ch\/blog\/wp-content\/uploads\/2019\/06\/P1220575-219x300.jpg 219w, https:\/\/pia-staehli.ch\/blog\/wp-content\/uploads\/2019\/06\/P1220575-768x1050.jpg 768w\" sizes=\"auto, (max-width: 749px) 100vw, 749px\" \/><\/figure>\n\n\n\n<figure class=\"wp-block-image\"><img loading=\"lazy\" decoding=\"async\" width=\"4896\" height=\"3264\" data-attachment-id=\"17365\" data-permalink=\"https:\/\/pia-staehli.ch\/blog\/2019\/06\/11\/puenktlich\/p1220533\/\" data-orig-file=\"https:\/\/pia-staehli.ch\/blog\/wp-content\/uploads\/2019\/06\/P1220533.jpg\" data-orig-size=\"4896,3264\" data-comments-opened=\"1\" data-image-meta=\"{&quot;aperture&quot;:&quot;3.5&quot;,&quot;credit&quot;:&quot;&quot;,&quot;camera&quot;:&quot;DMC-TZ81&quot;,&quot;caption&quot;:&quot;&quot;,&quot;created_timestamp&quot;:&quot;1559555291&quot;,&quot;copyright&quot;:&quot;&quot;,&quot;focal_length&quot;:&quot;5&quot;,&quot;iso&quot;:&quot;80&quot;,&quot;shutter_speed&quot;:&quot;0.00625&quot;,&quot;title&quot;:&quot;&quot;,&quot;orientation&quot;:&quot;1&quot;}\" data-image-title=\"P1220533\" data-image-description=\"\" data-image-caption=\"\" data-large-file=\"https:\/\/pia-staehli.ch\/blog\/wp-content\/uploads\/2019\/06\/P1220533-1024x683.jpg\" src=\"https:\/\/i0.wp.com\/pia-staehli.ch\/blog\/wp-content\/uploads\/2019\/06\/P1220533.jpg?fit=474%2C316\" alt=\"\" class=\"wp-image-17365\" srcset=\"https:\/\/pia-staehli.ch\/blog\/wp-content\/uploads\/2019\/06\/P1220533.jpg 4896w, https:\/\/pia-staehli.ch\/blog\/wp-content\/uploads\/2019\/06\/P1220533-300x200.jpg 300w, https:\/\/pia-staehli.ch\/blog\/wp-content\/uploads\/2019\/06\/P1220533-768x512.jpg 768w, https:\/\/pia-staehli.ch\/blog\/wp-content\/uploads\/2019\/06\/P1220533-1024x683.jpg 1024w\" sizes=\"auto, (max-width: 4896px) 100vw, 4896px\" \/><\/figure>\n\n\n\n<figure class=\"wp-block-image\"><img loading=\"lazy\" decoding=\"async\" width=\"4896\" height=\"3264\" data-attachment-id=\"17399\" data-permalink=\"https:\/\/pia-staehli.ch\/blog\/2019\/06\/11\/puenktlich\/p1220599\/\" data-orig-file=\"https:\/\/pia-staehli.ch\/blog\/wp-content\/uploads\/2019\/06\/P1220599.jpg\" data-orig-size=\"4896,3264\" data-comments-opened=\"1\" data-image-meta=\"{&quot;aperture&quot;:&quot;3.3&quot;,&quot;credit&quot;:&quot;&quot;,&quot;camera&quot;:&quot;DMC-TZ81&quot;,&quot;caption&quot;:&quot;&quot;,&quot;created_timestamp&quot;:&quot;1559764367&quot;,&quot;copyright&quot;:&quot;&quot;,&quot;focal_length&quot;:&quot;4.3&quot;,&quot;iso&quot;:&quot;80&quot;,&quot;shutter_speed&quot;:&quot;0.004&quot;,&quot;title&quot;:&quot;&quot;,&quot;orientation&quot;:&quot;1&quot;}\" data-image-title=\"P1220599\" data-image-description=\"\" data-image-caption=\"\" data-large-file=\"https:\/\/pia-staehli.ch\/blog\/wp-content\/uploads\/2019\/06\/P1220599-1024x683.jpg\" src=\"https:\/\/i1.wp.com\/pia-staehli.ch\/blog\/wp-content\/uploads\/2019\/06\/P1220599.jpg?fit=474%2C316\" alt=\"\" class=\"wp-image-17399\" srcset=\"https:\/\/pia-staehli.ch\/blog\/wp-content\/uploads\/2019\/06\/P1220599.jpg 4896w, https:\/\/pia-staehli.ch\/blog\/wp-content\/uploads\/2019\/06\/P1220599-300x200.jpg 300w, https:\/\/pia-staehli.ch\/blog\/wp-content\/uploads\/2019\/06\/P1220599-768x512.jpg 768w, https:\/\/pia-staehli.ch\/blog\/wp-content\/uploads\/2019\/06\/P1220599-1024x683.jpg 1024w\" sizes=\"auto, (max-width: 4896px) 100vw, 4896px\" \/><\/figure>\n\n\n\n<figure class=\"wp-block-image\"><img loading=\"lazy\" decoding=\"async\" width=\"3246\" height=\"4171\" data-attachment-id=\"17398\" data-permalink=\"https:\/\/pia-staehli.ch\/blog\/2019\/06\/11\/puenktlich\/p1220594\/\" data-orig-file=\"https:\/\/pia-staehli.ch\/blog\/wp-content\/uploads\/2019\/06\/P1220594.jpg\" data-orig-size=\"3246,4171\" data-comments-opened=\"1\" data-image-meta=\"{&quot;aperture&quot;:&quot;3.3&quot;,&quot;credit&quot;:&quot;&quot;,&quot;camera&quot;:&quot;DMC-TZ81&quot;,&quot;caption&quot;:&quot;&quot;,&quot;created_timestamp&quot;:&quot;1559764269&quot;,&quot;copyright&quot;:&quot;&quot;,&quot;focal_length&quot;:&quot;4.3&quot;,&quot;iso&quot;:&quot;80&quot;,&quot;shutter_speed&quot;:&quot;0.016666666666667&quot;,&quot;title&quot;:&quot;&quot;,&quot;orientation&quot;:&quot;1&quot;}\" data-image-title=\"P1220594\" data-image-description=\"\" data-image-caption=\"\" data-large-file=\"https:\/\/pia-staehli.ch\/blog\/wp-content\/uploads\/2019\/06\/P1220594-797x1024.jpg\" src=\"https:\/\/i1.wp.com\/pia-staehli.ch\/blog\/wp-content\/uploads\/2019\/06\/P1220594.jpg?fit=474%2C609\" alt=\"\" class=\"wp-image-17398\" srcset=\"https:\/\/pia-staehli.ch\/blog\/wp-content\/uploads\/2019\/06\/P1220594.jpg 3246w, https:\/\/pia-staehli.ch\/blog\/wp-content\/uploads\/2019\/06\/P1220594-233x300.jpg 233w, https:\/\/pia-staehli.ch\/blog\/wp-content\/uploads\/2019\/06\/P1220594-768x987.jpg 768w, https:\/\/pia-staehli.ch\/blog\/wp-content\/uploads\/2019\/06\/P1220594-797x1024.jpg 797w\" sizes=\"auto, (max-width: 3246px) 100vw, 3246px\" \/><\/figure>\n\n\n\n<p>Die Blumen band ich&nbsp;zusammen, damit die schweren Bl\u00fctenk\u00f6pfe  nicht brechen. F\u00fcr Juttas DigitalArt nochmals alle Pfingstrosen zusammen.<\/p>\n\n\n\n<figure class=\"wp-block-image\"><img loading=\"lazy\" decoding=\"async\" width=\"800\" height=\"533\" data-attachment-id=\"17400\" data-permalink=\"https:\/\/pia-staehli.ch\/blog\/2019\/06\/11\/puenktlich\/anigif-pfingstrosen\/\" data-orig-file=\"https:\/\/pia-staehli.ch\/blog\/wp-content\/uploads\/2019\/06\/anigif-Pfingstrosen.gif\" data-orig-size=\"800,533\" data-comments-opened=\"1\" data-image-meta=\"{&quot;aperture&quot;:&quot;0&quot;,&quot;credit&quot;:&quot;&quot;,&quot;camera&quot;:&quot;&quot;,&quot;caption&quot;:&quot;&quot;,&quot;created_timestamp&quot;:&quot;0&quot;,&quot;copyright&quot;:&quot;&quot;,&quot;focal_length&quot;:&quot;0&quot;,&quot;iso&quot;:&quot;0&quot;,&quot;shutter_speed&quot;:&quot;0&quot;,&quot;title&quot;:&quot;&quot;,&quot;orientation&quot;:&quot;0&quot;}\" data-image-title=\"anigif-Pfingstrosen\" data-image-description=\"\" data-image-caption=\"\" data-large-file=\"https:\/\/pia-staehli.ch\/blog\/wp-content\/uploads\/2019\/06\/anigif-Pfingstrosen.gif\" src=\"https:\/\/pia-staehli.ch\/blog\/wp-content\/uploads\/2019\/06\/anigif-Pfingstrosen.gif\" alt=\"\" class=\"wp-image-17400\"\/><\/figure>\n\n\n\n<p><a href=\"https:\/\/www.wortperlen.de\/startseite\/home....\/\">Anne<\/a>, <a href=\"https:\/\/kreativ-im-rentnerdasein.blogspot.com\/\">Jutta<\/a>, <a href=\"https:\/\/diezitronenfalterin.de\/2019\/06\/01\/monatsmotto-juni-ab-in-den-garten\/\">Andrea<\/a>, <a href=\"https:\/\/floral-passions.blogspot.com\/search\/label\/friday%20bliss\">Riita<\/a>, <a href=\"https:\/\/jahreszeitenbriefe.blogspot.com\/\">Ghislana<\/a><\/p>\n","protected":false},"excerpt":{"rendered":"<p>P\u00fcnktlich auf das Pfingstwochenende bl\u00fcht es rot, rosa und weiss in unserem Garten. So p\u00fcnktlich bl\u00fchten die Pfingstrosen glaube ich noch selten. Die ersten Bl\u00fctenk\u00f6pfe f\u00fcllte der Regen mit Wasser. Pfingstrosen gibt es in unserem Garten einige, aber so viele Bl\u00fctenk\u00f6pfe gab es noch selten. Es ist eine Freude ums Haus zu laufen und t\u00e4glich &hellip; <a href=\"https:\/\/pia-staehli.ch\/blog\/2019\/06\/11\/puenktlich\/\" class=\"more-link\"><span class=\"screen-reader-text\">P\u00fcnktlich<\/span> weiterlesen <span class=\"meta-nav\">&rarr;<\/span><\/a><\/p>\n","protected":false},"author":2,"featured_media":0,"comment_status":"open","ping_status":"open","sticky":false,"template":"","format":"standard","meta":{"_bbp_topic_count":0,"_bbp_reply_count":0,"_bbp_total_topic_count":0,"_bbp_total_reply_count":0,"_bbp_voice_count":0,"_bbp_anonymous_reply_count":0,"_bbp_topic_count_hidden":0,"_bbp_reply_count_hidden":0,"_bbp_forum_subforum_count":0,"ngg_post_thumbnail":0,"jetpack_post_was_ever_published":false,"_jetpack_newsletter_access":"","_jetpack_dont_email_post_to_subs":false,"_jetpack_newsletter_tier_id":0,"_jetpack_memberships_contains_paywalled_content":false,"_jetpack_memberships_contains_paid_content":false,"footnotes":"","jetpack_publicize_message":"","jetpack_publicize_feature_enabled":true,"jetpack_social_post_already_shared":true,"jetpack_social_options":{"image_generator_settings":{"template":"highway","default_image_id":0,"font":"","enabled":false},"version":2}},"categories":[18,11,13,16],"tags":[],"class_list":["post-17363","post","type-post","status-publish","format-standard","hentry","category-garten","category-meine-woche","category-natur","category-projekt"],"jetpack_publicize_connections":[],"jetpack_featured_media_url":"","jetpack_sharing_enabled":true,"jetpack_shortlink":"https:\/\/wp.me\/p4c1fj-4w3","_links":{"self":[{"href":"https:\/\/pia-staehli.ch\/blog\/wp-json\/wp\/v2\/posts\/17363","targetHints":{"allow":["GET"]}}],"collection":[{"href":"https:\/\/pia-staehli.ch\/blog\/wp-json\/wp\/v2\/posts"}],"about":[{"href":"https:\/\/pia-staehli.ch\/blog\/wp-json\/wp\/v2\/types\/post"}],"author":[{"embeddable":true,"href":"https:\/\/pia-staehli.ch\/blog\/wp-json\/wp\/v2\/users\/2"}],"replies":[{"embeddable":true,"href":"https:\/\/pia-staehli.ch\/blog\/wp-json\/wp\/v2\/comments?post=17363"}],"version-history":[{"count":6,"href":"https:\/\/pia-staehli.ch\/blog\/wp-json\/wp\/v2\/posts\/17363\/revisions"}],"predecessor-version":[{"id":17410,"href":"https:\/\/pia-staehli.ch\/blog\/wp-json\/wp\/v2\/posts\/17363\/revisions\/17410"}],"wp:attachment":[{"href":"https:\/\/pia-staehli.ch\/blog\/wp-json\/wp\/v2\/media?parent=17363"}],"wp:term":[{"taxonomy":"category","embeddable":true,"href":"https:\/\/pia-staehli.ch\/blog\/wp-json\/wp\/v2\/categories?post=17363"},{"taxonomy":"post_tag","embeddable":true,"href":"https:\/\/pia-staehli.ch\/blog\/wp-json\/wp\/v2\/tags?post=17363"}],"curies":[{"name":"wp","href":"https:\/\/api.w.org\/{rel}","templated":true}]}}