{"id":17284,"date":"2019-05-28T07:33:29","date_gmt":"2019-05-28T06:33:29","guid":{"rendered":"https:\/\/pia-staehli.ch\/blog\/?p=17284"},"modified":"2019-05-28T07:33:29","modified_gmt":"2019-05-28T06:33:29","slug":"die-ersten-sind-die-besten","status":"publish","type":"post","link":"https:\/\/pia-staehli.ch\/blog\/2019\/05\/28\/die-ersten-sind-die-besten\/","title":{"rendered":"Die ersten sind die Besten"},"content":{"rendered":"\n<p>Schon von weitem leuchten die purpurroten Monatserdbeeren zwischen den hellgr\u00fcnen Bl\u00e4ttern hervor in unserem Garten. Ich erntete eine ganze Handvoll und alle fanden den Weg direkt in den Mund. <\/p>\n\n\n\n<figure class=\"wp-block-image\"><img loading=\"lazy\" decoding=\"async\" width=\"2633\" height=\"3950\" data-attachment-id=\"17285\" data-permalink=\"https:\/\/pia-staehli.ch\/blog\/2019\/05\/28\/die-ersten-sind-die-besten\/p1220316\/\" data-orig-file=\"https:\/\/pia-staehli.ch\/blog\/wp-content\/uploads\/2019\/05\/P1220316.jpg\" data-orig-size=\"2633,3950\" data-comments-opened=\"1\" data-image-meta=\"{&quot;aperture&quot;:&quot;4.8&quot;,&quot;credit&quot;:&quot;&quot;,&quot;camera&quot;:&quot;DMC-TZ81&quot;,&quot;caption&quot;:&quot;&quot;,&quot;created_timestamp&quot;:&quot;1558790597&quot;,&quot;copyright&quot;:&quot;&quot;,&quot;focal_length&quot;:&quot;15&quot;,&quot;iso&quot;:&quot;80&quot;,&quot;shutter_speed&quot;:&quot;0.003125&quot;,&quot;title&quot;:&quot;&quot;,&quot;orientation&quot;:&quot;1&quot;}\" data-image-title=\"P1220316\" data-image-description=\"\" data-image-caption=\"\" data-large-file=\"https:\/\/pia-staehli.ch\/blog\/wp-content\/uploads\/2019\/05\/P1220316-683x1024.jpg\" src=\"https:\/\/i0.wp.com\/pia-staehli.ch\/blog\/wp-content\/uploads\/2019\/05\/P1220316.jpg?fit=474%2C711\" alt=\"\" class=\"wp-image-17285\" srcset=\"https:\/\/pia-staehli.ch\/blog\/wp-content\/uploads\/2019\/05\/P1220316.jpg 2633w, https:\/\/pia-staehli.ch\/blog\/wp-content\/uploads\/2019\/05\/P1220316-200x300.jpg 200w, https:\/\/pia-staehli.ch\/blog\/wp-content\/uploads\/2019\/05\/P1220316-768x1152.jpg 768w, https:\/\/pia-staehli.ch\/blog\/wp-content\/uploads\/2019\/05\/P1220316-683x1024.jpg 683w\" sizes=\"auto, (max-width: 2633px) 100vw, 2633px\" \/><\/figure>\n\n\n\n<p>Und wenn ich die vielen weissen Bl\u00fcten sehe, freue ich mich jetzt&nbsp;schon auf die weiteren Beeren.<\/p>\n\n\n\n<figure class=\"wp-block-image\"><img loading=\"lazy\" decoding=\"async\" width=\"4896\" height=\"3264\" data-attachment-id=\"17286\" data-permalink=\"https:\/\/pia-staehli.ch\/blog\/2019\/05\/28\/die-ersten-sind-die-besten\/p1220307\/\" data-orig-file=\"https:\/\/pia-staehli.ch\/blog\/wp-content\/uploads\/2019\/05\/P1220307.jpg\" data-orig-size=\"4896,3264\" data-comments-opened=\"1\" data-image-meta=\"{&quot;aperture&quot;:&quot;5.2&quot;,&quot;credit&quot;:&quot;&quot;,&quot;camera&quot;:&quot;DMC-TZ81&quot;,&quot;caption&quot;:&quot;&quot;,&quot;created_timestamp&quot;:&quot;1558790383&quot;,&quot;copyright&quot;:&quot;&quot;,&quot;focal_length&quot;:&quot;22.3&quot;,&quot;iso&quot;:&quot;80&quot;,&quot;shutter_speed&quot;:&quot;0.003125&quot;,&quot;title&quot;:&quot;&quot;,&quot;orientation&quot;:&quot;1&quot;}\" data-image-title=\"P1220307\" data-image-description=\"\" data-image-caption=\"\" data-large-file=\"https:\/\/pia-staehli.ch\/blog\/wp-content\/uploads\/2019\/05\/P1220307-1024x683.jpg\" src=\"https:\/\/i2.wp.com\/pia-staehli.ch\/blog\/wp-content\/uploads\/2019\/05\/P1220307.jpg?fit=474%2C316\" alt=\"\" class=\"wp-image-17286\" srcset=\"https:\/\/pia-staehli.ch\/blog\/wp-content\/uploads\/2019\/05\/P1220307.jpg 4896w, https:\/\/pia-staehli.ch\/blog\/wp-content\/uploads\/2019\/05\/P1220307-300x200.jpg 300w, https:\/\/pia-staehli.ch\/blog\/wp-content\/uploads\/2019\/05\/P1220307-768x512.jpg 768w, https:\/\/pia-staehli.ch\/blog\/wp-content\/uploads\/2019\/05\/P1220307-1024x683.jpg 1024w\" sizes=\"auto, (max-width: 4896px) 100vw, 4896px\" \/><\/figure>\n\n\n\n<p>Das sch\u00f6ne ist, dass die Monatserdbeeren zuverl\u00e4ssig jedes Jahr reif werden bis im Herbst, ohne&nbsp;gross etwas daf\u00fcr zu tun.<\/p>\n\n\n\n<figure class=\"wp-block-image\"><img loading=\"lazy\" decoding=\"async\" width=\"4896\" height=\"3264\" data-attachment-id=\"17287\" data-permalink=\"https:\/\/pia-staehli.ch\/blog\/2019\/05\/28\/die-ersten-sind-die-besten\/p1220310\/\" data-orig-file=\"https:\/\/pia-staehli.ch\/blog\/wp-content\/uploads\/2019\/05\/P1220310.jpg\" data-orig-size=\"4896,3264\" data-comments-opened=\"1\" data-image-meta=\"{&quot;aperture&quot;:&quot;4.9&quot;,&quot;credit&quot;:&quot;&quot;,&quot;camera&quot;:&quot;DMC-TZ81&quot;,&quot;caption&quot;:&quot;&quot;,&quot;created_timestamp&quot;:&quot;1558790454&quot;,&quot;copyright&quot;:&quot;&quot;,&quot;focal_length&quot;:&quot;16.1&quot;,&quot;iso&quot;:&quot;80&quot;,&quot;shutter_speed&quot;:&quot;0.005&quot;,&quot;title&quot;:&quot;&quot;,&quot;orientation&quot;:&quot;1&quot;}\" data-image-title=\"P1220310\" data-image-description=\"\" data-image-caption=\"\" data-large-file=\"https:\/\/pia-staehli.ch\/blog\/wp-content\/uploads\/2019\/05\/P1220310-1024x683.jpg\" src=\"https:\/\/i2.wp.com\/pia-staehli.ch\/blog\/wp-content\/uploads\/2019\/05\/P1220310.jpg?fit=474%2C316\" alt=\"\" class=\"wp-image-17287\" srcset=\"https:\/\/pia-staehli.ch\/blog\/wp-content\/uploads\/2019\/05\/P1220310.jpg 4896w, https:\/\/pia-staehli.ch\/blog\/wp-content\/uploads\/2019\/05\/P1220310-300x200.jpg 300w, https:\/\/pia-staehli.ch\/blog\/wp-content\/uploads\/2019\/05\/P1220310-768x512.jpg 768w, https:\/\/pia-staehli.ch\/blog\/wp-content\/uploads\/2019\/05\/P1220310-1024x683.jpg 1024w\" sizes=\"auto, (max-width: 4896px) 100vw, 4896px\" \/><\/figure>\n\n\n\n<p>F\u00fcr Marmelade oder so ein leckeres Erdbeertiramisu reichen die kleinen Erdbeeren nicht aus, aber da wir viele Beerenproduzenten in der Nachbarschaft haben, gibt es genug Gelegenheit von den grossen Erdbeeren zu profitieren.<\/p>\n\n\n\n<figure class=\"wp-block-image\"><img loading=\"lazy\" decoding=\"async\" width=\"4896\" height=\"3264\" data-attachment-id=\"17288\" data-permalink=\"https:\/\/pia-staehli.ch\/blog\/2019\/05\/28\/die-ersten-sind-die-besten\/p1220239\/\" data-orig-file=\"https:\/\/pia-staehli.ch\/blog\/wp-content\/uploads\/2019\/05\/P1220239.jpg\" data-orig-size=\"4896,3264\" data-comments-opened=\"1\" data-image-meta=\"{&quot;aperture&quot;:&quot;3.5&quot;,&quot;credit&quot;:&quot;&quot;,&quot;camera&quot;:&quot;DMC-TZ81&quot;,&quot;caption&quot;:&quot;&quot;,&quot;created_timestamp&quot;:&quot;1558193851&quot;,&quot;copyright&quot;:&quot;&quot;,&quot;focal_length&quot;:&quot;5&quot;,&quot;iso&quot;:&quot;250&quot;,&quot;shutter_speed&quot;:&quot;0.0125&quot;,&quot;title&quot;:&quot;&quot;,&quot;orientation&quot;:&quot;1&quot;}\" data-image-title=\"P1220239\" data-image-description=\"\" data-image-caption=\"\" data-large-file=\"https:\/\/pia-staehli.ch\/blog\/wp-content\/uploads\/2019\/05\/P1220239-1024x683.jpg\" src=\"https:\/\/i0.wp.com\/pia-staehli.ch\/blog\/wp-content\/uploads\/2019\/05\/P1220239.jpg?fit=474%2C316\" alt=\"\" class=\"wp-image-17288\" srcset=\"https:\/\/pia-staehli.ch\/blog\/wp-content\/uploads\/2019\/05\/P1220239.jpg 4896w, https:\/\/pia-staehli.ch\/blog\/wp-content\/uploads\/2019\/05\/P1220239-300x200.jpg 300w, https:\/\/pia-staehli.ch\/blog\/wp-content\/uploads\/2019\/05\/P1220239-768x512.jpg 768w, https:\/\/pia-staehli.ch\/blog\/wp-content\/uploads\/2019\/05\/P1220239-1024x683.jpg 1024w\" sizes=\"auto, (max-width: 4896px) 100vw, 4896px\" \/><\/figure>\n\n\n\n<p>F\u00fcr Juttas DigitalArt  noch etwas verspieltes.<\/p>\n\n\n\n<figure class=\"wp-block-image\"><img loading=\"lazy\" decoding=\"async\" width=\"1437\" height=\"1858\" data-attachment-id=\"17289\" data-permalink=\"https:\/\/pia-staehli.ch\/blog\/2019\/05\/28\/die-ersten-sind-die-besten\/img-20190526-wa0000\/\" data-orig-file=\"https:\/\/pia-staehli.ch\/blog\/wp-content\/uploads\/2019\/05\/IMG-20190526-WA0000.jpg\" data-orig-size=\"1437,1858\" data-comments-opened=\"1\" data-image-meta=\"{&quot;aperture&quot;:&quot;0&quot;,&quot;credit&quot;:&quot;&quot;,&quot;camera&quot;:&quot;&quot;,&quot;caption&quot;:&quot;&quot;,&quot;created_timestamp&quot;:&quot;1558893795&quot;,&quot;copyright&quot;:&quot;&quot;,&quot;focal_length&quot;:&quot;0&quot;,&quot;iso&quot;:&quot;0&quot;,&quot;shutter_speed&quot;:&quot;0&quot;,&quot;title&quot;:&quot;&quot;,&quot;orientation&quot;:&quot;1&quot;}\" data-image-title=\"IMG-20190526-WA0000\" data-image-description=\"\" data-image-caption=\"\" data-large-file=\"https:\/\/pia-staehli.ch\/blog\/wp-content\/uploads\/2019\/05\/IMG-20190526-WA0000-792x1024.jpg\" src=\"https:\/\/i2.wp.com\/pia-staehli.ch\/blog\/wp-content\/uploads\/2019\/05\/IMG-20190526-WA0000.jpg?fit=474%2C613\" alt=\"\" class=\"wp-image-17289\" srcset=\"https:\/\/pia-staehli.ch\/blog\/wp-content\/uploads\/2019\/05\/IMG-20190526-WA0000.jpg 1437w, https:\/\/pia-staehli.ch\/blog\/wp-content\/uploads\/2019\/05\/IMG-20190526-WA0000-232x300.jpg 232w, https:\/\/pia-staehli.ch\/blog\/wp-content\/uploads\/2019\/05\/IMG-20190526-WA0000-768x993.jpg 768w, https:\/\/pia-staehli.ch\/blog\/wp-content\/uploads\/2019\/05\/IMG-20190526-WA0000-792x1024.jpg 792w\" sizes=\"auto, (max-width: 1437px) 100vw, 1437px\" \/><\/figure>\n\n\n\n<p>Geht zu, <a href=\"https:\/\/www.wortperlen.de\/homepage.html\">Rot<\/a>, <a href=\"https:\/\/freutag.blogspot.com\/\">Freutag<\/a>, <a href=\"https:\/\/gartenwonne.com\/\">Gartengl\u00fcck<\/a><\/p>\n","protected":false},"excerpt":{"rendered":"<p>Schon von weitem leuchten die purpurroten Monatserdbeeren zwischen den hellgr\u00fcnen Bl\u00e4ttern hervor in unserem Garten. Ich erntete eine ganze Handvoll und alle fanden den Weg direkt in den Mund. Und wenn ich die vielen weissen Bl\u00fcten sehe, freue ich mich jetzt&nbsp;schon auf die weiteren Beeren. Das sch\u00f6ne ist, dass die Monatserdbeeren zuverl\u00e4ssig jedes Jahr reif &hellip; <a href=\"https:\/\/pia-staehli.ch\/blog\/2019\/05\/28\/die-ersten-sind-die-besten\/\" class=\"more-link\"><span class=\"screen-reader-text\">Die ersten sind die Besten<\/span> weiterlesen <span class=\"meta-nav\">&rarr;<\/span><\/a><\/p>\n","protected":false},"author":2,"featured_media":0,"comment_status":"open","ping_status":"open","sticky":false,"template":"","format":"standard","meta":{"_bbp_topic_count":0,"_bbp_reply_count":0,"_bbp_total_topic_count":0,"_bbp_total_reply_count":0,"_bbp_voice_count":0,"_bbp_anonymous_reply_count":0,"_bbp_topic_count_hidden":0,"_bbp_reply_count_hidden":0,"_bbp_forum_subforum_count":0,"ngg_post_thumbnail":0,"jetpack_post_was_ever_published":false,"_jetpack_newsletter_access":"","_jetpack_dont_email_post_to_subs":false,"_jetpack_newsletter_tier_id":0,"_jetpack_memberships_contains_paywalled_content":false,"_jetpack_memberships_contains_paid_content":false,"footnotes":"","jetpack_publicize_message":"","jetpack_publicize_feature_enabled":true,"jetpack_social_post_already_shared":true,"jetpack_social_options":{"image_generator_settings":{"template":"highway","default_image_id":0,"font":"","enabled":false},"version":2}},"categories":[18,13,16,8],"tags":[],"class_list":["post-17284","post","type-post","status-publish","format-standard","hentry","category-garten","category-natur","category-projekt","category-rezepte"],"jetpack_publicize_connections":[],"jetpack_featured_media_url":"","jetpack_sharing_enabled":true,"jetpack_shortlink":"https:\/\/wp.me\/p4c1fj-4uM","_links":{"self":[{"href":"https:\/\/pia-staehli.ch\/blog\/wp-json\/wp\/v2\/posts\/17284","targetHints":{"allow":["GET"]}}],"collection":[{"href":"https:\/\/pia-staehli.ch\/blog\/wp-json\/wp\/v2\/posts"}],"about":[{"href":"https:\/\/pia-staehli.ch\/blog\/wp-json\/wp\/v2\/types\/post"}],"author":[{"embeddable":true,"href":"https:\/\/pia-staehli.ch\/blog\/wp-json\/wp\/v2\/users\/2"}],"replies":[{"embeddable":true,"href":"https:\/\/pia-staehli.ch\/blog\/wp-json\/wp\/v2\/comments?post=17284"}],"version-history":[{"count":3,"href":"https:\/\/pia-staehli.ch\/blog\/wp-json\/wp\/v2\/posts\/17284\/revisions"}],"predecessor-version":[{"id":17292,"href":"https:\/\/pia-staehli.ch\/blog\/wp-json\/wp\/v2\/posts\/17284\/revisions\/17292"}],"wp:attachment":[{"href":"https:\/\/pia-staehli.ch\/blog\/wp-json\/wp\/v2\/media?parent=17284"}],"wp:term":[{"taxonomy":"category","embeddable":true,"href":"https:\/\/pia-staehli.ch\/blog\/wp-json\/wp\/v2\/categories?post=17284"},{"taxonomy":"post_tag","embeddable":true,"href":"https:\/\/pia-staehli.ch\/blog\/wp-json\/wp\/v2\/tags?post=17284"}],"curies":[{"name":"wp","href":"https:\/\/api.w.org\/{rel}","templated":true}]}}