{"id":17158,"date":"2019-04-30T07:50:48","date_gmt":"2019-04-30T06:50:48","guid":{"rendered":"https:\/\/pia-staehli.ch\/blog\/?p=17158"},"modified":"2019-04-30T07:50:53","modified_gmt":"2019-04-30T06:50:53","slug":"12tel-blick-april-4","status":"publish","type":"post","link":"https:\/\/pia-staehli.ch\/blog\/2019\/04\/30\/12tel-blick-april-4\/","title":{"rendered":"12tel Blick April"},"content":{"rendered":"\n<p>F\u00fcr meinen <a href=\"https:\/\/evafuchs.blogspot.com\/\">12tel Blick<\/a> im April habe ich G\u00e4ste. Bei unserer <a href=\"https:\/\/pia-staehli.ch\/blog\/2019\/04\/20\/familienzeit\/\">Familienfeier<\/a> sassen<a href=\"https:\/\/pia-staehli.ch\/blog\/2016\/03\/26\/mit-bruno-und-hani-am-tisch\/\"> Bruno und Hanni<\/a> gem\u00fctlich bei uns am Tisch, und weil es draussen so sch\u00f6n bl\u00fchte, nahm ich sie mit f\u00fcr mein 12tel Blick Foto. Ob alleine &#8211;<\/p>\n\n\n\n<figure class=\"wp-block-image\"><img loading=\"lazy\" decoding=\"async\" width=\"2371\" height=\"2033\" data-attachment-id=\"17159\" data-permalink=\"https:\/\/pia-staehli.ch\/blog\/2019\/04\/30\/12tel-blick-april-4\/p1210682-2\/\" data-orig-file=\"https:\/\/pia-staehli.ch\/blog\/wp-content\/uploads\/2019\/04\/P1210682-2.jpg\" data-orig-size=\"2371,2033\" data-comments-opened=\"1\" data-image-meta=\"{&quot;aperture&quot;:&quot;5.9&quot;,&quot;credit&quot;:&quot;&quot;,&quot;camera&quot;:&quot;DMC-TZ81&quot;,&quot;caption&quot;:&quot;&quot;,&quot;created_timestamp&quot;:&quot;1555691945&quot;,&quot;copyright&quot;:&quot;&quot;,&quot;focal_length&quot;:&quot;57.7&quot;,&quot;iso&quot;:&quot;80&quot;,&quot;shutter_speed&quot;:&quot;0.0025&quot;,&quot;title&quot;:&quot;&quot;,&quot;orientation&quot;:&quot;1&quot;}\" data-image-title=\"P1210682 (2)\" data-image-description=\"\" data-image-caption=\"\" data-large-file=\"https:\/\/pia-staehli.ch\/blog\/wp-content\/uploads\/2019\/04\/P1210682-2-1024x878.jpg\" src=\"https:\/\/i0.wp.com\/pia-staehli.ch\/blog\/wp-content\/uploads\/2019\/04\/P1210682-2.jpg?fit=474%2C406\" alt=\"\" class=\"wp-image-17159\" srcset=\"https:\/\/pia-staehli.ch\/blog\/wp-content\/uploads\/2019\/04\/P1210682-2.jpg 2371w, https:\/\/pia-staehli.ch\/blog\/wp-content\/uploads\/2019\/04\/P1210682-2-300x257.jpg 300w, https:\/\/pia-staehli.ch\/blog\/wp-content\/uploads\/2019\/04\/P1210682-2-768x659.jpg 768w, https:\/\/pia-staehli.ch\/blog\/wp-content\/uploads\/2019\/04\/P1210682-2-1024x878.jpg 1024w\" sizes=\"auto, (max-width: 2371px) 100vw, 2371px\" \/><\/figure>\n\n\n\n<p>oder zu zweit, sie passen wunderbar zu den vielen G\u00e4nsebl\u00fcmchen im Garten.<\/p>\n\n\n\n<figure class=\"wp-block-image\"><img loading=\"lazy\" decoding=\"async\" width=\"2332\" height=\"1981\" data-attachment-id=\"17160\" data-permalink=\"https:\/\/pia-staehli.ch\/blog\/2019\/04\/30\/12tel-blick-april-4\/p1210679-2\/\" data-orig-file=\"https:\/\/pia-staehli.ch\/blog\/wp-content\/uploads\/2019\/04\/P1210679-2.jpg\" data-orig-size=\"2332,1981\" data-comments-opened=\"1\" data-image-meta=\"{&quot;aperture&quot;:&quot;6&quot;,&quot;credit&quot;:&quot;&quot;,&quot;camera&quot;:&quot;DMC-TZ81&quot;,&quot;caption&quot;:&quot;&quot;,&quot;created_timestamp&quot;:&quot;1555691772&quot;,&quot;copyright&quot;:&quot;&quot;,&quot;focal_length&quot;:&quot;71.7&quot;,&quot;iso&quot;:&quot;80&quot;,&quot;shutter_speed&quot;:&quot;0.002&quot;,&quot;title&quot;:&quot;&quot;,&quot;orientation&quot;:&quot;1&quot;}\" data-image-title=\"P1210679 (2)\" data-image-description=\"\" data-image-caption=\"\" data-large-file=\"https:\/\/pia-staehli.ch\/blog\/wp-content\/uploads\/2019\/04\/P1210679-2-1024x870.jpg\" src=\"https:\/\/i0.wp.com\/pia-staehli.ch\/blog\/wp-content\/uploads\/2019\/04\/P1210679-2.jpg?fit=474%2C403\" alt=\"\" class=\"wp-image-17160\" srcset=\"https:\/\/pia-staehli.ch\/blog\/wp-content\/uploads\/2019\/04\/P1210679-2.jpg 2332w, https:\/\/pia-staehli.ch\/blog\/wp-content\/uploads\/2019\/04\/P1210679-2-300x255.jpg 300w, https:\/\/pia-staehli.ch\/blog\/wp-content\/uploads\/2019\/04\/P1210679-2-768x652.jpg 768w, https:\/\/pia-staehli.ch\/blog\/wp-content\/uploads\/2019\/04\/P1210679-2-1024x870.jpg 1024w\" sizes=\"auto, (max-width: 2332px) 100vw, 2332px\" \/><\/figure>\n\n\n\n<p>Und mit digitaler Unterst\u00fctzung wird das \u00f6sterliche Bild noch sch\u00f6n fr\u00fchlingshaft bunt. F\u00fcr <a href=\"https:\/\/www.wortperlen.de\/homepage.html\">Anne<\/a> und <a href=\"https:\/\/kreativ-im-rentnerdasein.blogspot.com\">Jutta<\/a>.<\/p>\n\n\n\n<figure class=\"wp-block-image\"><img loading=\"lazy\" decoding=\"async\" width=\"3456\" height=\"2592\" data-attachment-id=\"17177\" data-permalink=\"https:\/\/pia-staehli.ch\/blog\/2019\/04\/30\/12tel-blick-april-4\/p1210675-5\/\" data-orig-file=\"https:\/\/pia-staehli.ch\/blog\/wp-content\/uploads\/2019\/04\/P1210675-4.jpg\" data-orig-size=\"3456,2592\" data-comments-opened=\"1\" data-image-meta=\"{&quot;aperture&quot;:&quot;5.5&quot;,&quot;credit&quot;:&quot;&quot;,&quot;camera&quot;:&quot;DMC-TZ81&quot;,&quot;caption&quot;:&quot;&quot;,&quot;created_timestamp&quot;:&quot;1555691659&quot;,&quot;copyright&quot;:&quot;&quot;,&quot;focal_length&quot;:&quot;28.7&quot;,&quot;iso&quot;:&quot;80&quot;,&quot;shutter_speed&quot;:&quot;0.002&quot;,&quot;title&quot;:&quot;&quot;,&quot;orientation&quot;:&quot;0&quot;}\" data-image-title=\"P1210675\" data-image-description=\"\" data-image-caption=\"\" data-large-file=\"https:\/\/pia-staehli.ch\/blog\/wp-content\/uploads\/2019\/04\/P1210675-4-1024x768.jpg\" src=\"https:\/\/i0.wp.com\/pia-staehli.ch\/blog\/wp-content\/uploads\/2019\/04\/P1210675-4.jpg?fit=474%2C356\" alt=\"\" class=\"wp-image-17177\" srcset=\"https:\/\/pia-staehli.ch\/blog\/wp-content\/uploads\/2019\/04\/P1210675-4.jpg 3456w, https:\/\/pia-staehli.ch\/blog\/wp-content\/uploads\/2019\/04\/P1210675-4-300x225.jpg 300w, https:\/\/pia-staehli.ch\/blog\/wp-content\/uploads\/2019\/04\/P1210675-4-768x576.jpg 768w, https:\/\/pia-staehli.ch\/blog\/wp-content\/uploads\/2019\/04\/P1210675-4-1024x768.jpg 1024w\" sizes=\"auto, (max-width: 3456px) 100vw, 3456px\" \/><\/figure>\n","protected":false},"excerpt":{"rendered":"<p>F\u00fcr meinen 12tel Blick im April habe ich G\u00e4ste. Bei unserer Familienfeier sassen Bruno und Hanni gem\u00fctlich bei uns am Tisch, und weil es draussen so sch\u00f6n bl\u00fchte, nahm ich sie mit f\u00fcr mein 12tel Blick Foto. Ob alleine &#8211; oder zu zweit, sie passen wunderbar zu den vielen G\u00e4nsebl\u00fcmchen im Garten. Und mit digitaler &hellip; <a href=\"https:\/\/pia-staehli.ch\/blog\/2019\/04\/30\/12tel-blick-april-4\/\" class=\"more-link\"><span class=\"screen-reader-text\">12tel Blick April<\/span> weiterlesen <span class=\"meta-nav\">&rarr;<\/span><\/a><\/p>\n","protected":false},"author":2,"featured_media":0,"comment_status":"open","ping_status":"open","sticky":false,"template":"","format":"standard","meta":{"_bbp_topic_count":0,"_bbp_reply_count":0,"_bbp_total_topic_count":0,"_bbp_total_reply_count":0,"_bbp_voice_count":0,"_bbp_anonymous_reply_count":0,"_bbp_topic_count_hidden":0,"_bbp_reply_count_hidden":0,"_bbp_forum_subforum_count":0,"ngg_post_thumbnail":0,"jetpack_post_was_ever_published":false,"_jetpack_newsletter_access":"","_jetpack_dont_email_post_to_subs":false,"_jetpack_newsletter_tier_id":0,"_jetpack_memberships_contains_paywalled_content":false,"_jetpack_memberships_contains_paid_content":false,"footnotes":"","jetpack_publicize_message":"","jetpack_publicize_feature_enabled":true,"jetpack_social_post_already_shared":true,"jetpack_social_options":{"image_generator_settings":{"template":"highway","default_image_id":0,"font":"","enabled":false},"version":2}},"categories":[3,18,13,16],"tags":[],"class_list":["post-17158","post","type-post","status-publish","format-standard","hentry","category-familie","category-garten","category-natur","category-projekt"],"jetpack_publicize_connections":[],"jetpack_featured_media_url":"","jetpack_sharing_enabled":true,"jetpack_shortlink":"https:\/\/wp.me\/p4c1fj-4sK","_links":{"self":[{"href":"https:\/\/pia-staehli.ch\/blog\/wp-json\/wp\/v2\/posts\/17158","targetHints":{"allow":["GET"]}}],"collection":[{"href":"https:\/\/pia-staehli.ch\/blog\/wp-json\/wp\/v2\/posts"}],"about":[{"href":"https:\/\/pia-staehli.ch\/blog\/wp-json\/wp\/v2\/types\/post"}],"author":[{"embeddable":true,"href":"https:\/\/pia-staehli.ch\/blog\/wp-json\/wp\/v2\/users\/2"}],"replies":[{"embeddable":true,"href":"https:\/\/pia-staehli.ch\/blog\/wp-json\/wp\/v2\/comments?post=17158"}],"version-history":[{"count":5,"href":"https:\/\/pia-staehli.ch\/blog\/wp-json\/wp\/v2\/posts\/17158\/revisions"}],"predecessor-version":[{"id":17183,"href":"https:\/\/pia-staehli.ch\/blog\/wp-json\/wp\/v2\/posts\/17158\/revisions\/17183"}],"wp:attachment":[{"href":"https:\/\/pia-staehli.ch\/blog\/wp-json\/wp\/v2\/media?parent=17158"}],"wp:term":[{"taxonomy":"category","embeddable":true,"href":"https:\/\/pia-staehli.ch\/blog\/wp-json\/wp\/v2\/categories?post=17158"},{"taxonomy":"post_tag","embeddable":true,"href":"https:\/\/pia-staehli.ch\/blog\/wp-json\/wp\/v2\/tags?post=17158"}],"curies":[{"name":"wp","href":"https:\/\/api.w.org\/{rel}","templated":true}]}}