{"id":16927,"date":"2019-04-02T15:06:21","date_gmt":"2019-04-02T14:06:21","guid":{"rendered":"https:\/\/pia-staehli.ch\/blog\/?p=16927"},"modified":"2019-04-07T09:48:46","modified_gmt":"2019-04-07T08:48:46","slug":"unser-aprikosenbaum","status":"publish","type":"post","link":"https:\/\/pia-staehli.ch\/blog\/2019\/04\/02\/unser-aprikosenbaum\/","title":{"rendered":"Unser Aprikosenbaum"},"content":{"rendered":"\n<p>Ich pflanzte vor einigen Jahren den Aprikosenbaum, nat\u00fcrlich weil ich sehr gerne <a href=\"https:\/\/pia-staehli.ch\/blog\/2014\/07\/15\/mein-wunderbares-orange\/\">Aprikosen<\/a> esse, aber auch als Schattenspender vor dem Wintergarten. So verzweigt sah er aus bevor ich ihn im Februar zur\u00fcckschnitt.<\/p>\n\n\n\n<figure class=\"wp-block-image\"><img loading=\"lazy\" decoding=\"async\" width=\"2592\" height=\"3456\" data-attachment-id=\"16928\" data-permalink=\"https:\/\/pia-staehli.ch\/blog\/2019\/04\/02\/unser-aprikosenbaum\/p1200241\/\" data-orig-file=\"https:\/\/pia-staehli.ch\/blog\/wp-content\/uploads\/2019\/04\/P1200241.jpg\" data-orig-size=\"2592,3456\" data-comments-opened=\"1\" data-image-meta=\"{&quot;aperture&quot;:&quot;3.5&quot;,&quot;credit&quot;:&quot;&quot;,&quot;camera&quot;:&quot;DMC-TZ81&quot;,&quot;caption&quot;:&quot;&quot;,&quot;created_timestamp&quot;:&quot;1550073485&quot;,&quot;copyright&quot;:&quot;&quot;,&quot;focal_length&quot;:&quot;4.3&quot;,&quot;iso&quot;:&quot;80&quot;,&quot;shutter_speed&quot;:&quot;0.001&quot;,&quot;title&quot;:&quot;&quot;,&quot;orientation&quot;:&quot;1&quot;}\" data-image-title=\"P1200241\" data-image-description=\"\" data-image-caption=\"\" data-large-file=\"https:\/\/pia-staehli.ch\/blog\/wp-content\/uploads\/2019\/04\/P1200241-768x1024.jpg\" src=\"https:\/\/i1.wp.com\/pia-staehli.ch\/blog\/wp-content\/uploads\/2019\/04\/P1200241.jpg?fit=474%2C632\" alt=\"\" class=\"wp-image-16928\" srcset=\"https:\/\/pia-staehli.ch\/blog\/wp-content\/uploads\/2019\/04\/P1200241.jpg 2592w, https:\/\/pia-staehli.ch\/blog\/wp-content\/uploads\/2019\/04\/P1200241-225x300.jpg 225w, https:\/\/pia-staehli.ch\/blog\/wp-content\/uploads\/2019\/04\/P1200241-768x1024.jpg 768w\" sizes=\"auto, (max-width: 2592px) 100vw, 2592px\" \/><\/figure>\n\n\n\n<p>Dieses Jahr mussten einige \u00c4ste in der H\u00f6he gek\u00fcrzt werden. Das n\u00e4chste Foto zeigt den Baum nach dem Schnitt. Hoffentlich verzeiht er mir den radikalen Eingriff.<\/p>\n\n\n\n<figure class=\"wp-block-image\"><img loading=\"lazy\" decoding=\"async\" width=\"2592\" height=\"3456\" data-attachment-id=\"16929\" data-permalink=\"https:\/\/pia-staehli.ch\/blog\/2019\/04\/02\/unser-aprikosenbaum\/p1200253\/\" data-orig-file=\"https:\/\/pia-staehli.ch\/blog\/wp-content\/uploads\/2019\/04\/P1200253.jpg\" data-orig-size=\"2592,3456\" data-comments-opened=\"1\" data-image-meta=\"{&quot;aperture&quot;:&quot;3.5&quot;,&quot;credit&quot;:&quot;&quot;,&quot;camera&quot;:&quot;DMC-TZ81&quot;,&quot;caption&quot;:&quot;&quot;,&quot;created_timestamp&quot;:&quot;1550158392&quot;,&quot;copyright&quot;:&quot;&quot;,&quot;focal_length&quot;:&quot;4.3&quot;,&quot;iso&quot;:&quot;80&quot;,&quot;shutter_speed&quot;:&quot;0.001&quot;,&quot;title&quot;:&quot;&quot;,&quot;orientation&quot;:&quot;1&quot;}\" data-image-title=\"P1200253\" data-image-description=\"\" data-image-caption=\"\" data-large-file=\"https:\/\/pia-staehli.ch\/blog\/wp-content\/uploads\/2019\/04\/P1200253-768x1024.jpg\" src=\"https:\/\/i2.wp.com\/pia-staehli.ch\/blog\/wp-content\/uploads\/2019\/04\/P1200253.jpg?fit=474%2C632\" alt=\"\" class=\"wp-image-16929\" srcset=\"https:\/\/pia-staehli.ch\/blog\/wp-content\/uploads\/2019\/04\/P1200253.jpg 2592w, https:\/\/pia-staehli.ch\/blog\/wp-content\/uploads\/2019\/04\/P1200253-225x300.jpg 225w, https:\/\/pia-staehli.ch\/blog\/wp-content\/uploads\/2019\/04\/P1200253-768x1024.jpg 768w\" sizes=\"auto, (max-width: 2592px) 100vw, 2592px\" \/><\/figure>\n\n\n\n<p>Aprikosen geh\u00f6ren zu den Fr\u00fchbl\u00fcher und sollten daher auch an einer gesch\u00fctzten Lage stehen. Ich freue mich jedes Jahr, wenn die roten Knospen spriessen und bange, dass es keine starken Fr\u00f6ste mehr gibt. Dieses Jahr bl\u00fchte der Baum schon Mitte M\u00e4rz.<\/p>\n\n\n\n<figure class=\"wp-block-image\"><img loading=\"lazy\" decoding=\"async\" width=\"3456\" height=\"2592\" data-attachment-id=\"16931\" data-permalink=\"https:\/\/pia-staehli.ch\/blog\/2019\/04\/02\/unser-aprikosenbaum\/p1200964\/\" data-orig-file=\"https:\/\/pia-staehli.ch\/blog\/wp-content\/uploads\/2019\/04\/P1200964.jpg\" data-orig-size=\"3456,2592\" data-comments-opened=\"1\" data-image-meta=\"{&quot;aperture&quot;:&quot;4.6&quot;,&quot;credit&quot;:&quot;&quot;,&quot;camera&quot;:&quot;DMC-TZ81&quot;,&quot;caption&quot;:&quot;&quot;,&quot;created_timestamp&quot;:&quot;1552831940&quot;,&quot;copyright&quot;:&quot;&quot;,&quot;focal_length&quot;:&quot;13.2&quot;,&quot;iso&quot;:&quot;80&quot;,&quot;shutter_speed&quot;:&quot;0.004&quot;,&quot;title&quot;:&quot;&quot;,&quot;orientation&quot;:&quot;1&quot;}\" data-image-title=\"P1200964\" data-image-description=\"\" data-image-caption=\"\" data-large-file=\"https:\/\/pia-staehli.ch\/blog\/wp-content\/uploads\/2019\/04\/P1200964-1024x768.jpg\" src=\"https:\/\/i0.wp.com\/pia-staehli.ch\/blog\/wp-content\/uploads\/2019\/04\/P1200964.jpg?fit=474%2C356\" alt=\"\" class=\"wp-image-16931\" srcset=\"https:\/\/pia-staehli.ch\/blog\/wp-content\/uploads\/2019\/04\/P1200964.jpg 3456w, https:\/\/pia-staehli.ch\/blog\/wp-content\/uploads\/2019\/04\/P1200964-300x225.jpg 300w, https:\/\/pia-staehli.ch\/blog\/wp-content\/uploads\/2019\/04\/P1200964-768x576.jpg 768w, https:\/\/pia-staehli.ch\/blog\/wp-content\/uploads\/2019\/04\/P1200964-1024x768.jpg 1024w\" sizes=\"auto, (max-width: 3456px) 100vw, 3456px\" \/><\/figure>\n\n\n\n<p>Fast t\u00e4glich \u00f6ffnen sich bei dem sch\u00f6nen Fr\u00fchlingswetter die Knospen. <\/p>\n\n\n\n<figure class=\"wp-block-image\"><img loading=\"lazy\" decoding=\"async\" width=\"3456\" height=\"2592\" data-attachment-id=\"16932\" data-permalink=\"https:\/\/pia-staehli.ch\/blog\/2019\/04\/02\/unser-aprikosenbaum\/p1210070-2\/\" data-orig-file=\"https:\/\/pia-staehli.ch\/blog\/wp-content\/uploads\/2019\/04\/P1210070.jpg\" data-orig-size=\"3456,2592\" data-comments-opened=\"1\" data-image-meta=\"{&quot;aperture&quot;:&quot;4.7&quot;,&quot;credit&quot;:&quot;&quot;,&quot;camera&quot;:&quot;DMC-TZ81&quot;,&quot;caption&quot;:&quot;&quot;,&quot;created_timestamp&quot;:&quot;1553180737&quot;,&quot;copyright&quot;:&quot;&quot;,&quot;focal_length&quot;:&quot;14.1&quot;,&quot;iso&quot;:&quot;80&quot;,&quot;shutter_speed&quot;:&quot;0.002&quot;,&quot;title&quot;:&quot;&quot;,&quot;orientation&quot;:&quot;1&quot;}\" data-image-title=\"P1210070\" data-image-description=\"\" data-image-caption=\"\" data-large-file=\"https:\/\/pia-staehli.ch\/blog\/wp-content\/uploads\/2019\/04\/P1210070-1024x768.jpg\" src=\"https:\/\/i1.wp.com\/pia-staehli.ch\/blog\/wp-content\/uploads\/2019\/04\/P1210070.jpg?fit=474%2C356\" alt=\"\" class=\"wp-image-16932\" srcset=\"https:\/\/pia-staehli.ch\/blog\/wp-content\/uploads\/2019\/04\/P1210070.jpg 3456w, https:\/\/pia-staehli.ch\/blog\/wp-content\/uploads\/2019\/04\/P1210070-300x225.jpg 300w, https:\/\/pia-staehli.ch\/blog\/wp-content\/uploads\/2019\/04\/P1210070-768x576.jpg 768w, https:\/\/pia-staehli.ch\/blog\/wp-content\/uploads\/2019\/04\/P1210070-1024x768.jpg 1024w\" sizes=\"auto, (max-width: 3456px) 100vw, 3456px\" \/><\/figure>\n\n\n\n<figure class=\"wp-block-image\"><img loading=\"lazy\" decoding=\"async\" width=\"2592\" height=\"3456\" data-attachment-id=\"16947\" data-permalink=\"https:\/\/pia-staehli.ch\/blog\/2019\/04\/02\/unser-aprikosenbaum\/p1210066-4\/\" data-orig-file=\"https:\/\/pia-staehli.ch\/blog\/wp-content\/uploads\/2019\/04\/P1210066-3.jpg\" data-orig-size=\"2592,3456\" data-comments-opened=\"1\" data-image-meta=\"{&quot;aperture&quot;:&quot;6.1&quot;,&quot;credit&quot;:&quot;&quot;,&quot;camera&quot;:&quot;DMC-TZ81&quot;,&quot;caption&quot;:&quot;&quot;,&quot;created_timestamp&quot;:&quot;1553180635&quot;,&quot;copyright&quot;:&quot;&quot;,&quot;focal_length&quot;:&quot;107.5&quot;,&quot;iso&quot;:&quot;80&quot;,&quot;shutter_speed&quot;:&quot;0.00625&quot;,&quot;title&quot;:&quot;&quot;,&quot;orientation&quot;:&quot;0&quot;}\" data-image-title=\"P1210066\" data-image-description=\"\" data-image-caption=\"\" data-large-file=\"https:\/\/pia-staehli.ch\/blog\/wp-content\/uploads\/2019\/04\/P1210066-3-768x1024.jpg\" src=\"https:\/\/i0.wp.com\/pia-staehli.ch\/blog\/wp-content\/uploads\/2019\/04\/P1210066-3.jpg?fit=474%2C632\" alt=\"\" class=\"wp-image-16947\" srcset=\"https:\/\/pia-staehli.ch\/blog\/wp-content\/uploads\/2019\/04\/P1210066-3.jpg 2592w, https:\/\/pia-staehli.ch\/blog\/wp-content\/uploads\/2019\/04\/P1210066-3-225x300.jpg 225w, https:\/\/pia-staehli.ch\/blog\/wp-content\/uploads\/2019\/04\/P1210066-3-768x1024.jpg 768w\" sizes=\"auto, (max-width: 2592px) 100vw, 2592px\" \/><\/figure>\n\n\n\n<p>Jetzt m\u00fcssen nur noch die Bienen den Aprikosenbaum finden und ihn auch fleissig besuchen. <\/p>\n\n\n\n<figure class=\"wp-block-image\"><img loading=\"lazy\" decoding=\"async\" width=\"3456\" height=\"2592\" data-attachment-id=\"16934\" data-permalink=\"https:\/\/pia-staehli.ch\/blog\/2019\/04\/02\/unser-aprikosenbaum\/p1210233\/\" data-orig-file=\"https:\/\/pia-staehli.ch\/blog\/wp-content\/uploads\/2019\/04\/P1210233.jpg\" data-orig-size=\"3456,2592\" data-comments-opened=\"1\" data-image-meta=\"{&quot;aperture&quot;:&quot;6&quot;,&quot;credit&quot;:&quot;&quot;,&quot;camera&quot;:&quot;DMC-TZ81&quot;,&quot;caption&quot;:&quot;&quot;,&quot;created_timestamp&quot;:&quot;1553702647&quot;,&quot;copyright&quot;:&quot;&quot;,&quot;focal_length&quot;:&quot;66.8&quot;,&quot;iso&quot;:&quot;80&quot;,&quot;shutter_speed&quot;:&quot;0.003125&quot;,&quot;title&quot;:&quot;&quot;,&quot;orientation&quot;:&quot;1&quot;}\" data-image-title=\"P1210233\" data-image-description=\"\" data-image-caption=\"\" data-large-file=\"https:\/\/pia-staehli.ch\/blog\/wp-content\/uploads\/2019\/04\/P1210233-1024x768.jpg\" src=\"https:\/\/i1.wp.com\/pia-staehli.ch\/blog\/wp-content\/uploads\/2019\/04\/P1210233.jpg?fit=474%2C356\" alt=\"\" class=\"wp-image-16934\" srcset=\"https:\/\/pia-staehli.ch\/blog\/wp-content\/uploads\/2019\/04\/P1210233.jpg 3456w, https:\/\/pia-staehli.ch\/blog\/wp-content\/uploads\/2019\/04\/P1210233-300x225.jpg 300w, https:\/\/pia-staehli.ch\/blog\/wp-content\/uploads\/2019\/04\/P1210233-768x576.jpg 768w, https:\/\/pia-staehli.ch\/blog\/wp-content\/uploads\/2019\/04\/P1210233-1024x768.jpg 1024w\" sizes=\"auto, (max-width: 3456px) 100vw, 3456px\" \/><\/figure>\n\n\n\n<p>Sch\u00f6n zu sehen wie die fleissigen Helfer fast versinken in den Bl\u00fcten.<\/p>\n\n\n\n<figure class=\"wp-block-image\"><img loading=\"lazy\" decoding=\"async\" width=\"2357\" height=\"2062\" data-attachment-id=\"16935\" data-permalink=\"https:\/\/pia-staehli.ch\/blog\/2019\/04\/02\/unser-aprikosenbaum\/p1210234\/\" data-orig-file=\"https:\/\/pia-staehli.ch\/blog\/wp-content\/uploads\/2019\/04\/P1210234.jpg\" data-orig-size=\"2357,2062\" data-comments-opened=\"1\" data-image-meta=\"{&quot;aperture&quot;:&quot;5.7&quot;,&quot;credit&quot;:&quot;&quot;,&quot;camera&quot;:&quot;DMC-TZ81&quot;,&quot;caption&quot;:&quot;&quot;,&quot;created_timestamp&quot;:&quot;1553702661&quot;,&quot;copyright&quot;:&quot;&quot;,&quot;focal_length&quot;:&quot;50.5&quot;,&quot;iso&quot;:&quot;80&quot;,&quot;shutter_speed&quot;:&quot;0.003125&quot;,&quot;title&quot;:&quot;&quot;,&quot;orientation&quot;:&quot;1&quot;}\" data-image-title=\"P1210234\" data-image-description=\"\" data-image-caption=\"\" data-large-file=\"https:\/\/pia-staehli.ch\/blog\/wp-content\/uploads\/2019\/04\/P1210234-1024x896.jpg\" src=\"https:\/\/i0.wp.com\/pia-staehli.ch\/blog\/wp-content\/uploads\/2019\/04\/P1210234.jpg?fit=474%2C415\" alt=\"\" class=\"wp-image-16935\" srcset=\"https:\/\/pia-staehli.ch\/blog\/wp-content\/uploads\/2019\/04\/P1210234.jpg 2357w, https:\/\/pia-staehli.ch\/blog\/wp-content\/uploads\/2019\/04\/P1210234-300x262.jpg 300w, https:\/\/pia-staehli.ch\/blog\/wp-content\/uploads\/2019\/04\/P1210234-768x672.jpg 768w, https:\/\/pia-staehli.ch\/blog\/wp-content\/uploads\/2019\/04\/P1210234-1024x896.jpg 1024w\" sizes=\"auto, (max-width: 2357px) 100vw, 2357px\" \/><\/figure>\n\n\n\n<p>Aber auch einige Hummeln fliegen von Bl\u00fcte zu Bl\u00fcte, schwierig diese flinken Insekten zu fotografieren.<\/p>\n\n\n\n<figure class=\"wp-block-image\"><img loading=\"lazy\" decoding=\"async\" width=\"2481\" height=\"2592\" data-attachment-id=\"16936\" data-permalink=\"https:\/\/pia-staehli.ch\/blog\/2019\/04\/02\/unser-aprikosenbaum\/p1210264\/\" data-orig-file=\"https:\/\/pia-staehli.ch\/blog\/wp-content\/uploads\/2019\/04\/P1210264.jpg\" data-orig-size=\"2481,2592\" data-comments-opened=\"1\" data-image-meta=\"{&quot;aperture&quot;:&quot;5&quot;,&quot;credit&quot;:&quot;&quot;,&quot;camera&quot;:&quot;DMC-TZ81&quot;,&quot;caption&quot;:&quot;&quot;,&quot;created_timestamp&quot;:&quot;1553786318&quot;,&quot;copyright&quot;:&quot;&quot;,&quot;focal_length&quot;:&quot;17.5&quot;,&quot;iso&quot;:&quot;80&quot;,&quot;shutter_speed&quot;:&quot;0.003125&quot;,&quot;title&quot;:&quot;&quot;,&quot;orientation&quot;:&quot;1&quot;}\" data-image-title=\"P1210264\" data-image-description=\"\" data-image-caption=\"\" data-large-file=\"https:\/\/pia-staehli.ch\/blog\/wp-content\/uploads\/2019\/04\/P1210264-980x1024.jpg\" src=\"https:\/\/i1.wp.com\/pia-staehli.ch\/blog\/wp-content\/uploads\/2019\/04\/P1210264.jpg?fit=474%2C495\" alt=\"\" class=\"wp-image-16936\" srcset=\"https:\/\/pia-staehli.ch\/blog\/wp-content\/uploads\/2019\/04\/P1210264.jpg 2481w, https:\/\/pia-staehli.ch\/blog\/wp-content\/uploads\/2019\/04\/P1210264-287x300.jpg 287w, https:\/\/pia-staehli.ch\/blog\/wp-content\/uploads\/2019\/04\/P1210264-768x802.jpg 768w, https:\/\/pia-staehli.ch\/blog\/wp-content\/uploads\/2019\/04\/P1210264-980x1024.jpg 980w\" sizes=\"auto, (max-width: 2481px) 100vw, 2481px\" \/><\/figure>\n\n\n\n<figure class=\"wp-block-image\"><img loading=\"lazy\" decoding=\"async\" width=\"2592\" height=\"3009\" data-attachment-id=\"16937\" data-permalink=\"https:\/\/pia-staehli.ch\/blog\/2019\/04\/02\/unser-aprikosenbaum\/p1210244\/\" data-orig-file=\"https:\/\/pia-staehli.ch\/blog\/wp-content\/uploads\/2019\/04\/P1210244.jpg\" data-orig-size=\"2592,3009\" data-comments-opened=\"1\" data-image-meta=\"{&quot;aperture&quot;:&quot;6.4&quot;,&quot;credit&quot;:&quot;&quot;,&quot;camera&quot;:&quot;DMC-TZ81&quot;,&quot;caption&quot;:&quot;&quot;,&quot;created_timestamp&quot;:&quot;1553703288&quot;,&quot;copyright&quot;:&quot;&quot;,&quot;focal_length&quot;:&quot;129&quot;,&quot;iso&quot;:&quot;80&quot;,&quot;shutter_speed&quot;:&quot;0.003125&quot;,&quot;title&quot;:&quot;&quot;,&quot;orientation&quot;:&quot;1&quot;}\" data-image-title=\"P1210244\" data-image-description=\"\" data-image-caption=\"\" data-large-file=\"https:\/\/pia-staehli.ch\/blog\/wp-content\/uploads\/2019\/04\/P1210244-882x1024.jpg\" src=\"https:\/\/i2.wp.com\/pia-staehli.ch\/blog\/wp-content\/uploads\/2019\/04\/P1210244.jpg?fit=474%2C550\" alt=\"\" class=\"wp-image-16937\" srcset=\"https:\/\/pia-staehli.ch\/blog\/wp-content\/uploads\/2019\/04\/P1210244.jpg 2592w, https:\/\/pia-staehli.ch\/blog\/wp-content\/uploads\/2019\/04\/P1210244-258x300.jpg 258w, https:\/\/pia-staehli.ch\/blog\/wp-content\/uploads\/2019\/04\/P1210244-768x892.jpg 768w, https:\/\/pia-staehli.ch\/blog\/wp-content\/uploads\/2019\/04\/P1210244-882x1024.jpg 882w\" sizes=\"auto, (max-width: 2592px) 100vw, 2592px\" \/><\/figure>\n\n\n\n<p>Auch ein Admiral erfreut sich an unserem Aprikosenbaum.<\/p>\n\n\n\n<figure class=\"wp-block-image\"><img loading=\"lazy\" decoding=\"async\" width=\"3455\" height=\"2166\" data-attachment-id=\"16938\" data-permalink=\"https:\/\/pia-staehli.ch\/blog\/2019\/04\/02\/unser-aprikosenbaum\/p1210421\/\" data-orig-file=\"https:\/\/pia-staehli.ch\/blog\/wp-content\/uploads\/2019\/04\/P1210421.jpg\" data-orig-size=\"3455,2166\" data-comments-opened=\"1\" data-image-meta=\"{&quot;aperture&quot;:&quot;6&quot;,&quot;credit&quot;:&quot;&quot;,&quot;camera&quot;:&quot;DMC-TZ81&quot;,&quot;caption&quot;:&quot;&quot;,&quot;created_timestamp&quot;:&quot;1554041852&quot;,&quot;copyright&quot;:&quot;&quot;,&quot;focal_length&quot;:&quot;66.8&quot;,&quot;iso&quot;:&quot;80&quot;,&quot;shutter_speed&quot;:&quot;0.004&quot;,&quot;title&quot;:&quot;&quot;,&quot;orientation&quot;:&quot;1&quot;}\" data-image-title=\"P1210421\" data-image-description=\"\" data-image-caption=\"\" data-large-file=\"https:\/\/pia-staehli.ch\/blog\/wp-content\/uploads\/2019\/04\/P1210421-1024x642.jpg\" src=\"https:\/\/i1.wp.com\/pia-staehli.ch\/blog\/wp-content\/uploads\/2019\/04\/P1210421.jpg?fit=474%2C297\" alt=\"\" class=\"wp-image-16938\" srcset=\"https:\/\/pia-staehli.ch\/blog\/wp-content\/uploads\/2019\/04\/P1210421.jpg 3455w, https:\/\/pia-staehli.ch\/blog\/wp-content\/uploads\/2019\/04\/P1210421-300x188.jpg 300w, https:\/\/pia-staehli.ch\/blog\/wp-content\/uploads\/2019\/04\/P1210421-768x481.jpg 768w, https:\/\/pia-staehli.ch\/blog\/wp-content\/uploads\/2019\/04\/P1210421-1024x642.jpg 1024w\" sizes=\"auto, (max-width: 3455px) 100vw, 3455px\" \/><\/figure>\n\n\n\n<p>Aktuell steht unser Aprikosenbaum in Vollbl\u00fcte. Hoffentlich gibt es keinen Frost mehr wie vor<a href=\"https:\/\/pia-staehli.ch\/blog\/2017\/04\/05\/aprikosenbaum\/\"> zwei Jahren<\/a>, sonst war es das mit der Aprikosenernte. So delikat wie die Fr\u00fcchte sind, so heikel sind die B\u00e4ume.<\/p>\n\n\n\n<figure class=\"wp-block-image\"><img loading=\"lazy\" decoding=\"async\" width=\"2592\" height=\"3456\" data-attachment-id=\"16939\" data-permalink=\"https:\/\/pia-staehli.ch\/blog\/2019\/04\/02\/unser-aprikosenbaum\/p1210410\/\" data-orig-file=\"https:\/\/pia-staehli.ch\/blog\/wp-content\/uploads\/2019\/04\/P1210410.jpg\" data-orig-size=\"2592,3456\" data-comments-opened=\"1\" data-image-meta=\"{&quot;aperture&quot;:&quot;4&quot;,&quot;credit&quot;:&quot;&quot;,&quot;camera&quot;:&quot;DMC-TZ81&quot;,&quot;caption&quot;:&quot;&quot;,&quot;created_timestamp&quot;:&quot;1554041451&quot;,&quot;copyright&quot;:&quot;&quot;,&quot;focal_length&quot;:&quot;4.3&quot;,&quot;iso&quot;:&quot;80&quot;,&quot;shutter_speed&quot;:&quot;0.00125&quot;,&quot;title&quot;:&quot;&quot;,&quot;orientation&quot;:&quot;1&quot;}\" data-image-title=\"P1210410\" data-image-description=\"\" data-image-caption=\"\" data-large-file=\"https:\/\/pia-staehli.ch\/blog\/wp-content\/uploads\/2019\/04\/P1210410-768x1024.jpg\" src=\"https:\/\/i0.wp.com\/pia-staehli.ch\/blog\/wp-content\/uploads\/2019\/04\/P1210410.jpg?fit=474%2C632\" alt=\"\" class=\"wp-image-16939\" srcset=\"https:\/\/pia-staehli.ch\/blog\/wp-content\/uploads\/2019\/04\/P1210410.jpg 2592w, https:\/\/pia-staehli.ch\/blog\/wp-content\/uploads\/2019\/04\/P1210410-225x300.jpg 225w, https:\/\/pia-staehli.ch\/blog\/wp-content\/uploads\/2019\/04\/P1210410-768x1024.jpg 768w\" sizes=\"auto, (max-width: 2592px) 100vw, 2592px\" \/><\/figure>\n\n\n\n<p><a href=\"https:\/\/www.wortperlen.de\/homepage.html\">Anne<\/a> sucht Rot, Ghislana ist zur\u00fcck beim <a href=\"https:\/\/jahreszeitenbriefe.blogspot.com\/\">DND<\/a>, <a href=\"https:\/\/kreativ-im-rentnerdasein.blogspot.com\/2019\/02\/digitalart-dienstag-nr-219.html\">DigitalArt<\/a> geht zu Jutta und <a href=\"https:\/\/heutemachtderhimmelblau.com\/bunt-ist-die-welt\/themen-bunt-ist-die-welt\/\">Lotta<\/a> und <a href=\"https:\/\/niwibo.blogspot.com\/2019\/04\/niwibo-sucht-im-garten-zwei-gewinner.html\">Nicole<\/a> suchen den Fr\u00fchling<\/p>\n","protected":false},"excerpt":{"rendered":"<p>Ich pflanzte vor einigen Jahren den Aprikosenbaum, nat\u00fcrlich weil ich sehr gerne Aprikosen esse, aber auch als Schattenspender vor dem Wintergarten. So verzweigt sah er aus bevor ich ihn im Februar zur\u00fcckschnitt. Dieses Jahr mussten einige \u00c4ste in der H\u00f6he gek\u00fcrzt werden. Das n\u00e4chste Foto zeigt den Baum nach dem Schnitt. Hoffentlich verzeiht er mir &hellip; <a href=\"https:\/\/pia-staehli.ch\/blog\/2019\/04\/02\/unser-aprikosenbaum\/\" class=\"more-link\"><span class=\"screen-reader-text\">Unser Aprikosenbaum<\/span> weiterlesen <span class=\"meta-nav\">&rarr;<\/span><\/a><\/p>\n","protected":false},"author":2,"featured_media":0,"comment_status":"open","ping_status":"open","sticky":false,"template":"","format":"standard","meta":{"_bbp_topic_count":0,"_bbp_reply_count":0,"_bbp_total_topic_count":0,"_bbp_total_reply_count":0,"_bbp_voice_count":0,"_bbp_anonymous_reply_count":0,"_bbp_topic_count_hidden":0,"_bbp_reply_count_hidden":0,"_bbp_forum_subforum_count":0,"ngg_post_thumbnail":0,"jetpack_post_was_ever_published":false,"_jetpack_newsletter_access":"","_jetpack_dont_email_post_to_subs":false,"_jetpack_newsletter_tier_id":0,"_jetpack_memberships_contains_paywalled_content":false,"_jetpack_memberships_contains_paid_content":false,"footnotes":"","jetpack_publicize_message":"","jetpack_publicize_feature_enabled":true,"jetpack_social_post_already_shared":true,"jetpack_social_options":{"image_generator_settings":{"template":"highway","default_image_id":0,"font":"","enabled":false},"version":2}},"categories":[3,18,13,16,6],"tags":[],"class_list":["post-16927","post","type-post","status-publish","format-standard","hentry","category-familie","category-garten","category-natur","category-projekt","category-wintergarten"],"jetpack_publicize_connections":[],"jetpack_featured_media_url":"","jetpack_sharing_enabled":true,"jetpack_shortlink":"https:\/\/wp.me\/p4c1fj-4p1","_links":{"self":[{"href":"https:\/\/pia-staehli.ch\/blog\/wp-json\/wp\/v2\/posts\/16927","targetHints":{"allow":["GET"]}}],"collection":[{"href":"https:\/\/pia-staehli.ch\/blog\/wp-json\/wp\/v2\/posts"}],"about":[{"href":"https:\/\/pia-staehli.ch\/blog\/wp-json\/wp\/v2\/types\/post"}],"author":[{"embeddable":true,"href":"https:\/\/pia-staehli.ch\/blog\/wp-json\/wp\/v2\/users\/2"}],"replies":[{"embeddable":true,"href":"https:\/\/pia-staehli.ch\/blog\/wp-json\/wp\/v2\/comments?post=16927"}],"version-history":[{"count":5,"href":"https:\/\/pia-staehli.ch\/blog\/wp-json\/wp\/v2\/posts\/16927\/revisions"}],"predecessor-version":[{"id":16980,"href":"https:\/\/pia-staehli.ch\/blog\/wp-json\/wp\/v2\/posts\/16927\/revisions\/16980"}],"wp:attachment":[{"href":"https:\/\/pia-staehli.ch\/blog\/wp-json\/wp\/v2\/media?parent=16927"}],"wp:term":[{"taxonomy":"category","embeddable":true,"href":"https:\/\/pia-staehli.ch\/blog\/wp-json\/wp\/v2\/categories?post=16927"},{"taxonomy":"post_tag","embeddable":true,"href":"https:\/\/pia-staehli.ch\/blog\/wp-json\/wp\/v2\/tags?post=16927"}],"curies":[{"name":"wp","href":"https:\/\/api.w.org\/{rel}","templated":true}]}}