{"id":16579,"date":"2019-02-19T08:51:15","date_gmt":"2019-02-19T07:51:15","guid":{"rendered":"https:\/\/pia-staehli.ch\/blog\/?p=16579"},"modified":"2019-02-23T10:17:56","modified_gmt":"2019-02-23T09:17:56","slug":"ein-laecheln-im-schnee","status":"publish","type":"post","link":"https:\/\/pia-staehli.ch\/blog\/2019\/02\/19\/ein-laecheln-im-schnee\/","title":{"rendered":"Ein l\u00e4cheln im Schnee"},"content":{"rendered":"\n<p>Diesen Winter blieb meine rote Kugel draussen im Garten stehen. Der Winter zauberte ihr eine weisse Haarpracht. <\/p>\n\n\n\n<figure class=\"wp-block-image\"><img loading=\"lazy\" decoding=\"async\" width=\"2753\" height=\"1960\" data-attachment-id=\"16580\" data-permalink=\"https:\/\/pia-staehli.ch\/blog\/2019\/02\/19\/ein-laecheln-im-schnee\/p1200073\/\" data-orig-file=\"https:\/\/pia-staehli.ch\/blog\/wp-content\/uploads\/2019\/02\/P1200073.jpg\" data-orig-size=\"2753,1960\" data-comments-opened=\"1\" data-image-meta=\"{&quot;aperture&quot;:&quot;6&quot;,&quot;credit&quot;:&quot;&quot;,&quot;camera&quot;:&quot;DMC-TZ81&quot;,&quot;caption&quot;:&quot;&quot;,&quot;created_timestamp&quot;:&quot;1549280385&quot;,&quot;copyright&quot;:&quot;&quot;,&quot;focal_length&quot;:&quot;71.7&quot;,&quot;iso&quot;:&quot;80&quot;,&quot;shutter_speed&quot;:&quot;0.00625&quot;,&quot;title&quot;:&quot;&quot;,&quot;orientation&quot;:&quot;1&quot;}\" data-image-title=\"P1200073\" data-image-description=\"\" data-image-caption=\"\" data-large-file=\"https:\/\/pia-staehli.ch\/blog\/wp-content\/uploads\/2019\/02\/P1200073-1024x729.jpg\" src=\"https:\/\/i0.wp.com\/pia-staehli.ch\/blog\/wp-content\/uploads\/2019\/02\/P1200073.jpg?fit=474%2C337\" alt=\"\" class=\"wp-image-16580\" srcset=\"https:\/\/pia-staehli.ch\/blog\/wp-content\/uploads\/2019\/02\/P1200073.jpg 2753w, https:\/\/pia-staehli.ch\/blog\/wp-content\/uploads\/2019\/02\/P1200073-300x214.jpg 300w, https:\/\/pia-staehli.ch\/blog\/wp-content\/uploads\/2019\/02\/P1200073-768x547.jpg 768w, https:\/\/pia-staehli.ch\/blog\/wp-content\/uploads\/2019\/02\/P1200073-1024x729.jpg 1024w\" sizes=\"auto, (max-width: 2753px) 100vw, 2753px\" \/><\/figure>\n\n\n\n<p>Als ich aus dem Fenster schaute, l\u00e4chelte mich die Kugel aus dem Winterland sofort an.<\/p>\n\n\n\n<figure class=\"wp-block-image\"><img loading=\"lazy\" decoding=\"async\" width=\"2592\" height=\"3267\" data-attachment-id=\"16581\" data-permalink=\"https:\/\/pia-staehli.ch\/blog\/2019\/02\/19\/ein-laecheln-im-schnee\/p1200075\/\" data-orig-file=\"https:\/\/pia-staehli.ch\/blog\/wp-content\/uploads\/2019\/02\/P1200075.jpg\" data-orig-size=\"2592,3267\" data-comments-opened=\"1\" data-image-meta=\"{&quot;aperture&quot;:&quot;6.3&quot;,&quot;credit&quot;:&quot;&quot;,&quot;camera&quot;:&quot;DMC-TZ81&quot;,&quot;caption&quot;:&quot;&quot;,&quot;created_timestamp&quot;:&quot;1549280415&quot;,&quot;copyright&quot;:&quot;&quot;,&quot;focal_length&quot;:&quot;121.5&quot;,&quot;iso&quot;:&quot;80&quot;,&quot;shutter_speed&quot;:&quot;0.008&quot;,&quot;title&quot;:&quot;&quot;,&quot;orientation&quot;:&quot;1&quot;}\" data-image-title=\"P1200075\" data-image-description=\"\" data-image-caption=\"\" data-large-file=\"https:\/\/pia-staehli.ch\/blog\/wp-content\/uploads\/2019\/02\/P1200075-812x1024.jpg\" src=\"https:\/\/i2.wp.com\/pia-staehli.ch\/blog\/wp-content\/uploads\/2019\/02\/P1200075.jpg?fit=474%2C598\" alt=\"\" class=\"wp-image-16581\" srcset=\"https:\/\/pia-staehli.ch\/blog\/wp-content\/uploads\/2019\/02\/P1200075.jpg 2592w, https:\/\/pia-staehli.ch\/blog\/wp-content\/uploads\/2019\/02\/P1200075-238x300.jpg 238w, https:\/\/pia-staehli.ch\/blog\/wp-content\/uploads\/2019\/02\/P1200075-768x968.jpg 768w, https:\/\/pia-staehli.ch\/blog\/wp-content\/uploads\/2019\/02\/P1200075-812x1024.jpg 812w\" sizes=\"auto, (max-width: 2592px) 100vw, 2592px\" \/><\/figure>\n\n\n\n<p>Ein aussergew\u00f6hnliches, aber leider kurzes, rotes schmunzeln. Doch f\u00fcr <a href=\"https:\/\/kreativ-im-rentnerdasein.blogspot.com\">Juttas<\/a> Digital Art gerade passend.<\/p>\n\n\n\n<figure class=\"wp-block-image\"><img loading=\"lazy\" decoding=\"async\" width=\"2592\" height=\"3267\" data-attachment-id=\"16604\" data-permalink=\"https:\/\/pia-staehli.ch\/blog\/2019\/02\/19\/ein-laecheln-im-schnee\/p1200075-2\/\" data-orig-file=\"https:\/\/pia-staehli.ch\/blog\/wp-content\/uploads\/2019\/02\/P1200075-1.jpg\" data-orig-size=\"2592,3267\" data-comments-opened=\"1\" data-image-meta=\"{&quot;aperture&quot;:&quot;6.3&quot;,&quot;credit&quot;:&quot;&quot;,&quot;camera&quot;:&quot;DMC-TZ81&quot;,&quot;caption&quot;:&quot;&quot;,&quot;created_timestamp&quot;:&quot;1549280415&quot;,&quot;copyright&quot;:&quot;&quot;,&quot;focal_length&quot;:&quot;121.5&quot;,&quot;iso&quot;:&quot;80&quot;,&quot;shutter_speed&quot;:&quot;0.008&quot;,&quot;title&quot;:&quot;&quot;,&quot;orientation&quot;:&quot;0&quot;}\" data-image-title=\"P1200075\" data-image-description=\"\" data-image-caption=\"\" data-large-file=\"https:\/\/pia-staehli.ch\/blog\/wp-content\/uploads\/2019\/02\/P1200075-1-812x1024.jpg\" src=\"https:\/\/i0.wp.com\/pia-staehli.ch\/blog\/wp-content\/uploads\/2019\/02\/P1200075-1.jpg?fit=474%2C598\" alt=\"\" class=\"wp-image-16604\" srcset=\"https:\/\/pia-staehli.ch\/blog\/wp-content\/uploads\/2019\/02\/P1200075-1.jpg 2592w, https:\/\/pia-staehli.ch\/blog\/wp-content\/uploads\/2019\/02\/P1200075-1-238x300.jpg 238w, https:\/\/pia-staehli.ch\/blog\/wp-content\/uploads\/2019\/02\/P1200075-1-768x968.jpg 768w, https:\/\/pia-staehli.ch\/blog\/wp-content\/uploads\/2019\/02\/P1200075-1-812x1024.jpg 812w\" sizes=\"auto, (max-width: 2592px) 100vw, 2592px\" \/><\/figure>\n\n\n\n<p>F\u00fcr <a href=\"https:\/\/www.wortperlen.de\/homepage.html\">Rot<\/a> und<a href=\"http:\/\/:\/\/www.httpsgartenwonne.com\/2019\/02\/vorfruhlingsgluck-linkparty.html\"> Vorfr\u00fchlingsgl\u00fcck<\/a><\/p>\n","protected":false},"excerpt":{"rendered":"<p>Diesen Winter blieb meine rote Kugel draussen im Garten stehen. Der Winter zauberte ihr eine weisse Haarpracht. Als ich aus dem Fenster schaute, l\u00e4chelte mich die Kugel aus dem Winterland sofort an. Ein aussergew\u00f6hnliches, aber leider kurzes, rotes schmunzeln. Doch f\u00fcr Juttas Digital Art gerade passend. F\u00fcr Rot und Vorfr\u00fchlingsgl\u00fcck<\/p>\n","protected":false},"author":2,"featured_media":0,"comment_status":"open","ping_status":"open","sticky":false,"template":"","format":"standard","meta":{"_bbp_topic_count":0,"_bbp_reply_count":0,"_bbp_total_topic_count":0,"_bbp_total_reply_count":0,"_bbp_voice_count":0,"_bbp_anonymous_reply_count":0,"_bbp_topic_count_hidden":0,"_bbp_reply_count_hidden":0,"_bbp_forum_subforum_count":0,"ngg_post_thumbnail":0,"jetpack_post_was_ever_published":false,"_jetpack_newsletter_access":"","_jetpack_dont_email_post_to_subs":false,"_jetpack_newsletter_tier_id":0,"_jetpack_memberships_contains_paywalled_content":false,"_jetpack_memberships_contains_paid_content":false,"footnotes":"","jetpack_publicize_message":"","jetpack_publicize_feature_enabled":true,"jetpack_social_post_already_shared":true,"jetpack_social_options":{"image_generator_settings":{"template":"highway","default_image_id":0,"font":"","enabled":false},"version":2}},"categories":[18,13,16],"tags":[],"class_list":["post-16579","post","type-post","status-publish","format-standard","hentry","category-garten","category-natur","category-projekt"],"jetpack_publicize_connections":[],"jetpack_featured_media_url":"","jetpack_sharing_enabled":true,"jetpack_shortlink":"https:\/\/wp.me\/p4c1fj-4jp","_links":{"self":[{"href":"https:\/\/pia-staehli.ch\/blog\/wp-json\/wp\/v2\/posts\/16579","targetHints":{"allow":["GET"]}}],"collection":[{"href":"https:\/\/pia-staehli.ch\/blog\/wp-json\/wp\/v2\/posts"}],"about":[{"href":"https:\/\/pia-staehli.ch\/blog\/wp-json\/wp\/v2\/types\/post"}],"author":[{"embeddable":true,"href":"https:\/\/pia-staehli.ch\/blog\/wp-json\/wp\/v2\/users\/2"}],"replies":[{"embeddable":true,"href":"https:\/\/pia-staehli.ch\/blog\/wp-json\/wp\/v2\/comments?post=16579"}],"version-history":[{"count":5,"href":"https:\/\/pia-staehli.ch\/blog\/wp-json\/wp\/v2\/posts\/16579\/revisions"}],"predecessor-version":[{"id":16689,"href":"https:\/\/pia-staehli.ch\/blog\/wp-json\/wp\/v2\/posts\/16579\/revisions\/16689"}],"wp:attachment":[{"href":"https:\/\/pia-staehli.ch\/blog\/wp-json\/wp\/v2\/media?parent=16579"}],"wp:term":[{"taxonomy":"category","embeddable":true,"href":"https:\/\/pia-staehli.ch\/blog\/wp-json\/wp\/v2\/categories?post=16579"},{"taxonomy":"post_tag","embeddable":true,"href":"https:\/\/pia-staehli.ch\/blog\/wp-json\/wp\/v2\/tags?post=16579"}],"curies":[{"name":"wp","href":"https:\/\/api.w.org\/{rel}","templated":true}]}}