{"id":16410,"date":"2019-01-22T09:10:35","date_gmt":"2019-01-22T08:10:35","guid":{"rendered":"https:\/\/pia-staehli.ch\/blog\/?p=16410"},"modified":"2019-01-22T09:10:39","modified_gmt":"2019-01-22T08:10:39","slug":"auf-den-hintergrund-kommt-es-an","status":"publish","type":"post","link":"https:\/\/pia-staehli.ch\/blog\/2019\/01\/22\/auf-den-hintergrund-kommt-es-an\/","title":{"rendered":"Auf den Hintergrund kommt es an"},"content":{"rendered":"\n<p>Diese wundersch\u00f6nen Blumen stehen schon mehr als eine Woche in der Vase und sie haben es verdient, in Szene gesetzt zu werden. Den sch\u00f6nen Strauss liess ich aber in Ruhe, ich experimentierte mit verschiedenen Hintergr\u00fcnden. <br>Das dezente grau als Hintergrund harmoniert wunderbar mit dem leuchtenden rot der Blumen und wirkt sehr edel.<\/p>\n\n\n\n<figure class=\"wp-block-image\"><img loading=\"lazy\" decoding=\"async\" width=\"1944\" height=\"2896\" data-attachment-id=\"16411\" data-permalink=\"https:\/\/pia-staehli.ch\/blog\/2019\/01\/22\/auf-den-hintergrund-kommt-es-an\/dsc_1144\/\" data-orig-file=\"https:\/\/pia-staehli.ch\/blog\/wp-content\/uploads\/2019\/01\/DSC_1144.jpg\" data-orig-size=\"1944,2896\" data-comments-opened=\"1\" data-image-meta=\"{&quot;aperture&quot;:&quot;4.5&quot;,&quot;credit&quot;:&quot;&quot;,&quot;camera&quot;:&quot;NIKON D80&quot;,&quot;caption&quot;:&quot;&quot;,&quot;created_timestamp&quot;:&quot;1547334280&quot;,&quot;copyright&quot;:&quot;&quot;,&quot;focal_length&quot;:&quot;44&quot;,&quot;iso&quot;:&quot;400&quot;,&quot;shutter_speed&quot;:&quot;0.04&quot;,&quot;title&quot;:&quot;&quot;,&quot;orientation&quot;:&quot;1&quot;}\" data-image-title=\"DSC_1144\" data-image-description=\"\" data-image-caption=\"\" data-large-file=\"https:\/\/pia-staehli.ch\/blog\/wp-content\/uploads\/2019\/01\/DSC_1144-687x1024.jpg\" src=\"https:\/\/i0.wp.com\/pia-staehli.ch\/blog\/wp-content\/uploads\/2019\/01\/DSC_1144.jpg?fit=474%2C707\" alt=\"\" class=\"wp-image-16411\" srcset=\"https:\/\/pia-staehli.ch\/blog\/wp-content\/uploads\/2019\/01\/DSC_1144.jpg 1944w, https:\/\/pia-staehli.ch\/blog\/wp-content\/uploads\/2019\/01\/DSC_1144-201x300.jpg 201w, https:\/\/pia-staehli.ch\/blog\/wp-content\/uploads\/2019\/01\/DSC_1144-768x1144.jpg 768w, https:\/\/pia-staehli.ch\/blog\/wp-content\/uploads\/2019\/01\/DSC_1144-687x1024.jpg 687w\" sizes=\"auto, (max-width: 1944px) 100vw, 1944px\" \/><\/figure>\n\n\n\n<p>Das gr\u00fcn passt zu den Bl\u00e4ttern und ist farblich abgestimmt, aber die Struktur im Stoff wirkt etwas unruhig.<\/p>\n\n\n\n<figure class=\"wp-block-image\"><img loading=\"lazy\" decoding=\"async\" width=\"3456\" height=\"2592\" data-attachment-id=\"16412\" data-permalink=\"https:\/\/pia-staehli.ch\/blog\/2019\/01\/22\/auf-den-hintergrund-kommt-es-an\/p1190557\/\" data-orig-file=\"https:\/\/pia-staehli.ch\/blog\/wp-content\/uploads\/2019\/01\/P1190557.jpg\" data-orig-size=\"3456,2592\" data-comments-opened=\"1\" data-image-meta=\"{&quot;aperture&quot;:&quot;3.3&quot;,&quot;credit&quot;:&quot;&quot;,&quot;camera&quot;:&quot;DMC-TZ81&quot;,&quot;caption&quot;:&quot;&quot;,&quot;created_timestamp&quot;:&quot;1547378245&quot;,&quot;copyright&quot;:&quot;&quot;,&quot;focal_length&quot;:&quot;4.3&quot;,&quot;iso&quot;:&quot;320&quot;,&quot;shutter_speed&quot;:&quot;0.016666666666667&quot;,&quot;title&quot;:&quot;&quot;,&quot;orientation&quot;:&quot;1&quot;}\" data-image-title=\"P1190557\" data-image-description=\"\" data-image-caption=\"\" data-large-file=\"https:\/\/pia-staehli.ch\/blog\/wp-content\/uploads\/2019\/01\/P1190557-1024x768.jpg\" src=\"https:\/\/i0.wp.com\/pia-staehli.ch\/blog\/wp-content\/uploads\/2019\/01\/P1190557.jpg?fit=474%2C356\" alt=\"\" class=\"wp-image-16412\" srcset=\"https:\/\/pia-staehli.ch\/blog\/wp-content\/uploads\/2019\/01\/P1190557.jpg 3456w, https:\/\/pia-staehli.ch\/blog\/wp-content\/uploads\/2019\/01\/P1190557-300x225.jpg 300w, https:\/\/pia-staehli.ch\/blog\/wp-content\/uploads\/2019\/01\/P1190557-768x576.jpg 768w, https:\/\/pia-staehli.ch\/blog\/wp-content\/uploads\/2019\/01\/P1190557-1024x768.jpg 1024w\" sizes=\"auto, (max-width: 3456px) 100vw, 3456px\" \/><\/figure>\n\n\n\n<p>Der Kontrast vom Blumenbouquet zu dem kr\u00e4ftigeren, graublauen Hintergrund finde ich trostlos und hat etwas trauriges.<\/p>\n\n\n\n<figure class=\"wp-block-image\"><img loading=\"lazy\" decoding=\"async\" width=\"2592\" height=\"3456\" data-attachment-id=\"16415\" data-permalink=\"https:\/\/pia-staehli.ch\/blog\/2019\/01\/22\/auf-den-hintergrund-kommt-es-an\/p1190589\/\" data-orig-file=\"https:\/\/pia-staehli.ch\/blog\/wp-content\/uploads\/2019\/01\/P1190589.jpg\" data-orig-size=\"2592,3456\" data-comments-opened=\"1\" data-image-meta=\"{&quot;aperture&quot;:&quot;3.3&quot;,&quot;credit&quot;:&quot;&quot;,&quot;camera&quot;:&quot;DMC-TZ81&quot;,&quot;caption&quot;:&quot;&quot;,&quot;created_timestamp&quot;:&quot;1547382093&quot;,&quot;copyright&quot;:&quot;&quot;,&quot;focal_length&quot;:&quot;4.3&quot;,&quot;iso&quot;:&quot;250&quot;,&quot;shutter_speed&quot;:&quot;0.016666666666667&quot;,&quot;title&quot;:&quot;&quot;,&quot;orientation&quot;:&quot;1&quot;}\" data-image-title=\"P1190589\" data-image-description=\"\" data-image-caption=\"\" data-large-file=\"https:\/\/pia-staehli.ch\/blog\/wp-content\/uploads\/2019\/01\/P1190589-768x1024.jpg\" src=\"https:\/\/i1.wp.com\/pia-staehli.ch\/blog\/wp-content\/uploads\/2019\/01\/P1190589.jpg?fit=474%2C632\" alt=\"\" class=\"wp-image-16415\" srcset=\"https:\/\/pia-staehli.ch\/blog\/wp-content\/uploads\/2019\/01\/P1190589.jpg 2592w, https:\/\/pia-staehli.ch\/blog\/wp-content\/uploads\/2019\/01\/P1190589-225x300.jpg 225w, https:\/\/pia-staehli.ch\/blog\/wp-content\/uploads\/2019\/01\/P1190589-768x1024.jpg 768w\" sizes=\"auto, (max-width: 2592px) 100vw, 2592px\" \/><\/figure>\n\n\n\n<p>Die gelbgr\u00fcne Stoffbahn hinter den satten roten und weissen Bl\u00fcten l\u00e4sst die Blumen hart erscheinen.<\/p>\n\n\n\n<figure class=\"wp-block-image\"><img loading=\"lazy\" decoding=\"async\" width=\"2592\" height=\"3456\" data-attachment-id=\"16416\" data-permalink=\"https:\/\/pia-staehli.ch\/blog\/2019\/01\/22\/auf-den-hintergrund-kommt-es-an\/p1190633\/\" data-orig-file=\"https:\/\/pia-staehli.ch\/blog\/wp-content\/uploads\/2019\/01\/P1190633.jpg\" data-orig-size=\"2592,3456\" data-comments-opened=\"1\" data-image-meta=\"{&quot;aperture&quot;:&quot;3.6&quot;,&quot;credit&quot;:&quot;&quot;,&quot;camera&quot;:&quot;DMC-TZ81&quot;,&quot;caption&quot;:&quot;&quot;,&quot;created_timestamp&quot;:&quot;1547475817&quot;,&quot;copyright&quot;:&quot;&quot;,&quot;focal_length&quot;:&quot;5.8&quot;,&quot;iso&quot;:&quot;80&quot;,&quot;shutter_speed&quot;:&quot;0.00625&quot;,&quot;title&quot;:&quot;&quot;,&quot;orientation&quot;:&quot;1&quot;}\" data-image-title=\"P1190633\" data-image-description=\"\" data-image-caption=\"\" data-large-file=\"https:\/\/pia-staehli.ch\/blog\/wp-content\/uploads\/2019\/01\/P1190633-768x1024.jpg\" src=\"https:\/\/i0.wp.com\/pia-staehli.ch\/blog\/wp-content\/uploads\/2019\/01\/P1190633.jpg?fit=474%2C632\" alt=\"\" class=\"wp-image-16416\" srcset=\"https:\/\/pia-staehli.ch\/blog\/wp-content\/uploads\/2019\/01\/P1190633.jpg 2592w, https:\/\/pia-staehli.ch\/blog\/wp-content\/uploads\/2019\/01\/P1190633-225x300.jpg 225w, https:\/\/pia-staehli.ch\/blog\/wp-content\/uploads\/2019\/01\/P1190633-768x1024.jpg 768w\" sizes=\"auto, (max-width: 2592px) 100vw, 2592px\" \/><\/figure>\n\n\n\n<p>Das kr\u00e4ftige Dunkelrot, meine Lieblingsfarbe, hat etwas aggressives und sieht frech aus, beide starken Farben leuchten sehr. In Kombination mit den weissen Blumen und der elfenbeinfarbigen Vase ist das Bouquet ein Blickfang.<\/p>\n\n\n\n<figure class=\"wp-block-image\"><img loading=\"lazy\" decoding=\"async\" width=\"2592\" height=\"3456\" data-attachment-id=\"16417\" data-permalink=\"https:\/\/pia-staehli.ch\/blog\/2019\/01\/22\/auf-den-hintergrund-kommt-es-an\/p1190660\/\" data-orig-file=\"https:\/\/pia-staehli.ch\/blog\/wp-content\/uploads\/2019\/01\/P1190660.jpg\" data-orig-size=\"2592,3456\" data-comments-opened=\"1\" data-image-meta=\"{&quot;aperture&quot;:&quot;3.3&quot;,&quot;credit&quot;:&quot;&quot;,&quot;camera&quot;:&quot;DMC-TZ81&quot;,&quot;caption&quot;:&quot;&quot;,&quot;created_timestamp&quot;:&quot;1547477863&quot;,&quot;copyright&quot;:&quot;&quot;,&quot;focal_length&quot;:&quot;4.3&quot;,&quot;iso&quot;:&quot;100&quot;,&quot;shutter_speed&quot;:&quot;0.016666666666667&quot;,&quot;title&quot;:&quot;&quot;,&quot;orientation&quot;:&quot;1&quot;}\" data-image-title=\"P1190660\" data-image-description=\"\" data-image-caption=\"\" data-large-file=\"https:\/\/pia-staehli.ch\/blog\/wp-content\/uploads\/2019\/01\/P1190660-768x1024.jpg\" src=\"https:\/\/i1.wp.com\/pia-staehli.ch\/blog\/wp-content\/uploads\/2019\/01\/P1190660.jpg?fit=474%2C632\" alt=\"\" class=\"wp-image-16417\" srcset=\"https:\/\/pia-staehli.ch\/blog\/wp-content\/uploads\/2019\/01\/P1190660.jpg 2592w, https:\/\/pia-staehli.ch\/blog\/wp-content\/uploads\/2019\/01\/P1190660-225x300.jpg 225w, https:\/\/pia-staehli.ch\/blog\/wp-content\/uploads\/2019\/01\/P1190660-768x1024.jpg 768w\" sizes=\"auto, (max-width: 2592px) 100vw, 2592px\" \/><\/figure>\n\n\n\n<p>Fast alle Blumen stelle ich auf die Marmorplatte zum Fotografieren mit der weissen Wand dahinter. So ganz nach alter Gewohnheit.<\/p>\n\n\n\n<figure class=\"wp-block-image\"><img loading=\"lazy\" decoding=\"async\" width=\"2592\" height=\"3456\" data-attachment-id=\"16419\" data-permalink=\"https:\/\/pia-staehli.ch\/blog\/2019\/01\/22\/auf-den-hintergrund-kommt-es-an\/p1190687\/\" data-orig-file=\"https:\/\/pia-staehli.ch\/blog\/wp-content\/uploads\/2019\/01\/P1190687.jpg\" data-orig-size=\"2592,3456\" data-comments-opened=\"1\" data-image-meta=\"{&quot;aperture&quot;:&quot;4.1&quot;,&quot;credit&quot;:&quot;&quot;,&quot;camera&quot;:&quot;DMC-TZ81&quot;,&quot;caption&quot;:&quot;&quot;,&quot;created_timestamp&quot;:&quot;1547558598&quot;,&quot;copyright&quot;:&quot;&quot;,&quot;focal_length&quot;:&quot;9&quot;,&quot;iso&quot;:&quot;80&quot;,&quot;shutter_speed&quot;:&quot;0.0015625&quot;,&quot;title&quot;:&quot;&quot;,&quot;orientation&quot;:&quot;1&quot;}\" data-image-title=\"P1190687\" data-image-description=\"\" data-image-caption=\"\" data-large-file=\"https:\/\/pia-staehli.ch\/blog\/wp-content\/uploads\/2019\/01\/P1190687-768x1024.jpg\" src=\"https:\/\/i2.wp.com\/pia-staehli.ch\/blog\/wp-content\/uploads\/2019\/01\/P1190687.jpg?fit=474%2C632\" alt=\"\" class=\"wp-image-16419\" srcset=\"https:\/\/pia-staehli.ch\/blog\/wp-content\/uploads\/2019\/01\/P1190687.jpg 2592w, https:\/\/pia-staehli.ch\/blog\/wp-content\/uploads\/2019\/01\/P1190687-225x300.jpg 225w, https:\/\/pia-staehli.ch\/blog\/wp-content\/uploads\/2019\/01\/P1190687-768x1024.jpg 768w\" sizes=\"auto, (max-width: 2592px) 100vw, 2592px\" \/><\/figure>\n\n\n\n<p>So kann man sich die Zeit auch vertreiben, wenn es draussen kalt und nass ist \ud83d\ude42<br>Was findet ihr?&nbsp;Mit welchem Hintergrund kommen&nbsp;meine Lieblingsblumen am besten zur Geltung?<\/p>\n\n\n\n<p>verlinkt: <a href=\"https:\/\/www.wortperlen.de\/homepage.html\">Wortperlen<\/a>, <a href=\"https:\/\/elfiskartenblog.blogspot.com\">DvD<\/a>, <a href=\"https:\/\/www.creadienstag.de\/\">Creadienstag<\/a>, <a href=\"https:\/\/www.gartenwonne.com\">Wintergl\u00fcck<\/a><\/p>\n","protected":false},"excerpt":{"rendered":"<p>Diese wundersch\u00f6nen Blumen stehen schon mehr als eine Woche in der Vase und sie haben es verdient, in Szene gesetzt zu werden. Den sch\u00f6nen Strauss liess ich aber in Ruhe, ich experimentierte mit verschiedenen Hintergr\u00fcnden. Das dezente grau als Hintergrund harmoniert wunderbar mit dem leuchtenden rot der Blumen und wirkt sehr edel. Das gr\u00fcn passt &hellip; <a href=\"https:\/\/pia-staehli.ch\/blog\/2019\/01\/22\/auf-den-hintergrund-kommt-es-an\/\" class=\"more-link\"><span class=\"screen-reader-text\">Auf den Hintergrund kommt es an<\/span> weiterlesen <span class=\"meta-nav\">&rarr;<\/span><\/a><\/p>\n","protected":false},"author":2,"featured_media":0,"comment_status":"open","ping_status":"open","sticky":false,"template":"","format":"standard","meta":{"_bbp_topic_count":0,"_bbp_reply_count":0,"_bbp_total_topic_count":0,"_bbp_total_reply_count":0,"_bbp_voice_count":0,"_bbp_anonymous_reply_count":0,"_bbp_topic_count_hidden":0,"_bbp_reply_count_hidden":0,"_bbp_forum_subforum_count":0,"ngg_post_thumbnail":0,"jetpack_post_was_ever_published":false,"_jetpack_newsletter_access":"","_jetpack_dont_email_post_to_subs":false,"_jetpack_newsletter_tier_id":0,"_jetpack_memberships_contains_paywalled_content":false,"_jetpack_memberships_contains_paid_content":false,"footnotes":"","jetpack_publicize_message":"","jetpack_publicize_feature_enabled":true,"jetpack_social_post_already_shared":true,"jetpack_social_options":{"image_generator_settings":{"template":"highway","default_image_id":0,"font":"","enabled":false},"version":2}},"categories":[3,9,5,16,6],"tags":[],"class_list":["post-16410","post","type-post","status-publish","format-standard","hentry","category-familie","category-freunde","category-geschenke","category-projekt","category-wintergarten"],"jetpack_publicize_connections":[],"jetpack_featured_media_url":"","jetpack_sharing_enabled":true,"jetpack_shortlink":"https:\/\/wp.me\/p4c1fj-4gG","_links":{"self":[{"href":"https:\/\/pia-staehli.ch\/blog\/wp-json\/wp\/v2\/posts\/16410","targetHints":{"allow":["GET"]}}],"collection":[{"href":"https:\/\/pia-staehli.ch\/blog\/wp-json\/wp\/v2\/posts"}],"about":[{"href":"https:\/\/pia-staehli.ch\/blog\/wp-json\/wp\/v2\/types\/post"}],"author":[{"embeddable":true,"href":"https:\/\/pia-staehli.ch\/blog\/wp-json\/wp\/v2\/users\/2"}],"replies":[{"embeddable":true,"href":"https:\/\/pia-staehli.ch\/blog\/wp-json\/wp\/v2\/comments?post=16410"}],"version-history":[{"count":5,"href":"https:\/\/pia-staehli.ch\/blog\/wp-json\/wp\/v2\/posts\/16410\/revisions"}],"predecessor-version":[{"id":16432,"href":"https:\/\/pia-staehli.ch\/blog\/wp-json\/wp\/v2\/posts\/16410\/revisions\/16432"}],"wp:attachment":[{"href":"https:\/\/pia-staehli.ch\/blog\/wp-json\/wp\/v2\/media?parent=16410"}],"wp:term":[{"taxonomy":"category","embeddable":true,"href":"https:\/\/pia-staehli.ch\/blog\/wp-json\/wp\/v2\/categories?post=16410"},{"taxonomy":"post_tag","embeddable":true,"href":"https:\/\/pia-staehli.ch\/blog\/wp-json\/wp\/v2\/tags?post=16410"}],"curies":[{"name":"wp","href":"https:\/\/api.w.org\/{rel}","templated":true}]}}