{"id":14659,"date":"2018-09-11T08:23:09","date_gmt":"2018-09-11T07:23:09","guid":{"rendered":"https:\/\/pia-staehli.ch\/blog\/?p=14659"},"modified":"2018-09-11T08:23:09","modified_gmt":"2018-09-11T07:23:09","slug":"fliegenpilz-edelweiss","status":"publish","type":"post","link":"https:\/\/pia-staehli.ch\/blog\/2018\/09\/11\/fliegenpilz-edelweiss\/","title":{"rendered":"Fliegenpilz &#038; Edelweiss"},"content":{"rendered":"<p>Auf einer Wanderung entdeckte ich diesen Fliegenpilz. Er sieht aus wie aus einem M\u00e4rchenbuch. M\u00fcsste ich einen zeichnen, w\u00fcrde ich genauso einen Fliegenpilz malen. Sein roter Hut leuchtete schon von weitem. Jedes Kind weiss, dass er giftig ist. Aber wegen seinem speziellen Aussehen hat man\u00a0trotzdem Freude, wenn man ihn sieht.<\/p>\n<p><img loading=\"lazy\" decoding=\"async\" data-attachment-id=\"14661\" data-permalink=\"https:\/\/pia-staehli.ch\/blog\/2018\/09\/11\/fliegenpilz-edelweiss\/p1140661\/\" data-orig-file=\"https:\/\/pia-staehli.ch\/blog\/wp-content\/uploads\/2018\/09\/P1140661.jpg\" data-orig-size=\"2825,2119\" data-comments-opened=\"1\" data-image-meta=\"{&quot;aperture&quot;:&quot;3.3&quot;,&quot;credit&quot;:&quot;&quot;,&quot;camera&quot;:&quot;DMC-TZ81&quot;,&quot;caption&quot;:&quot;&quot;,&quot;created_timestamp&quot;:&quot;1536235957&quot;,&quot;copyright&quot;:&quot;&quot;,&quot;focal_length&quot;:&quot;4.3&quot;,&quot;iso&quot;:&quot;200&quot;,&quot;shutter_speed&quot;:&quot;0.016666666666667&quot;,&quot;title&quot;:&quot;&quot;,&quot;orientation&quot;:&quot;1&quot;}\" data-image-title=\"P1140661\" data-image-description=\"\" data-image-caption=\"\" data-large-file=\"https:\/\/pia-staehli.ch\/blog\/wp-content\/uploads\/2018\/09\/P1140661-1024x768.jpg\" class=\"alignnone size-full wp-image-14661\" src=\"https:\/\/pia-staehli.ch\/blog\/wp-content\/uploads\/2018\/09\/P1140661.jpg\" alt=\"\" width=\"2825\" height=\"2119\" srcset=\"https:\/\/pia-staehli.ch\/blog\/wp-content\/uploads\/2018\/09\/P1140661.jpg 2825w, https:\/\/pia-staehli.ch\/blog\/wp-content\/uploads\/2018\/09\/P1140661-300x225.jpg 300w, https:\/\/pia-staehli.ch\/blog\/wp-content\/uploads\/2018\/09\/P1140661-768x576.jpg 768w, https:\/\/pia-staehli.ch\/blog\/wp-content\/uploads\/2018\/09\/P1140661-1024x768.jpg 1024w\" sizes=\"auto, (max-width: 2825px) 100vw, 2825px\" \/><\/p>\n<p>Ob rot oder orange,<\/p>\n<p><img loading=\"lazy\" decoding=\"async\" data-attachment-id=\"14663\" data-permalink=\"https:\/\/pia-staehli.ch\/blog\/2018\/09\/11\/fliegenpilz-edelweiss\/p1140683\/\" data-orig-file=\"https:\/\/pia-staehli.ch\/blog\/wp-content\/uploads\/2018\/09\/P1140683.jpg\" data-orig-size=\"2592,3456\" data-comments-opened=\"1\" data-image-meta=\"{&quot;aperture&quot;:&quot;4.9&quot;,&quot;credit&quot;:&quot;&quot;,&quot;camera&quot;:&quot;DMC-TZ81&quot;,&quot;caption&quot;:&quot;&quot;,&quot;created_timestamp&quot;:&quot;1536237923&quot;,&quot;copyright&quot;:&quot;&quot;,&quot;focal_length&quot;:&quot;16.1&quot;,&quot;iso&quot;:&quot;400&quot;,&quot;shutter_speed&quot;:&quot;0.0125&quot;,&quot;title&quot;:&quot;&quot;,&quot;orientation&quot;:&quot;1&quot;}\" data-image-title=\"P1140683\" data-image-description=\"\" data-image-caption=\"\" data-large-file=\"https:\/\/pia-staehli.ch\/blog\/wp-content\/uploads\/2018\/09\/P1140683-768x1024.jpg\" class=\"alignnone size-full wp-image-14663\" src=\"https:\/\/pia-staehli.ch\/blog\/wp-content\/uploads\/2018\/09\/P1140683.jpg\" alt=\"\" width=\"2592\" height=\"3456\" srcset=\"https:\/\/pia-staehli.ch\/blog\/wp-content\/uploads\/2018\/09\/P1140683.jpg 2592w, https:\/\/pia-staehli.ch\/blog\/wp-content\/uploads\/2018\/09\/P1140683-225x300.jpg 225w, https:\/\/pia-staehli.ch\/blog\/wp-content\/uploads\/2018\/09\/P1140683-768x1024.jpg 768w\" sizes=\"auto, (max-width: 2592px) 100vw, 2592px\" \/><\/p>\n<p>mit geschlossenem oder offenem Hut, Aussehen tun diese Giftpilze einfach m\u00e4rchenhaft.<\/p>\n<p><img loading=\"lazy\" decoding=\"async\" data-attachment-id=\"14662\" data-permalink=\"https:\/\/pia-staehli.ch\/blog\/2018\/09\/11\/fliegenpilz-edelweiss\/p1140662\/\" data-orig-file=\"https:\/\/pia-staehli.ch\/blog\/wp-content\/uploads\/2018\/09\/P1140662.jpg\" data-orig-size=\"1949,2598\" data-comments-opened=\"1\" data-image-meta=\"{&quot;aperture&quot;:&quot;3.3&quot;,&quot;credit&quot;:&quot;&quot;,&quot;camera&quot;:&quot;DMC-TZ81&quot;,&quot;caption&quot;:&quot;&quot;,&quot;created_timestamp&quot;:&quot;1536235976&quot;,&quot;copyright&quot;:&quot;&quot;,&quot;focal_length&quot;:&quot;4.3&quot;,&quot;iso&quot;:&quot;200&quot;,&quot;shutter_speed&quot;:&quot;0.016666666666667&quot;,&quot;title&quot;:&quot;&quot;,&quot;orientation&quot;:&quot;1&quot;}\" data-image-title=\"P1140662\" data-image-description=\"\" data-image-caption=\"\" data-large-file=\"https:\/\/pia-staehli.ch\/blog\/wp-content\/uploads\/2018\/09\/P1140662-768x1024.jpg\" class=\"alignnone size-full wp-image-14662\" src=\"https:\/\/pia-staehli.ch\/blog\/wp-content\/uploads\/2018\/09\/P1140662.jpg\" alt=\"\" width=\"1949\" height=\"2598\" srcset=\"https:\/\/pia-staehli.ch\/blog\/wp-content\/uploads\/2018\/09\/P1140662.jpg 1949w, https:\/\/pia-staehli.ch\/blog\/wp-content\/uploads\/2018\/09\/P1140662-225x300.jpg 225w, https:\/\/pia-staehli.ch\/blog\/wp-content\/uploads\/2018\/09\/P1140662-768x1024.jpg 768w\" sizes=\"auto, (max-width: 1949px) 100vw, 1949px\" \/><\/p>\n<p>Sieht man den Fliegenpilz wegen seiner leuchtenden Farbe,\u00a0entdeckten wir\u00a0diesen Maronenr\u00f6hrling an seinem Duft. Den riecht man schon bevor man den Pilz sieht.<\/p>\n<p><img loading=\"lazy\" decoding=\"async\" data-attachment-id=\"14665\" data-permalink=\"https:\/\/pia-staehli.ch\/blog\/2018\/09\/11\/fliegenpilz-edelweiss\/p1140689\/\" data-orig-file=\"https:\/\/pia-staehli.ch\/blog\/wp-content\/uploads\/2018\/09\/P1140689.jpg\" data-orig-size=\"3456,2592\" data-comments-opened=\"1\" data-image-meta=\"{&quot;aperture&quot;:&quot;3.3&quot;,&quot;credit&quot;:&quot;&quot;,&quot;camera&quot;:&quot;DMC-TZ81&quot;,&quot;caption&quot;:&quot;&quot;,&quot;created_timestamp&quot;:&quot;1536238065&quot;,&quot;copyright&quot;:&quot;&quot;,&quot;focal_length&quot;:&quot;4.3&quot;,&quot;iso&quot;:&quot;100&quot;,&quot;shutter_speed&quot;:&quot;0.016666666666667&quot;,&quot;title&quot;:&quot;&quot;,&quot;orientation&quot;:&quot;1&quot;}\" data-image-title=\"P1140689\" data-image-description=\"\" data-image-caption=\"\" data-large-file=\"https:\/\/pia-staehli.ch\/blog\/wp-content\/uploads\/2018\/09\/P1140689-1024x768.jpg\" class=\"alignnone size-full wp-image-14665\" src=\"https:\/\/pia-staehli.ch\/blog\/wp-content\/uploads\/2018\/09\/P1140689.jpg\" alt=\"\" width=\"3456\" height=\"2592\" srcset=\"https:\/\/pia-staehli.ch\/blog\/wp-content\/uploads\/2018\/09\/P1140689.jpg 3456w, https:\/\/pia-staehli.ch\/blog\/wp-content\/uploads\/2018\/09\/P1140689-300x225.jpg 300w, https:\/\/pia-staehli.ch\/blog\/wp-content\/uploads\/2018\/09\/P1140689-768x576.jpg 768w, https:\/\/pia-staehli.ch\/blog\/wp-content\/uploads\/2018\/09\/P1140689-1024x768.jpg 1024w\" sizes=\"auto, (max-width: 3456px) 100vw, 3456px\" \/><\/p>\n<p>Mitten auf einer Wiese sah ich dieses Prachtexemplar von Bovist.<\/p>\n<p><img loading=\"lazy\" decoding=\"async\" data-attachment-id=\"14670\" data-permalink=\"https:\/\/pia-staehli.ch\/blog\/2018\/09\/11\/fliegenpilz-edelweiss\/p1140855\/\" data-orig-file=\"https:\/\/pia-staehli.ch\/blog\/wp-content\/uploads\/2018\/09\/P1140855.jpg\" data-orig-size=\"3456,2592\" data-comments-opened=\"1\" data-image-meta=\"{&quot;aperture&quot;:&quot;3.3&quot;,&quot;credit&quot;:&quot;&quot;,&quot;camera&quot;:&quot;DMC-TZ81&quot;,&quot;caption&quot;:&quot;&quot;,&quot;created_timestamp&quot;:&quot;1536405778&quot;,&quot;copyright&quot;:&quot;&quot;,&quot;focal_length&quot;:&quot;4.3&quot;,&quot;iso&quot;:&quot;80&quot;,&quot;shutter_speed&quot;:&quot;0.0015625&quot;,&quot;title&quot;:&quot;&quot;,&quot;orientation&quot;:&quot;1&quot;}\" data-image-title=\"P1140855\" data-image-description=\"\" data-image-caption=\"\" data-large-file=\"https:\/\/pia-staehli.ch\/blog\/wp-content\/uploads\/2018\/09\/P1140855-1024x768.jpg\" class=\"alignnone size-full wp-image-14670\" src=\"https:\/\/pia-staehli.ch\/blog\/wp-content\/uploads\/2018\/09\/P1140855.jpg\" alt=\"\" width=\"3456\" height=\"2592\" srcset=\"https:\/\/pia-staehli.ch\/blog\/wp-content\/uploads\/2018\/09\/P1140855.jpg 3456w, https:\/\/pia-staehli.ch\/blog\/wp-content\/uploads\/2018\/09\/P1140855-300x225.jpg 300w, https:\/\/pia-staehli.ch\/blog\/wp-content\/uploads\/2018\/09\/P1140855-768x576.jpg 768w, https:\/\/pia-staehli.ch\/blog\/wp-content\/uploads\/2018\/09\/P1140855-1024x768.jpg 1024w\" sizes=\"auto, (max-width: 3456px) 100vw, 3456px\" \/><\/p>\n<p>Und nicht weit daneben dieses Riesenexemplar.<\/p>\n<p><img loading=\"lazy\" decoding=\"async\" data-attachment-id=\"14671\" data-permalink=\"https:\/\/pia-staehli.ch\/blog\/2018\/09\/11\/fliegenpilz-edelweiss\/p1140859\/\" data-orig-file=\"https:\/\/pia-staehli.ch\/blog\/wp-content\/uploads\/2018\/09\/P1140859.jpg\" data-orig-size=\"3456,2592\" data-comments-opened=\"1\" data-image-meta=\"{&quot;aperture&quot;:&quot;3.3&quot;,&quot;credit&quot;:&quot;&quot;,&quot;camera&quot;:&quot;DMC-TZ81&quot;,&quot;caption&quot;:&quot;&quot;,&quot;created_timestamp&quot;:&quot;1536405832&quot;,&quot;copyright&quot;:&quot;&quot;,&quot;focal_length&quot;:&quot;4.3&quot;,&quot;iso&quot;:&quot;80&quot;,&quot;shutter_speed&quot;:&quot;0.00125&quot;,&quot;title&quot;:&quot;&quot;,&quot;orientation&quot;:&quot;1&quot;}\" data-image-title=\"P1140859\" data-image-description=\"\" data-image-caption=\"\" data-large-file=\"https:\/\/pia-staehli.ch\/blog\/wp-content\/uploads\/2018\/09\/P1140859-1024x768.jpg\" class=\"alignnone size-full wp-image-14671\" src=\"https:\/\/pia-staehli.ch\/blog\/wp-content\/uploads\/2018\/09\/P1140859.jpg\" alt=\"\" width=\"3456\" height=\"2592\" srcset=\"https:\/\/pia-staehli.ch\/blog\/wp-content\/uploads\/2018\/09\/P1140859.jpg 3456w, https:\/\/pia-staehli.ch\/blog\/wp-content\/uploads\/2018\/09\/P1140859-300x225.jpg 300w, https:\/\/pia-staehli.ch\/blog\/wp-content\/uploads\/2018\/09\/P1140859-768x576.jpg 768w, https:\/\/pia-staehli.ch\/blog\/wp-content\/uploads\/2018\/09\/P1140859-1024x768.jpg 1024w\" sizes=\"auto, (max-width: 3456px) 100vw, 3456px\" \/><\/p>\n<p>Den Namen dieses braunen Pilzes kenne ich nicht. Da wir aber keine Pilze sammelten und assen, ist es auch nicht weiter tragisch.<\/p>\n<p><img loading=\"lazy\" decoding=\"async\" data-attachment-id=\"14672\" data-permalink=\"https:\/\/pia-staehli.ch\/blog\/2018\/09\/11\/fliegenpilz-edelweiss\/p1140863\/\" data-orig-file=\"https:\/\/pia-staehli.ch\/blog\/wp-content\/uploads\/2018\/09\/P1140863.jpg\" data-orig-size=\"3456,2592\" data-comments-opened=\"1\" data-image-meta=\"{&quot;aperture&quot;:&quot;4.7&quot;,&quot;credit&quot;:&quot;&quot;,&quot;camera&quot;:&quot;DMC-TZ81&quot;,&quot;caption&quot;:&quot;&quot;,&quot;created_timestamp&quot;:&quot;1536405914&quot;,&quot;copyright&quot;:&quot;&quot;,&quot;focal_length&quot;:&quot;14.1&quot;,&quot;iso&quot;:&quot;80&quot;,&quot;shutter_speed&quot;:&quot;0.003125&quot;,&quot;title&quot;:&quot;&quot;,&quot;orientation&quot;:&quot;1&quot;}\" data-image-title=\"P1140863\" data-image-description=\"\" data-image-caption=\"\" data-large-file=\"https:\/\/pia-staehli.ch\/blog\/wp-content\/uploads\/2018\/09\/P1140863-1024x768.jpg\" class=\"alignnone size-full wp-image-14672\" src=\"https:\/\/pia-staehli.ch\/blog\/wp-content\/uploads\/2018\/09\/P1140863.jpg\" alt=\"\" width=\"3456\" height=\"2592\" srcset=\"https:\/\/pia-staehli.ch\/blog\/wp-content\/uploads\/2018\/09\/P1140863.jpg 3456w, https:\/\/pia-staehli.ch\/blog\/wp-content\/uploads\/2018\/09\/P1140863-300x225.jpg 300w, https:\/\/pia-staehli.ch\/blog\/wp-content\/uploads\/2018\/09\/P1140863-768x576.jpg 768w, https:\/\/pia-staehli.ch\/blog\/wp-content\/uploads\/2018\/09\/P1140863-1024x768.jpg 1024w\" sizes=\"auto, (max-width: 3456px) 100vw, 3456px\" \/><\/p>\n<p>Nicht nur Pilze, auch\u00a0Bergblumen sahen wir auf der Wanderung, z.B. Disteln, die immer noch sch\u00f6n bl\u00fchten.<\/p>\n<p><img loading=\"lazy\" decoding=\"async\" data-attachment-id=\"14666\" data-permalink=\"https:\/\/pia-staehli.ch\/blog\/2018\/09\/11\/fliegenpilz-edelweiss\/p1140711\/\" data-orig-file=\"https:\/\/pia-staehli.ch\/blog\/wp-content\/uploads\/2018\/09\/P1140711.jpg\" data-orig-size=\"3456,2592\" data-comments-opened=\"1\" data-image-meta=\"{&quot;aperture&quot;:&quot;5.1&quot;,&quot;credit&quot;:&quot;&quot;,&quot;camera&quot;:&quot;DMC-TZ81&quot;,&quot;caption&quot;:&quot;&quot;,&quot;created_timestamp&quot;:&quot;1536239519&quot;,&quot;copyright&quot;:&quot;&quot;,&quot;focal_length&quot;:&quot;20.6&quot;,&quot;iso&quot;:&quot;80&quot;,&quot;shutter_speed&quot;:&quot;0.0025&quot;,&quot;title&quot;:&quot;&quot;,&quot;orientation&quot;:&quot;1&quot;}\" data-image-title=\"P1140711\" data-image-description=\"\" data-image-caption=\"\" data-large-file=\"https:\/\/pia-staehli.ch\/blog\/wp-content\/uploads\/2018\/09\/P1140711-1024x768.jpg\" class=\"alignnone size-full wp-image-14666\" src=\"https:\/\/pia-staehli.ch\/blog\/wp-content\/uploads\/2018\/09\/P1140711.jpg\" alt=\"\" width=\"3456\" height=\"2592\" srcset=\"https:\/\/pia-staehli.ch\/blog\/wp-content\/uploads\/2018\/09\/P1140711.jpg 3456w, https:\/\/pia-staehli.ch\/blog\/wp-content\/uploads\/2018\/09\/P1140711-300x225.jpg 300w, https:\/\/pia-staehli.ch\/blog\/wp-content\/uploads\/2018\/09\/P1140711-768x576.jpg 768w, https:\/\/pia-staehli.ch\/blog\/wp-content\/uploads\/2018\/09\/P1140711-1024x768.jpg 1024w\" sizes=\"auto, (max-width: 3456px) 100vw, 3456px\" \/><\/p>\n<p>Von weitem sehen diese blauen Veilchen fast aus wie Enziane.<\/p>\n<p><img loading=\"lazy\" decoding=\"async\" data-attachment-id=\"14667\" data-permalink=\"https:\/\/pia-staehli.ch\/blog\/2018\/09\/11\/fliegenpilz-edelweiss\/p1140734\/\" data-orig-file=\"https:\/\/pia-staehli.ch\/blog\/wp-content\/uploads\/2018\/09\/P1140734.jpg\" data-orig-size=\"3456,2592\" data-comments-opened=\"1\" data-image-meta=\"{&quot;aperture&quot;:&quot;3.3&quot;,&quot;credit&quot;:&quot;&quot;,&quot;camera&quot;:&quot;DMC-TZ81&quot;,&quot;caption&quot;:&quot;&quot;,&quot;created_timestamp&quot;:&quot;1536244291&quot;,&quot;copyright&quot;:&quot;&quot;,&quot;focal_length&quot;:&quot;4.3&quot;,&quot;iso&quot;:&quot;80&quot;,&quot;shutter_speed&quot;:&quot;0.004&quot;,&quot;title&quot;:&quot;&quot;,&quot;orientation&quot;:&quot;1&quot;}\" data-image-title=\"P1140734\" data-image-description=\"\" data-image-caption=\"\" data-large-file=\"https:\/\/pia-staehli.ch\/blog\/wp-content\/uploads\/2018\/09\/P1140734-1024x768.jpg\" class=\"alignnone size-full wp-image-14667\" src=\"https:\/\/pia-staehli.ch\/blog\/wp-content\/uploads\/2018\/09\/P1140734.jpg\" alt=\"\" width=\"3456\" height=\"2592\" srcset=\"https:\/\/pia-staehli.ch\/blog\/wp-content\/uploads\/2018\/09\/P1140734.jpg 3456w, https:\/\/pia-staehli.ch\/blog\/wp-content\/uploads\/2018\/09\/P1140734-300x225.jpg 300w, https:\/\/pia-staehli.ch\/blog\/wp-content\/uploads\/2018\/09\/P1140734-768x576.jpg 768w, https:\/\/pia-staehli.ch\/blog\/wp-content\/uploads\/2018\/09\/P1140734-1024x768.jpg 1024w\" sizes=\"auto, (max-width: 3456px) 100vw, 3456px\" \/><\/p>\n<p>Die Herbstzeitlose beweisen, dass der Herbst begonnen hat.<\/p>\n<p><img loading=\"lazy\" decoding=\"async\" data-attachment-id=\"14668\" data-permalink=\"https:\/\/pia-staehli.ch\/blog\/2018\/09\/11\/fliegenpilz-edelweiss\/p1140768\/\" data-orig-file=\"https:\/\/pia-staehli.ch\/blog\/wp-content\/uploads\/2018\/09\/P1140768.jpg\" data-orig-size=\"3456,2592\" data-comments-opened=\"1\" data-image-meta=\"{&quot;aperture&quot;:&quot;3.3&quot;,&quot;credit&quot;:&quot;&quot;,&quot;camera&quot;:&quot;DMC-TZ81&quot;,&quot;caption&quot;:&quot;&quot;,&quot;created_timestamp&quot;:&quot;1536249695&quot;,&quot;copyright&quot;:&quot;&quot;,&quot;focal_length&quot;:&quot;4.3&quot;,&quot;iso&quot;:&quot;80&quot;,&quot;shutter_speed&quot;:&quot;0.004&quot;,&quot;title&quot;:&quot;&quot;,&quot;orientation&quot;:&quot;1&quot;}\" data-image-title=\"P1140768\" data-image-description=\"\" data-image-caption=\"\" data-large-file=\"https:\/\/pia-staehli.ch\/blog\/wp-content\/uploads\/2018\/09\/P1140768-1024x768.jpg\" class=\"alignnone size-full wp-image-14668\" src=\"https:\/\/pia-staehli.ch\/blog\/wp-content\/uploads\/2018\/09\/P1140768.jpg\" alt=\"\" width=\"3456\" height=\"2592\" srcset=\"https:\/\/pia-staehli.ch\/blog\/wp-content\/uploads\/2018\/09\/P1140768.jpg 3456w, https:\/\/pia-staehli.ch\/blog\/wp-content\/uploads\/2018\/09\/P1140768-300x225.jpg 300w, https:\/\/pia-staehli.ch\/blog\/wp-content\/uploads\/2018\/09\/P1140768-768x576.jpg 768w, https:\/\/pia-staehli.ch\/blog\/wp-content\/uploads\/2018\/09\/P1140768-1024x768.jpg 1024w\" sizes=\"auto, (max-width: 3456px) 100vw, 3456px\" \/><\/p>\n<p>Die Edelweise in diesem Blumentr\u00f6gli sahen wohl sehr sch\u00f6n aus,<\/p>\n<p><img loading=\"lazy\" decoding=\"async\" data-attachment-id=\"14680\" data-permalink=\"https:\/\/pia-staehli.ch\/blog\/2018\/09\/11\/fliegenpilz-edelweiss\/p1140779-2\/\" data-orig-file=\"https:\/\/pia-staehli.ch\/blog\/wp-content\/uploads\/2018\/09\/P1140779-1.jpg\" data-orig-size=\"3456,2592\" data-comments-opened=\"1\" data-image-meta=\"{&quot;aperture&quot;:&quot;3.4&quot;,&quot;credit&quot;:&quot;&quot;,&quot;camera&quot;:&quot;DMC-TZ81&quot;,&quot;caption&quot;:&quot;&quot;,&quot;created_timestamp&quot;:&quot;1536251905&quot;,&quot;copyright&quot;:&quot;&quot;,&quot;focal_length&quot;:&quot;4.7&quot;,&quot;iso&quot;:&quot;80&quot;,&quot;shutter_speed&quot;:&quot;0.005&quot;,&quot;title&quot;:&quot;&quot;,&quot;orientation&quot;:&quot;1&quot;}\" data-image-title=\"P1140779\" data-image-description=\"\" data-image-caption=\"\" data-large-file=\"https:\/\/pia-staehli.ch\/blog\/wp-content\/uploads\/2018\/09\/P1140779-1-1024x768.jpg\" class=\"alignnone size-full wp-image-14680\" src=\"https:\/\/pia-staehli.ch\/blog\/wp-content\/uploads\/2018\/09\/P1140779-1.jpg\" alt=\"\" width=\"3456\" height=\"2592\" srcset=\"https:\/\/pia-staehli.ch\/blog\/wp-content\/uploads\/2018\/09\/P1140779-1.jpg 3456w, https:\/\/pia-staehli.ch\/blog\/wp-content\/uploads\/2018\/09\/P1140779-1-300x225.jpg 300w, https:\/\/pia-staehli.ch\/blog\/wp-content\/uploads\/2018\/09\/P1140779-1-768x576.jpg 768w, https:\/\/pia-staehli.ch\/blog\/wp-content\/uploads\/2018\/09\/P1140779-1-1024x768.jpg 1024w\" sizes=\"auto, (max-width: 3456px) 100vw, 3456px\" \/><\/p>\n<p>aber in der Natur gefallen sie mir um einiges besser. Ich habe noch nie am Wegesrand ein Edelweiss gesehen.<\/p>\n<p><img loading=\"lazy\" decoding=\"async\" data-attachment-id=\"14682\" data-permalink=\"https:\/\/pia-staehli.ch\/blog\/2018\/09\/11\/fliegenpilz-edelweiss\/2018-09-06-14-44-51\/\" data-orig-file=\"https:\/\/pia-staehli.ch\/blog\/wp-content\/uploads\/2018\/09\/2018-09-06-14.44.51.jpg\" data-orig-size=\"2027,1948\" data-comments-opened=\"1\" data-image-meta=\"{&quot;aperture&quot;:&quot;1.7&quot;,&quot;credit&quot;:&quot;&quot;,&quot;camera&quot;:&quot;SM-G935F&quot;,&quot;caption&quot;:&quot;&quot;,&quot;created_timestamp&quot;:&quot;1536245091&quot;,&quot;copyright&quot;:&quot;&quot;,&quot;focal_length&quot;:&quot;4.2&quot;,&quot;iso&quot;:&quot;40&quot;,&quot;shutter_speed&quot;:&quot;0.0041666666666667&quot;,&quot;title&quot;:&quot;&quot;,&quot;orientation&quot;:&quot;1&quot;}\" data-image-title=\"2018-09-06 14.44.51\" data-image-description=\"\" data-image-caption=\"\" data-large-file=\"https:\/\/pia-staehli.ch\/blog\/wp-content\/uploads\/2018\/09\/2018-09-06-14.44.51-1024x984.jpg\" class=\"alignnone size-full wp-image-14682\" src=\"https:\/\/pia-staehli.ch\/blog\/wp-content\/uploads\/2018\/09\/2018-09-06-14.44.51.jpg\" alt=\"\" width=\"2027\" height=\"1948\" srcset=\"https:\/\/pia-staehli.ch\/blog\/wp-content\/uploads\/2018\/09\/2018-09-06-14.44.51.jpg 2027w, https:\/\/pia-staehli.ch\/blog\/wp-content\/uploads\/2018\/09\/2018-09-06-14.44.51-300x288.jpg 300w, https:\/\/pia-staehli.ch\/blog\/wp-content\/uploads\/2018\/09\/2018-09-06-14.44.51-768x738.jpg 768w, https:\/\/pia-staehli.ch\/blog\/wp-content\/uploads\/2018\/09\/2018-09-06-14.44.51-1024x984.jpg 1024w\" sizes=\"auto, (max-width: 2027px) 100vw, 2027px\" \/><\/p>\n<p>Es war nicht nur eines, nein gr\u00fcppchenweise konnte ich sie fotografieren. So wurde die Wanderung zu einem tollen Erlebnis.<\/p>\n<p><img loading=\"lazy\" decoding=\"async\" data-attachment-id=\"14683\" data-permalink=\"https:\/\/pia-staehli.ch\/blog\/2018\/09\/11\/fliegenpilz-edelweiss\/2018-09-06-15-03-07\/\" data-orig-file=\"https:\/\/pia-staehli.ch\/blog\/wp-content\/uploads\/2018\/09\/2018-09-06-15.03.07.jpg\" data-orig-size=\"3024,4032\" data-comments-opened=\"1\" data-image-meta=\"{&quot;aperture&quot;:&quot;1.7&quot;,&quot;credit&quot;:&quot;&quot;,&quot;camera&quot;:&quot;SM-G935F&quot;,&quot;caption&quot;:&quot;&quot;,&quot;created_timestamp&quot;:&quot;1536246187&quot;,&quot;copyright&quot;:&quot;&quot;,&quot;focal_length&quot;:&quot;4.2&quot;,&quot;iso&quot;:&quot;40&quot;,&quot;shutter_speed&quot;:&quot;0.0017064846416382&quot;,&quot;title&quot;:&quot;&quot;,&quot;orientation&quot;:&quot;1&quot;}\" data-image-title=\"2018-09-06 15.03.07\" data-image-description=\"\" data-image-caption=\"\" data-large-file=\"https:\/\/pia-staehli.ch\/blog\/wp-content\/uploads\/2018\/09\/2018-09-06-15.03.07-768x1024.jpg\" class=\"alignnone size-full wp-image-14683\" src=\"https:\/\/pia-staehli.ch\/blog\/wp-content\/uploads\/2018\/09\/2018-09-06-15.03.07.jpg\" alt=\"\" width=\"3024\" height=\"4032\" srcset=\"https:\/\/pia-staehli.ch\/blog\/wp-content\/uploads\/2018\/09\/2018-09-06-15.03.07.jpg 3024w, https:\/\/pia-staehli.ch\/blog\/wp-content\/uploads\/2018\/09\/2018-09-06-15.03.07-225x300.jpg 225w, https:\/\/pia-staehli.ch\/blog\/wp-content\/uploads\/2018\/09\/2018-09-06-15.03.07-768x1024.jpg 768w\" sizes=\"auto, (max-width: 3024px) 100vw, 3024px\" \/><\/p>\n<p><img loading=\"lazy\" decoding=\"async\" data-attachment-id=\"14681\" data-permalink=\"https:\/\/pia-staehli.ch\/blog\/2018\/09\/11\/fliegenpilz-edelweiss\/2018-09-06-14-43-54\/\" data-orig-file=\"https:\/\/pia-staehli.ch\/blog\/wp-content\/uploads\/2018\/09\/2018-09-06-14.43.54.jpg\" data-orig-size=\"2996,2587\" data-comments-opened=\"1\" data-image-meta=\"{&quot;aperture&quot;:&quot;1.7&quot;,&quot;credit&quot;:&quot;&quot;,&quot;camera&quot;:&quot;SM-G935F&quot;,&quot;caption&quot;:&quot;&quot;,&quot;created_timestamp&quot;:&quot;1536245034&quot;,&quot;copyright&quot;:&quot;&quot;,&quot;focal_length&quot;:&quot;4.2&quot;,&quot;iso&quot;:&quot;40&quot;,&quot;shutter_speed&quot;:&quot;0.0046296296296296&quot;,&quot;title&quot;:&quot;&quot;,&quot;orientation&quot;:&quot;1&quot;}\" data-image-title=\"2018-09-06 14.43.54\" data-image-description=\"\" data-image-caption=\"\" data-large-file=\"https:\/\/pia-staehli.ch\/blog\/wp-content\/uploads\/2018\/09\/2018-09-06-14.43.54-1024x884.jpg\" class=\"alignnone size-full wp-image-14681\" src=\"https:\/\/pia-staehli.ch\/blog\/wp-content\/uploads\/2018\/09\/2018-09-06-14.43.54.jpg\" alt=\"\" width=\"2996\" height=\"2587\" srcset=\"https:\/\/pia-staehli.ch\/blog\/wp-content\/uploads\/2018\/09\/2018-09-06-14.43.54.jpg 2996w, https:\/\/pia-staehli.ch\/blog\/wp-content\/uploads\/2018\/09\/2018-09-06-14.43.54-300x259.jpg 300w, https:\/\/pia-staehli.ch\/blog\/wp-content\/uploads\/2018\/09\/2018-09-06-14.43.54-768x663.jpg 768w, https:\/\/pia-staehli.ch\/blog\/wp-content\/uploads\/2018\/09\/2018-09-06-14.43.54-1024x884.jpg 1024w\" sizes=\"auto, (max-width: 2996px) 100vw, 2996px\" \/><\/p>\n<p><a href=\"https:\/\/www.wortperlen.de\/homepage.html\"><img loading=\"lazy\" decoding=\"async\" data-attachment-id=\"10789\" data-permalink=\"https:\/\/pia-staehli.ch\/blog\/2017\/09\/12\/kraeutersalz\/rot\/\" data-orig-file=\"https:\/\/pia-staehli.ch\/blog\/wp-content\/uploads\/2017\/09\/Rot.jpg\" data-orig-size=\"100,76\" data-comments-opened=\"1\" data-image-meta=\"{&quot;aperture&quot;:&quot;0&quot;,&quot;credit&quot;:&quot;&quot;,&quot;camera&quot;:&quot;&quot;,&quot;caption&quot;:&quot;&quot;,&quot;created_timestamp&quot;:&quot;0&quot;,&quot;copyright&quot;:&quot;&quot;,&quot;focal_length&quot;:&quot;0&quot;,&quot;iso&quot;:&quot;0&quot;,&quot;shutter_speed&quot;:&quot;0&quot;,&quot;title&quot;:&quot;&quot;,&quot;orientation&quot;:&quot;0&quot;}\" data-image-title=\"Rot\" data-image-description=\"\" data-image-caption=\"\" data-large-file=\"https:\/\/pia-staehli.ch\/blog\/wp-content\/uploads\/2017\/09\/Rot.jpg\" class=\"alignnone size-full wp-image-10789\" src=\"https:\/\/pia-staehli.ch\/blog\/wp-content\/uploads\/2017\/09\/Rot.jpg\" alt=\"\" width=\"100\" height=\"76\" \/><\/a>\u00a0 <a href=\"https:\/\/diezitronenfalterin.de\/2018\/09\/02\/monatsmotto-september-farbe-in-den-alltag\/\"><img loading=\"lazy\" decoding=\"async\" data-attachment-id=\"14686\" data-permalink=\"https:\/\/pia-staehli.ch\/blog\/2018\/09\/11\/fliegenpilz-edelweiss\/farben\/\" data-orig-file=\"https:\/\/pia-staehli.ch\/blog\/wp-content\/uploads\/2018\/09\/Farben-e1536607951893.jpg\" data-orig-size=\"150,113\" data-comments-opened=\"1\" data-image-meta=\"{&quot;aperture&quot;:&quot;0&quot;,&quot;credit&quot;:&quot;&quot;,&quot;camera&quot;:&quot;&quot;,&quot;caption&quot;:&quot;&quot;,&quot;created_timestamp&quot;:&quot;0&quot;,&quot;copyright&quot;:&quot;&quot;,&quot;focal_length&quot;:&quot;0&quot;,&quot;iso&quot;:&quot;0&quot;,&quot;shutter_speed&quot;:&quot;0&quot;,&quot;title&quot;:&quot;&quot;,&quot;orientation&quot;:&quot;0&quot;}\" data-image-title=\"Farben\" data-image-description=\"\" data-image-caption=\"\" data-large-file=\"https:\/\/pia-staehli.ch\/blog\/wp-content\/uploads\/2018\/09\/Farben-e1536607951893.jpg\" class=\"alignnone wp-image-14686\" src=\"https:\/\/pia-staehli.ch\/blog\/wp-content\/uploads\/2018\/09\/Farben-e1536607951893.jpg\" alt=\"\" width=\"100\" height=\"75\" \/><\/a>\u00a0<a href=\"https:\/\/jahreszeitenbriefe.blogspot.com\/\"><img loading=\"lazy\" decoding=\"async\" data-attachment-id=\"10851\" data-permalink=\"https:\/\/pia-staehli.ch\/blog\/2017\/09\/15\/herbstliche-blumen\/dnd\/\" data-orig-file=\"https:\/\/pia-staehli.ch\/blog\/wp-content\/uploads\/2017\/09\/DND.jpg\" data-orig-size=\"72,100\" data-comments-opened=\"1\" data-image-meta=\"{&quot;aperture&quot;:&quot;0&quot;,&quot;credit&quot;:&quot;Picasa&quot;,&quot;camera&quot;:&quot;&quot;,&quot;caption&quot;:&quot;&quot;,&quot;created_timestamp&quot;:&quot;0&quot;,&quot;copyright&quot;:&quot;&quot;,&quot;focal_length&quot;:&quot;0&quot;,&quot;iso&quot;:&quot;0&quot;,&quot;shutter_speed&quot;:&quot;0&quot;,&quot;title&quot;:&quot;&quot;,&quot;orientation&quot;:&quot;0&quot;}\" data-image-title=\"DND\" data-image-description=\"\" data-image-caption=\"\" data-large-file=\"https:\/\/pia-staehli.ch\/blog\/wp-content\/uploads\/2017\/09\/DND.jpg\" class=\"alignnone size-full wp-image-10851\" src=\"https:\/\/pia-staehli.ch\/blog\/wp-content\/uploads\/2017\/09\/DND.jpg\" alt=\"\" width=\"72\" height=\"100\" \/><\/a>\u00a0\u00a0<a href=\"https:\/\/freutag.blogspot.com\/\"><img loading=\"lazy\" decoding=\"async\" src=\"https:\/\/2.bp.blogspot.com\/-ZxM_gNPrZc0\/UbFkXoUAQVI\/AAAAAAAACG4\/Hi2tJwZ-py0\/s760\/Freutag_klein.jpg\" alt=\"Das Logo zum Mitnehmen:\" width=\"119\" height=\"60\" \/><\/a><\/p>\n<p>&nbsp;<\/p>\n","protected":false},"excerpt":{"rendered":"<p>Auf einer Wanderung entdeckte ich diesen Fliegenpilz. Er sieht aus wie aus einem M\u00e4rchenbuch. M\u00fcsste ich einen zeichnen, w\u00fcrde ich genauso einen Fliegenpilz malen. Sein roter Hut leuchtete schon von weitem. Jedes Kind weiss, dass er giftig ist. Aber wegen seinem speziellen Aussehen hat man\u00a0trotzdem Freude, wenn man ihn sieht. Ob rot oder orange, mit &hellip; <a href=\"https:\/\/pia-staehli.ch\/blog\/2018\/09\/11\/fliegenpilz-edelweiss\/\" class=\"more-link\"><span class=\"screen-reader-text\">Fliegenpilz &#038; Edelweiss<\/span> weiterlesen <span class=\"meta-nav\">&rarr;<\/span><\/a><\/p>\n","protected":false},"author":2,"featured_media":0,"comment_status":"open","ping_status":"open","sticky":false,"template":"","format":"standard","meta":{"_bbp_topic_count":0,"_bbp_reply_count":0,"_bbp_total_topic_count":0,"_bbp_total_reply_count":0,"_bbp_voice_count":0,"_bbp_anonymous_reply_count":0,"_bbp_topic_count_hidden":0,"_bbp_reply_count_hidden":0,"_bbp_forum_subforum_count":0,"ngg_post_thumbnail":0,"jetpack_post_was_ever_published":false,"_jetpack_newsletter_access":"","_jetpack_dont_email_post_to_subs":false,"_jetpack_newsletter_tier_id":0,"_jetpack_memberships_contains_paywalled_content":false,"_jetpack_memberships_contains_paid_content":false,"footnotes":"","jetpack_publicize_message":"","jetpack_publicize_feature_enabled":true,"jetpack_social_post_already_shared":true,"jetpack_social_options":{"image_generator_settings":{"template":"highway","default_image_id":0,"font":"","enabled":false},"version":2}},"categories":[13,16,19],"tags":[],"class_list":["post-14659","post","type-post","status-publish","format-standard","hentry","category-natur","category-projekt","category-reisen"],"jetpack_publicize_connections":[],"jetpack_featured_media_url":"","jetpack_sharing_enabled":true,"jetpack_shortlink":"https:\/\/wp.me\/p4c1fj-3Or","_links":{"self":[{"href":"https:\/\/pia-staehli.ch\/blog\/wp-json\/wp\/v2\/posts\/14659","targetHints":{"allow":["GET"]}}],"collection":[{"href":"https:\/\/pia-staehli.ch\/blog\/wp-json\/wp\/v2\/posts"}],"about":[{"href":"https:\/\/pia-staehli.ch\/blog\/wp-json\/wp\/v2\/types\/post"}],"author":[{"embeddable":true,"href":"https:\/\/pia-staehli.ch\/blog\/wp-json\/wp\/v2\/users\/2"}],"replies":[{"embeddable":true,"href":"https:\/\/pia-staehli.ch\/blog\/wp-json\/wp\/v2\/comments?post=14659"}],"version-history":[{"count":5,"href":"https:\/\/pia-staehli.ch\/blog\/wp-json\/wp\/v2\/posts\/14659\/revisions"}],"predecessor-version":[{"id":14689,"href":"https:\/\/pia-staehli.ch\/blog\/wp-json\/wp\/v2\/posts\/14659\/revisions\/14689"}],"wp:attachment":[{"href":"https:\/\/pia-staehli.ch\/blog\/wp-json\/wp\/v2\/media?parent=14659"}],"wp:term":[{"taxonomy":"category","embeddable":true,"href":"https:\/\/pia-staehli.ch\/blog\/wp-json\/wp\/v2\/categories?post=14659"},{"taxonomy":"post_tag","embeddable":true,"href":"https:\/\/pia-staehli.ch\/blog\/wp-json\/wp\/v2\/tags?post=14659"}],"curies":[{"name":"wp","href":"https:\/\/api.w.org\/{rel}","templated":true}]}}