{"id":13670,"date":"2018-06-28T10:12:19","date_gmt":"2018-06-28T09:12:19","guid":{"rendered":"https:\/\/pia-staehli.ch\/blog\/?p=13670"},"modified":"2018-06-28T15:45:11","modified_gmt":"2018-06-28T14:45:11","slug":"monatscollage-mit-viel-natur","status":"publish","type":"post","link":"https:\/\/pia-staehli.ch\/blog\/2018\/06\/28\/monatscollage-mit-viel-natur\/","title":{"rendered":"Monatscollage mit viel Natur"},"content":{"rendered":"<p><img loading=\"lazy\" decoding=\"async\" data-attachment-id=\"13672\" data-permalink=\"https:\/\/pia-staehli.ch\/blog\/2018\/06\/28\/monatscollage-mit-viel-natur\/p1110880\/\" data-orig-file=\"https:\/\/pia-staehli.ch\/blog\/wp-content\/uploads\/2018\/06\/P1110880.jpg\" data-orig-size=\"2592,3456\" data-comments-opened=\"1\" data-image-title=\"P1110880\" data-image-description=\"\" data-image-caption=\"\" data-large-file=\"https:\/\/pia-staehli.ch\/blog\/wp-content\/uploads\/2018\/06\/P1110880-768x1024.jpg\" class=\"alignnone size-full wp-image-13672\" src=\"https:\/\/pia-staehli.ch\/blog\/wp-content\/uploads\/2018\/06\/P1110880.jpg\" alt=\"\" width=\"2592\" height=\"3456\" srcset=\"https:\/\/pia-staehli.ch\/blog\/wp-content\/uploads\/2018\/06\/P1110880.jpg 2592w, https:\/\/pia-staehli.ch\/blog\/wp-content\/uploads\/2018\/06\/P1110880-225x300.jpg 225w, https:\/\/pia-staehli.ch\/blog\/wp-content\/uploads\/2018\/06\/P1110880-768x1024.jpg 768w\" sizes=\"auto, (max-width: 2592px) 100vw, 2592px\" \/><\/p>\n<p>Ich kann es fast nicht glauben, aber am Wochenende ist das halbe Jahr schon um. Dabei f\u00fchlt es sich f\u00fcr mich an, als habe es erst recht angefangen. Aber nun zum Juni, der bei uns ein Sommermonat war mit viel zu wenig Niederschlag. Ich nutzte die sonnigen Tage und war viel mit dem Velo unterwegs. Die Natur ist im Vergleich mit anderen Jahren etwa\u00a0zwei Wochen im Vorsprung, als w\u00fcrde es nicht schon so,\u00a0zu schnell gehen. Vieles scheint dieses Jahr besonders \u00fcppig zu sein, die Farbenpracht der <a href=\"https:\/\/pia-staehli.ch\/blog\/2018\/06\/21\/rund-ums-haus\/\">Blumen<\/a> strahlt in der Sonne, das Gem\u00fcse im Garten gedeiht pr\u00e4chtig, und auch Beeren und Fr\u00fcchte gibt es reichlich.<br \/>\nBilder anklicken zum vergr\u00f6ssern.<\/p>\n<div data-carousel-extra='{&quot;blog_id&quot;:1,&quot;permalink&quot;:&quot;https:\/\/pia-staehli.ch\/blog\/2018\/06\/28\/monatscollage-mit-viel-natur\/&quot;}' id='gallery-1' class='gallery galleryid-13670 gallery-columns-3 gallery-size-thumbnail'><figure class='gallery-item'>\n\t\t\t<div class='gallery-icon landscape'>\n\t\t\t\t<a href='https:\/\/pia-staehli.ch\/blog\/2018\/06\/28\/monatscollage-mit-viel-natur\/p1120416\/'><img loading=\"lazy\" decoding=\"async\" width=\"150\" height=\"150\" src=\"https:\/\/pia-staehli.ch\/blog\/wp-content\/uploads\/2018\/06\/P1120416-150x150.jpg\" class=\"attachment-thumbnail size-thumbnail\" alt=\"\" data-attachment-id=\"13688\" data-permalink=\"https:\/\/pia-staehli.ch\/blog\/2018\/06\/28\/monatscollage-mit-viel-natur\/p1120416\/\" data-orig-file=\"https:\/\/pia-staehli.ch\/blog\/wp-content\/uploads\/2018\/06\/P1120416.jpg\" data-orig-size=\"3456,2592\" data-comments-opened=\"1\" data-image-title=\"P1120416\" data-image-description=\"\" data-image-caption=\"\" data-large-file=\"https:\/\/pia-staehli.ch\/blog\/wp-content\/uploads\/2018\/06\/P1120416-1024x768.jpg\" \/><\/a>\n\t\t\t<\/div><\/figure><figure class='gallery-item'>\n\t\t\t<div class='gallery-icon portrait'>\n\t\t\t\t<a href='https:\/\/pia-staehli.ch\/blog\/p1110649\/'><img loading=\"lazy\" decoding=\"async\" width=\"150\" height=\"150\" src=\"https:\/\/pia-staehli.ch\/blog\/wp-content\/uploads\/2018\/05\/P1110649-150x150.jpg\" class=\"attachment-thumbnail size-thumbnail\" alt=\"\" data-attachment-id=\"13390\" data-permalink=\"https:\/\/pia-staehli.ch\/blog\/p1110649\/\" data-orig-file=\"https:\/\/pia-staehli.ch\/blog\/wp-content\/uploads\/2018\/05\/P1110649.jpg\" data-orig-size=\"2592,3456\" data-comments-opened=\"1\" data-image-title=\"P1110649\" data-image-description=\"\" data-image-caption=\"\" data-large-file=\"https:\/\/pia-staehli.ch\/blog\/wp-content\/uploads\/2018\/05\/P1110649-768x1024.jpg\" \/><\/a>\n\t\t\t<\/div><\/figure><figure class='gallery-item'>\n\t\t\t<div class='gallery-icon landscape'>\n\t\t\t\t<a href='https:\/\/pia-staehli.ch\/blog\/2018\/06\/28\/monatscollage-mit-viel-natur\/p1120445\/'><img loading=\"lazy\" decoding=\"async\" width=\"150\" height=\"150\" src=\"https:\/\/pia-staehli.ch\/blog\/wp-content\/uploads\/2018\/06\/P1120445-150x150.jpg\" class=\"attachment-thumbnail size-thumbnail\" alt=\"\" data-attachment-id=\"13696\" data-permalink=\"https:\/\/pia-staehli.ch\/blog\/2018\/06\/28\/monatscollage-mit-viel-natur\/p1120445\/\" data-orig-file=\"https:\/\/pia-staehli.ch\/blog\/wp-content\/uploads\/2018\/06\/P1120445.jpg\" data-orig-size=\"3456,2592\" data-comments-opened=\"1\" data-image-title=\"P1120445\" data-image-description=\"\" data-image-caption=\"\" data-large-file=\"https:\/\/pia-staehli.ch\/blog\/wp-content\/uploads\/2018\/06\/P1120445-1024x768.jpg\" \/><\/a>\n\t\t\t<\/div><\/figure><figure class='gallery-item'>\n\t\t\t<div class='gallery-icon landscape'>\n\t\t\t\t<a href='https:\/\/pia-staehli.ch\/blog\/2018\/06\/28\/monatscollage-mit-viel-natur\/p1120442\/'><img loading=\"lazy\" decoding=\"async\" width=\"150\" height=\"150\" src=\"https:\/\/pia-staehli.ch\/blog\/wp-content\/uploads\/2018\/06\/P1120442-150x150.jpg\" class=\"attachment-thumbnail size-thumbnail\" alt=\"\" data-attachment-id=\"13695\" data-permalink=\"https:\/\/pia-staehli.ch\/blog\/2018\/06\/28\/monatscollage-mit-viel-natur\/p1120442\/\" data-orig-file=\"https:\/\/pia-staehli.ch\/blog\/wp-content\/uploads\/2018\/06\/P1120442.jpg\" data-orig-size=\"3456,2592\" data-comments-opened=\"1\" data-image-title=\"P1120442\" data-image-description=\"\" data-image-caption=\"\" data-large-file=\"https:\/\/pia-staehli.ch\/blog\/wp-content\/uploads\/2018\/06\/P1120442-1024x768.jpg\" \/><\/a>\n\t\t\t<\/div><\/figure><figure class='gallery-item'>\n\t\t\t<div class='gallery-icon portrait'>\n\t\t\t\t<a href='https:\/\/pia-staehli.ch\/blog\/2018\/06\/28\/monatscollage-mit-viel-natur\/p1110901-2\/'><img loading=\"lazy\" decoding=\"async\" width=\"150\" height=\"150\" src=\"https:\/\/pia-staehli.ch\/blog\/wp-content\/uploads\/2018\/06\/P1110901-1-150x150.jpg\" class=\"attachment-thumbnail size-thumbnail\" alt=\"\" data-attachment-id=\"13675\" data-permalink=\"https:\/\/pia-staehli.ch\/blog\/2018\/06\/28\/monatscollage-mit-viel-natur\/p1110901-2\/\" data-orig-file=\"https:\/\/pia-staehli.ch\/blog\/wp-content\/uploads\/2018\/06\/P1110901-1.jpg\" data-orig-size=\"2225,3378\" data-comments-opened=\"1\" data-image-title=\"P1110901\" data-image-description=\"\" data-image-caption=\"\" data-large-file=\"https:\/\/pia-staehli.ch\/blog\/wp-content\/uploads\/2018\/06\/P1110901-1-674x1024.jpg\" \/><\/a>\n\t\t\t<\/div><\/figure><figure class='gallery-item'>\n\t\t\t<div class='gallery-icon landscape'>\n\t\t\t\t<a href='https:\/\/pia-staehli.ch\/blog\/2020\/06\/13\/mit-dem-velo-unterwegs\/dsc04421\/'><img loading=\"lazy\" decoding=\"async\" width=\"150\" height=\"150\" src=\"https:\/\/pia-staehli.ch\/blog\/wp-content\/uploads\/2018\/06\/DSC04421-150x150.jpg\" class=\"attachment-thumbnail size-thumbnail\" alt=\"\" data-attachment-id=\"13562\" data-permalink=\"https:\/\/pia-staehli.ch\/blog\/2020\/06\/13\/mit-dem-velo-unterwegs\/dsc04421\/\" data-orig-file=\"https:\/\/pia-staehli.ch\/blog\/wp-content\/uploads\/2018\/06\/DSC04421.jpg\" data-orig-size=\"3648,2736\" data-comments-opened=\"1\" data-image-title=\"DSC04421\" data-image-description=\"\" data-image-caption=\"\" data-large-file=\"https:\/\/pia-staehli.ch\/blog\/wp-content\/uploads\/2018\/06\/DSC04421-1024x768.jpg\" \/><\/a>\n\t\t\t<\/div><\/figure><figure class='gallery-item'>\n\t\t\t<div class='gallery-icon landscape'>\n\t\t\t\t<a href='https:\/\/pia-staehli.ch\/blog\/2018\/06\/23\/es-raucht\/p1110912\/'><img loading=\"lazy\" decoding=\"async\" width=\"150\" height=\"150\" src=\"https:\/\/pia-staehli.ch\/blog\/wp-content\/uploads\/2018\/06\/P1110912-150x150.jpg\" class=\"attachment-thumbnail size-thumbnail\" alt=\"\" data-attachment-id=\"13532\" data-permalink=\"https:\/\/pia-staehli.ch\/blog\/2018\/06\/23\/es-raucht\/p1110912\/\" data-orig-file=\"https:\/\/pia-staehli.ch\/blog\/wp-content\/uploads\/2018\/06\/P1110912.jpg\" data-orig-size=\"3456,2592\" data-comments-opened=\"1\" data-image-title=\"P1110912\" data-image-description=\"\" data-image-caption=\"\" data-large-file=\"https:\/\/pia-staehli.ch\/blog\/wp-content\/uploads\/2018\/06\/P1110912-1024x768.jpg\" \/><\/a>\n\t\t\t<\/div><\/figure><figure class='gallery-item'>\n\t\t\t<div class='gallery-icon landscape'>\n\t\t\t\t<a href='https:\/\/pia-staehli.ch\/blog\/2015\/06\/28\/bunt-ist-die-welt-biergaerten-strassenkaffees\/dsc02200-2\/'><img loading=\"lazy\" decoding=\"async\" width=\"150\" height=\"150\" src=\"https:\/\/pia-staehli.ch\/blog\/wp-content\/uploads\/2015\/06\/DSC02200-2-150x150.jpg\" class=\"attachment-thumbnail size-thumbnail\" alt=\"\" aria-describedby=\"gallery-1-3266\" data-attachment-id=\"3266\" data-permalink=\"https:\/\/pia-staehli.ch\/blog\/2015\/06\/28\/bunt-ist-die-welt-biergaerten-strassenkaffees\/dsc02200-2\/\" data-orig-file=\"https:\/\/pia-staehli.ch\/blog\/wp-content\/uploads\/2015\/06\/DSC02200-2.jpg\" data-orig-size=\"5184,3888\" data-comments-opened=\"1\" data-image-title=\"Juni\" data-image-description=\"\" data-image-caption=\"&lt;p&gt;Juni 2015&lt;\/p&gt;\n\" data-large-file=\"https:\/\/pia-staehli.ch\/blog\/wp-content\/uploads\/2015\/06\/DSC02200-2-1024x768.jpg\" \/><\/a>\n\t\t\t<\/div>\n\t\t\t\t<figcaption class='wp-caption-text gallery-caption' id='gallery-1-3266'>\n\t\t\t\tJuni 2015\n\t\t\t\t<\/figcaption><\/figure><figure class='gallery-item'>\n\t\t\t<div class='gallery-icon portrait'>\n\t\t\t\t<a href='https:\/\/pia-staehli.ch\/blog\/2018\/06\/28\/monatscollage-mit-viel-natur\/p1110890\/'><img loading=\"lazy\" decoding=\"async\" width=\"150\" height=\"150\" src=\"https:\/\/pia-staehli.ch\/blog\/wp-content\/uploads\/2018\/06\/P1110890-150x150.jpg\" class=\"attachment-thumbnail size-thumbnail\" alt=\"\" data-attachment-id=\"13673\" data-permalink=\"https:\/\/pia-staehli.ch\/blog\/2018\/06\/28\/monatscollage-mit-viel-natur\/p1110890\/\" data-orig-file=\"https:\/\/pia-staehli.ch\/blog\/wp-content\/uploads\/2018\/06\/P1110890.jpg\" data-orig-size=\"2592,3456\" data-comments-opened=\"1\" data-image-title=\"P1110890\" data-image-description=\"\" data-image-caption=\"\" data-large-file=\"https:\/\/pia-staehli.ch\/blog\/wp-content\/uploads\/2018\/06\/P1110890-768x1024.jpg\" \/><\/a>\n\t\t\t<\/div><\/figure>\n\t\t<\/div>\n\n<p>Ein besonderer H\u00f6hepunkt waren die Tage in <a href=\"https:\/\/pia-staehli.ch\/blog\/2018\/06\/16\/gruesse-aus-meran\/\">Meran<\/a>. Im s\u00fcdlichen Ambiente liessen wir uns verw\u00f6hnen. Mit den Fahrr\u00e4dern erkundeten wir die Stadt und die n\u00e4here Umgebung. Und auch die weitere Umgebung mit einem Besuch am Markt in Bozen und einem Abstecher an den Kalterer See genossen wir.<\/p>\n<div data-carousel-extra='{&quot;blog_id&quot;:1,&quot;permalink&quot;:&quot;https:\/\/pia-staehli.ch\/blog\/2018\/06\/28\/monatscollage-mit-viel-natur\/&quot;}' id='gallery-2' class='gallery galleryid-13670 gallery-columns-3 gallery-size-thumbnail'><figure class='gallery-item'>\n\t\t\t<div class='gallery-icon landscape'>\n\t\t\t\t<a href='https:\/\/pia-staehli.ch\/blog\/2018\/06\/28\/monatscollage-mit-viel-natur\/p1120358-2\/'><img loading=\"lazy\" decoding=\"async\" width=\"150\" height=\"150\" src=\"https:\/\/pia-staehli.ch\/blog\/wp-content\/uploads\/2018\/06\/P1120358-1-150x150.jpg\" class=\"attachment-thumbnail size-thumbnail\" alt=\"\" data-attachment-id=\"13748\" data-permalink=\"https:\/\/pia-staehli.ch\/blog\/2018\/06\/28\/monatscollage-mit-viel-natur\/p1120358-2\/\" data-orig-file=\"https:\/\/pia-staehli.ch\/blog\/wp-content\/uploads\/2018\/06\/P1120358-1.jpg\" data-orig-size=\"3456,2592\" data-comments-opened=\"1\" data-image-title=\"P1120358\" data-image-description=\"\" data-image-caption=\"\" data-large-file=\"https:\/\/pia-staehli.ch\/blog\/wp-content\/uploads\/2018\/06\/P1120358-1-1024x768.jpg\" \/><\/a>\n\t\t\t<\/div><\/figure><figure class='gallery-item'>\n\t\t\t<div class='gallery-icon landscape'>\n\t\t\t\t<a href='https:\/\/pia-staehli.ch\/blog\/p1120295\/'><img loading=\"lazy\" decoding=\"async\" width=\"150\" height=\"150\" src=\"https:\/\/pia-staehli.ch\/blog\/wp-content\/uploads\/2018\/06\/P1120295-150x150.jpg\" class=\"attachment-thumbnail size-thumbnail\" alt=\"\" data-attachment-id=\"13648\" data-permalink=\"https:\/\/pia-staehli.ch\/blog\/p1120295\/\" data-orig-file=\"https:\/\/pia-staehli.ch\/blog\/wp-content\/uploads\/2018\/06\/P1120295.jpg\" data-orig-size=\"3456,2592\" data-comments-opened=\"1\" data-image-title=\"P1120295\" data-image-description=\"\" data-image-caption=\"\" data-large-file=\"https:\/\/pia-staehli.ch\/blog\/wp-content\/uploads\/2018\/06\/P1120295-1024x768.jpg\" \/><\/a>\n\t\t\t<\/div><\/figure><figure class='gallery-item'>\n\t\t\t<div class='gallery-icon landscape'>\n\t\t\t\t<a href='https:\/\/pia-staehli.ch\/blog\/2018\/06\/28\/monatscollage-mit-viel-natur\/p1120073\/'><img loading=\"lazy\" decoding=\"async\" width=\"150\" height=\"150\" src=\"https:\/\/pia-staehli.ch\/blog\/wp-content\/uploads\/2018\/06\/P1120073-150x150.jpg\" class=\"attachment-thumbnail size-thumbnail\" alt=\"\" data-attachment-id=\"13746\" data-permalink=\"https:\/\/pia-staehli.ch\/blog\/2018\/06\/28\/monatscollage-mit-viel-natur\/p1120073\/\" data-orig-file=\"https:\/\/pia-staehli.ch\/blog\/wp-content\/uploads\/2018\/06\/P1120073.jpg\" data-orig-size=\"3456,2592\" data-comments-opened=\"1\" data-image-title=\"P1120073\" data-image-description=\"\" data-image-caption=\"\" data-large-file=\"https:\/\/pia-staehli.ch\/blog\/wp-content\/uploads\/2018\/06\/P1120073-1024x768.jpg\" \/><\/a>\n\t\t\t<\/div><\/figure><figure class='gallery-item'>\n\t\t\t<div class='gallery-icon landscape'>\n\t\t\t\t<a href='https:\/\/pia-staehli.ch\/blog\/p1120300\/'><img loading=\"lazy\" decoding=\"async\" width=\"150\" height=\"150\" src=\"https:\/\/pia-staehli.ch\/blog\/wp-content\/uploads\/2018\/06\/P1120300-150x150.jpg\" class=\"attachment-thumbnail size-thumbnail\" alt=\"\" data-attachment-id=\"13650\" data-permalink=\"https:\/\/pia-staehli.ch\/blog\/p1120300\/\" data-orig-file=\"https:\/\/pia-staehli.ch\/blog\/wp-content\/uploads\/2018\/06\/P1120300.jpg\" data-orig-size=\"3456,2592\" data-comments-opened=\"1\" data-image-title=\"P1120300\" data-image-description=\"\" data-image-caption=\"\" data-large-file=\"https:\/\/pia-staehli.ch\/blog\/wp-content\/uploads\/2018\/06\/P1120300-1024x768.jpg\" \/><\/a>\n\t\t\t<\/div><\/figure><figure class='gallery-item'>\n\t\t\t<div class='gallery-icon landscape'>\n\t\t\t\t<a href='https:\/\/pia-staehli.ch\/blog\/p1120348\/'><img loading=\"lazy\" decoding=\"async\" width=\"150\" height=\"150\" src=\"https:\/\/pia-staehli.ch\/blog\/wp-content\/uploads\/2018\/06\/P1120348-150x150.jpg\" class=\"attachment-thumbnail size-thumbnail\" alt=\"\" data-attachment-id=\"13663\" data-permalink=\"https:\/\/pia-staehli.ch\/blog\/p1120348\/\" data-orig-file=\"https:\/\/pia-staehli.ch\/blog\/wp-content\/uploads\/2018\/06\/P1120348.jpg\" data-orig-size=\"3456,2082\" data-comments-opened=\"1\" data-image-title=\"P1120348\" data-image-description=\"\" data-image-caption=\"\" data-large-file=\"https:\/\/pia-staehli.ch\/blog\/wp-content\/uploads\/2018\/06\/P1120348-1024x617.jpg\" \/><\/a>\n\t\t\t<\/div><\/figure>\n\t\t<\/div>\n\n<p>&nbsp;<\/p>\n<p><a href=\"https:\/\/jahreszeitenbriefe.blogspot.com\/\"><img loading=\"lazy\" decoding=\"async\" data-attachment-id=\"10851\" data-permalink=\"https:\/\/pia-staehli.ch\/blog\/2017\/09\/15\/herbstliche-blumen\/dnd\/\" data-orig-file=\"https:\/\/pia-staehli.ch\/blog\/wp-content\/uploads\/2017\/09\/DND.jpg\" data-orig-size=\"72,100\" data-comments-opened=\"1\" data-image-title=\"DND\" data-image-description=\"\" data-image-caption=\"\" data-large-file=\"https:\/\/pia-staehli.ch\/blog\/wp-content\/uploads\/2017\/09\/DND.jpg\" class=\"alignnone size-full wp-image-10851\" src=\"https:\/\/pia-staehli.ch\/blog\/wp-content\/uploads\/2017\/09\/DND.jpg\" alt=\"\" width=\"72\" height=\"100\" \/><\/a>\u00a0\u00a0<a href=\"https:\/\/diebirgitt.blogspot.com\/\"><img loading=\"lazy\" decoding=\"async\" data-attachment-id=\"13434\" data-permalink=\"https:\/\/pia-staehli.ch\/blog\/2018\/05\/31\/alles-neu-macht-der-mai\/0-logo-klein-2\/\" data-orig-file=\"https:\/\/pia-staehli.ch\/blog\/wp-content\/uploads\/2018\/05\/0-Logo-klein.jpg\" data-orig-size=\"200,160\" data-comments-opened=\"1\" data-image-title=\"0 Logo klein\" data-image-description=\"\" data-image-caption=\"\" data-large-file=\"https:\/\/pia-staehli.ch\/blog\/wp-content\/uploads\/2018\/05\/0-Logo-klein.jpg\" class=\"alignnone wp-image-13434\" src=\"https:\/\/pia-staehli.ch\/blog\/wp-content\/uploads\/2018\/05\/0-Logo-klein.jpg\" alt=\"\" width=\"116\" height=\"93\" \/><\/a>\u00a0\u00a0<a href=\"https:\/\/www.gartenwonne.com\/2018\/06\/gartengluck-linkparty_16.html\"><img loading=\"lazy\" decoding=\"async\" data-attachment-id=\"13435\" data-permalink=\"https:\/\/pia-staehli.ch\/blog\/2018\/05\/31\/alles-neu-macht-der-mai\/gartenglueck250\/\" data-orig-file=\"https:\/\/pia-staehli.ch\/blog\/wp-content\/uploads\/2018\/05\/Gartengl\u00fcck20250-e1534490632912.jpg\" data-orig-size=\"100,39\" data-comments-opened=\"1\" data-image-title=\"Gartengl\u00fcck250\" data-image-description=\"\" data-image-caption=\"\" data-large-file=\"https:\/\/pia-staehli.ch\/blog\/wp-content\/uploads\/2018\/05\/Gartengl\u00fcck20250-e1534490632912.jpg\" class=\"alignnone wp-image-13435\" src=\"https:\/\/pia-staehli.ch\/blog\/wp-content\/uploads\/2018\/05\/Gartengl\u00fcck20250.jpg\" alt=\"\" width=\"139\" height=\"54\" \/><\/a><\/p>\n","protected":false},"excerpt":{"rendered":"<p>Ich kann es fast nicht glauben, aber am Wochenende ist das halbe Jahr schon um. Dabei f\u00fchlt es sich f\u00fcr mich an, als habe es erst recht angefangen. Aber nun zum Juni, der bei uns ein Sommermonat war mit viel zu wenig Niederschlag. Ich nutzte die sonnigen Tage und war viel mit dem Velo unterwegs. &hellip; <a href=\"https:\/\/pia-staehli.ch\/blog\/2018\/06\/28\/monatscollage-mit-viel-natur\/\" class=\"more-link\"><span class=\"screen-reader-text\">Monatscollage mit viel Natur<\/span> weiterlesen <span class=\"meta-nav\">&rarr;<\/span><\/a><\/p>\n","protected":false},"author":2,"featured_media":0,"comment_status":"open","ping_status":"open","sticky":false,"template":"","format":"standard","meta":{"_bbp_topic_count":0,"_bbp_reply_count":0,"_bbp_total_topic_count":0,"_bbp_total_reply_count":0,"_bbp_voice_count":0,"_bbp_anonymous_reply_count":0,"_bbp_topic_count_hidden":0,"_bbp_reply_count_hidden":0,"_bbp_forum_subforum_count":0,"ngg_post_thumbnail":0,"_jetpack_newsletter_access":"","_jetpack_dont_email_post_to_subs":false,"_jetpack_newsletter_tier_id":0,"_jetpack_memberships_contains_paywalled_content":false,"_jetpack_feature_clip_id":0,"_jetpack_memberships_contains_paid_content":false,"footnotes":"","jetpack_publicize_message":"","jetpack_publicize_feature_enabled":true,"jetpack_social_post_already_shared":true,"jetpack_social_options":{"image_generator_settings":{"template":"highway","default_image_id":0,"font":"","enabled":false},"version":2},"jetpack_post_was_ever_published":false},"categories":[3,9,18,13,16,19],"tags":[],"class_list":["post-13670","post","type-post","status-publish","format-standard","hentry","category-familie","category-freunde","category-garten","category-natur","category-projekt","category-reisen"],"jetpack_publicize_connections":[],"jetpack_sharing_enabled":true,"jetpack_shortlink":"https:\/\/wp.me\/p4c1fj-3yu","jetpack_featured_media_url":"","_links":{"self":[{"href":"https:\/\/pia-staehli.ch\/blog\/wp-json\/wp\/v2\/posts\/13670","targetHints":{"allow":["GET"]}}],"collection":[{"href":"https:\/\/pia-staehli.ch\/blog\/wp-json\/wp\/v2\/posts"}],"about":[{"href":"https:\/\/pia-staehli.ch\/blog\/wp-json\/wp\/v2\/types\/post"}],"author":[{"embeddable":true,"href":"https:\/\/pia-staehli.ch\/blog\/wp-json\/wp\/v2\/users\/2"}],"replies":[{"embeddable":true,"href":"https:\/\/pia-staehli.ch\/blog\/wp-json\/wp\/v2\/comments?post=13670"}],"version-history":[{"count":6,"href":"https:\/\/pia-staehli.ch\/blog\/wp-json\/wp\/v2\/posts\/13670\/revisions"}],"predecessor-version":[{"id":13767,"href":"https:\/\/pia-staehli.ch\/blog\/wp-json\/wp\/v2\/posts\/13670\/revisions\/13767"}],"wp:attachment":[{"href":"https:\/\/pia-staehli.ch\/blog\/wp-json\/wp\/v2\/media?parent=13670"}],"wp:term":[{"taxonomy":"category","embeddable":true,"href":"https:\/\/pia-staehli.ch\/blog\/wp-json\/wp\/v2\/categories?post=13670"},{"taxonomy":"post_tag","embeddable":true,"href":"https:\/\/pia-staehli.ch\/blog\/wp-json\/wp\/v2\/tags?post=13670"}],"curies":[{"name":"wp","href":"https:\/\/api.w.org\/{rel}","templated":true}]}}