{"id":10278,"date":"2017-07-18T07:56:27","date_gmt":"2017-07-18T06:56:27","guid":{"rendered":"https:\/\/pia-staehli.ch\/blog\/?p=10278"},"modified":"2017-07-22T08:29:38","modified_gmt":"2017-07-22T07:29:38","slug":"am-wegesrand","status":"publish","type":"post","link":"https:\/\/pia-staehli.ch\/blog\/2017\/07\/18\/am-wegesrand\/","title":{"rendered":"Am Wegesrand"},"content":{"rendered":"<p>Auf einer Radtour entdeckte ich einen wundersch\u00f6nen Blumenstreifen, der die Hauptstrasse vom Radweg trennt. Nicht nur der rote Mohn leuchtete mir von weitem entgegen.<\/p>\n<p><img loading=\"lazy\" decoding=\"async\" data-attachment-id=\"10295\" data-permalink=\"https:\/\/pia-staehli.ch\/blog\/2017\/07\/18\/am-wegesrand\/dsc_0039\/\" data-orig-file=\"https:\/\/pia-staehli.ch\/blog\/wp-content\/uploads\/2017\/07\/DSC_0039.jpg\" data-orig-size=\"2896,1944\" data-comments-opened=\"1\" data-image-meta=\"{&quot;aperture&quot;:&quot;5.6&quot;,&quot;credit&quot;:&quot;&quot;,&quot;camera&quot;:&quot;NIKON D80&quot;,&quot;caption&quot;:&quot;&quot;,&quot;created_timestamp&quot;:&quot;1500091264&quot;,&quot;copyright&quot;:&quot;&quot;,&quot;focal_length&quot;:&quot;170&quot;,&quot;iso&quot;:&quot;160&quot;,&quot;shutter_speed&quot;:&quot;0.0125&quot;,&quot;title&quot;:&quot;&quot;,&quot;orientation&quot;:&quot;1&quot;}\" data-image-title=\"DSC_0039\" data-image-description=\"\" data-image-caption=\"\" data-large-file=\"https:\/\/pia-staehli.ch\/blog\/wp-content\/uploads\/2017\/07\/DSC_0039-1024x687.jpg\" class=\"alignnone size-full wp-image-10295\" src=\"https:\/\/pia-staehli.ch\/blog\/wp-content\/uploads\/2017\/07\/DSC_0039.jpg\" alt=\"\" width=\"2896\" height=\"1944\" srcset=\"https:\/\/pia-staehli.ch\/blog\/wp-content\/uploads\/2017\/07\/DSC_0039.jpg 2896w, https:\/\/pia-staehli.ch\/blog\/wp-content\/uploads\/2017\/07\/DSC_0039-300x201.jpg 300w, https:\/\/pia-staehli.ch\/blog\/wp-content\/uploads\/2017\/07\/DSC_0039-768x516.jpg 768w, https:\/\/pia-staehli.ch\/blog\/wp-content\/uploads\/2017\/07\/DSC_0039-1024x687.jpg 1024w\" sizes=\"auto, (max-width: 2896px) 100vw, 2896px\" \/><\/p>\n<p>Sondern das ganze, schmale St\u00fcck Wiese wurde mit wundersch\u00f6nen Blumen angelegt. Was f\u00fcr eine Farbenpracht am Wegesrand.<\/p>\n<p><img loading=\"lazy\" decoding=\"async\" data-attachment-id=\"10294\" data-permalink=\"https:\/\/pia-staehli.ch\/blog\/2017\/07\/18\/am-wegesrand\/dsc_0028\/\" data-orig-file=\"https:\/\/pia-staehli.ch\/blog\/wp-content\/uploads\/2017\/07\/DSC_0028.jpg\" data-orig-size=\"2896,1944\" data-comments-opened=\"1\" data-image-meta=\"{&quot;aperture&quot;:&quot;6.3&quot;,&quot;credit&quot;:&quot;&quot;,&quot;camera&quot;:&quot;NIKON D80&quot;,&quot;caption&quot;:&quot;&quot;,&quot;created_timestamp&quot;:&quot;1500090804&quot;,&quot;copyright&quot;:&quot;&quot;,&quot;focal_length&quot;:&quot;65&quot;,&quot;iso&quot;:&quot;160&quot;,&quot;shutter_speed&quot;:&quot;0.0015625&quot;,&quot;title&quot;:&quot;&quot;,&quot;orientation&quot;:&quot;1&quot;}\" data-image-title=\"DSC_0028\" data-image-description=\"\" data-image-caption=\"\" data-large-file=\"https:\/\/pia-staehli.ch\/blog\/wp-content\/uploads\/2017\/07\/DSC_0028-1024x687.jpg\" class=\"alignnone size-full wp-image-10294\" src=\"https:\/\/pia-staehli.ch\/blog\/wp-content\/uploads\/2017\/07\/DSC_0028.jpg\" alt=\"\" width=\"2896\" height=\"1944\" srcset=\"https:\/\/pia-staehli.ch\/blog\/wp-content\/uploads\/2017\/07\/DSC_0028.jpg 2896w, https:\/\/pia-staehli.ch\/blog\/wp-content\/uploads\/2017\/07\/DSC_0028-300x201.jpg 300w, https:\/\/pia-staehli.ch\/blog\/wp-content\/uploads\/2017\/07\/DSC_0028-768x516.jpg 768w, https:\/\/pia-staehli.ch\/blog\/wp-content\/uploads\/2017\/07\/DSC_0028-1024x687.jpg 1024w\" sizes=\"auto, (max-width: 2896px) 100vw, 2896px\" \/><\/p>\n<p>Nat\u00fcrlich musste ich anhalten. Zum Gl\u00fcck habe ich fast auf allen Radtouren die Kamera mit dabei.<\/p>\n<p><img loading=\"lazy\" decoding=\"async\" data-attachment-id=\"10293\" data-permalink=\"https:\/\/pia-staehli.ch\/blog\/2017\/07\/18\/am-wegesrand\/dsc_0027\/\" data-orig-file=\"https:\/\/pia-staehli.ch\/blog\/wp-content\/uploads\/2017\/07\/DSC_0027.jpg\" data-orig-size=\"2896,1944\" data-comments-opened=\"1\" data-image-meta=\"{&quot;aperture&quot;:&quot;6.3&quot;,&quot;credit&quot;:&quot;&quot;,&quot;camera&quot;:&quot;NIKON D80&quot;,&quot;caption&quot;:&quot;&quot;,&quot;created_timestamp&quot;:&quot;1500090772&quot;,&quot;copyright&quot;:&quot;&quot;,&quot;focal_length&quot;:&quot;65&quot;,&quot;iso&quot;:&quot;160&quot;,&quot;shutter_speed&quot;:&quot;0.0015625&quot;,&quot;title&quot;:&quot;&quot;,&quot;orientation&quot;:&quot;1&quot;}\" data-image-title=\"DSC_0027\" data-image-description=\"\" data-image-caption=\"\" data-large-file=\"https:\/\/pia-staehli.ch\/blog\/wp-content\/uploads\/2017\/07\/DSC_0027-1024x687.jpg\" class=\"alignnone size-full wp-image-10293\" src=\"https:\/\/pia-staehli.ch\/blog\/wp-content\/uploads\/2017\/07\/DSC_0027.jpg\" alt=\"\" width=\"2896\" height=\"1944\" srcset=\"https:\/\/pia-staehli.ch\/blog\/wp-content\/uploads\/2017\/07\/DSC_0027.jpg 2896w, https:\/\/pia-staehli.ch\/blog\/wp-content\/uploads\/2017\/07\/DSC_0027-300x201.jpg 300w, https:\/\/pia-staehli.ch\/blog\/wp-content\/uploads\/2017\/07\/DSC_0027-768x516.jpg 768w, https:\/\/pia-staehli.ch\/blog\/wp-content\/uploads\/2017\/07\/DSC_0027-1024x687.jpg 1024w\" sizes=\"auto, (max-width: 2896px) 100vw, 2896px\" \/><\/p>\n<p>Die\u00a0Gemeindearbeiter\u00a0legten das St\u00fcck\u00a0Wiese an. Da braucht es keinen Rasenm\u00e4her und sieht erst noch sch\u00f6n aus. So etwas finde ich absolut nachahmenswert und w\u00fcrde so manches Strassenbild aufwerten.<\/p>\n<p><img loading=\"lazy\" decoding=\"async\" data-attachment-id=\"10292\" data-permalink=\"https:\/\/pia-staehli.ch\/blog\/2017\/07\/18\/am-wegesrand\/dsc_0026\/\" data-orig-file=\"https:\/\/pia-staehli.ch\/blog\/wp-content\/uploads\/2017\/07\/DSC_0026.jpg\" data-orig-size=\"2896,1944\" data-comments-opened=\"1\" data-image-meta=\"{&quot;aperture&quot;:&quot;8&quot;,&quot;credit&quot;:&quot;&quot;,&quot;camera&quot;:&quot;NIKON D80&quot;,&quot;caption&quot;:&quot;&quot;,&quot;created_timestamp&quot;:&quot;1500090755&quot;,&quot;copyright&quot;:&quot;&quot;,&quot;focal_length&quot;:&quot;52&quot;,&quot;iso&quot;:&quot;160&quot;,&quot;shutter_speed&quot;:&quot;0.004&quot;,&quot;title&quot;:&quot;&quot;,&quot;orientation&quot;:&quot;1&quot;}\" data-image-title=\"DSC_0026\" data-image-description=\"\" data-image-caption=\"\" data-large-file=\"https:\/\/pia-staehli.ch\/blog\/wp-content\/uploads\/2017\/07\/DSC_0026-1024x687.jpg\" class=\"alignnone size-full wp-image-10292\" src=\"https:\/\/pia-staehli.ch\/blog\/wp-content\/uploads\/2017\/07\/DSC_0026.jpg\" alt=\"\" width=\"2896\" height=\"1944\" srcset=\"https:\/\/pia-staehli.ch\/blog\/wp-content\/uploads\/2017\/07\/DSC_0026.jpg 2896w, https:\/\/pia-staehli.ch\/blog\/wp-content\/uploads\/2017\/07\/DSC_0026-300x201.jpg 300w, https:\/\/pia-staehli.ch\/blog\/wp-content\/uploads\/2017\/07\/DSC_0026-768x516.jpg 768w, https:\/\/pia-staehli.ch\/blog\/wp-content\/uploads\/2017\/07\/DSC_0026-1024x687.jpg 1024w\" sizes=\"auto, (max-width: 2896px) 100vw, 2896px\" \/><\/p>\n<p>Ein St\u00fcck weiter in der Dorfmitte bl\u00fcht die gleiche Farbenpracht rund um den Kreisel.<\/p>\n<p><img loading=\"lazy\" decoding=\"async\" data-attachment-id=\"10300\" data-permalink=\"https:\/\/pia-staehli.ch\/blog\/2017\/07\/18\/am-wegesrand\/dsc_0049\/\" data-orig-file=\"https:\/\/pia-staehli.ch\/blog\/wp-content\/uploads\/2017\/07\/DSC_0049.jpg\" data-orig-size=\"2896,1944\" data-comments-opened=\"1\" data-image-meta=\"{&quot;aperture&quot;:&quot;5&quot;,&quot;credit&quot;:&quot;&quot;,&quot;camera&quot;:&quot;NIKON D80&quot;,&quot;caption&quot;:&quot;&quot;,&quot;created_timestamp&quot;:&quot;1500091621&quot;,&quot;copyright&quot;:&quot;&quot;,&quot;focal_length&quot;:&quot;60&quot;,&quot;iso&quot;:&quot;160&quot;,&quot;shutter_speed&quot;:&quot;0.003125&quot;,&quot;title&quot;:&quot;&quot;,&quot;orientation&quot;:&quot;1&quot;}\" data-image-title=\"DSC_0049\" data-image-description=\"\" data-image-caption=\"\" data-large-file=\"https:\/\/pia-staehli.ch\/blog\/wp-content\/uploads\/2017\/07\/DSC_0049-1024x687.jpg\" class=\"alignnone size-full wp-image-10300\" src=\"https:\/\/pia-staehli.ch\/blog\/wp-content\/uploads\/2017\/07\/DSC_0049.jpg\" alt=\"\" width=\"2896\" height=\"1944\" srcset=\"https:\/\/pia-staehli.ch\/blog\/wp-content\/uploads\/2017\/07\/DSC_0049.jpg 2896w, https:\/\/pia-staehli.ch\/blog\/wp-content\/uploads\/2017\/07\/DSC_0049-300x201.jpg 300w, https:\/\/pia-staehli.ch\/blog\/wp-content\/uploads\/2017\/07\/DSC_0049-768x516.jpg 768w, https:\/\/pia-staehli.ch\/blog\/wp-content\/uploads\/2017\/07\/DSC_0049-1024x687.jpg 1024w\" sizes=\"auto, (max-width: 2896px) 100vw, 2896px\" \/><\/p>\n<p>Es herrschte viel Verkehr, darum konnte ich nicht auf den Kreisel zum Fotografieren. Aber mit ein bisschen Vorstellungsverm\u00f6gen, kann man erahnen wie einmalig es dort aussieht.<\/p>\n<p><img loading=\"lazy\" decoding=\"async\" data-attachment-id=\"10302\" data-permalink=\"https:\/\/pia-staehli.ch\/blog\/2017\/07\/18\/am-wegesrand\/dsc_0054\/\" data-orig-file=\"https:\/\/pia-staehli.ch\/blog\/wp-content\/uploads\/2017\/07\/DSC_0054.jpg\" data-orig-size=\"2896,1944\" data-comments-opened=\"1\" data-image-meta=\"{&quot;aperture&quot;:&quot;5.6&quot;,&quot;credit&quot;:&quot;&quot;,&quot;camera&quot;:&quot;NIKON D80&quot;,&quot;caption&quot;:&quot;&quot;,&quot;created_timestamp&quot;:&quot;1500091700&quot;,&quot;copyright&quot;:&quot;&quot;,&quot;focal_length&quot;:&quot;135&quot;,&quot;iso&quot;:&quot;160&quot;,&quot;shutter_speed&quot;:&quot;0.003125&quot;,&quot;title&quot;:&quot;&quot;,&quot;orientation&quot;:&quot;1&quot;}\" data-image-title=\"DSC_0054\" data-image-description=\"\" data-image-caption=\"\" data-large-file=\"https:\/\/pia-staehli.ch\/blog\/wp-content\/uploads\/2017\/07\/DSC_0054-1024x687.jpg\" class=\"alignnone size-full wp-image-10302\" src=\"https:\/\/pia-staehli.ch\/blog\/wp-content\/uploads\/2017\/07\/DSC_0054.jpg\" alt=\"\" width=\"2896\" height=\"1944\" srcset=\"https:\/\/pia-staehli.ch\/blog\/wp-content\/uploads\/2017\/07\/DSC_0054.jpg 2896w, https:\/\/pia-staehli.ch\/blog\/wp-content\/uploads\/2017\/07\/DSC_0054-300x201.jpg 300w, https:\/\/pia-staehli.ch\/blog\/wp-content\/uploads\/2017\/07\/DSC_0054-768x516.jpg 768w, https:\/\/pia-staehli.ch\/blog\/wp-content\/uploads\/2017\/07\/DSC_0054-1024x687.jpg 1024w\" sizes=\"auto, (max-width: 2896px) 100vw, 2896px\" \/><\/p>\n<p>Wenn man an solch sch\u00f6nen Orten vorbei kommt, macht Radfahren besonders Spass.<\/p>\n<p><a href=\"http:\/\/www.wortperlen.de\/startseite\/home....\/\"><img loading=\"lazy\" decoding=\"async\" data-attachment-id=\"7393\" data-permalink=\"https:\/\/pia-staehli.ch\/blog\/2016\/08\/02\/patriotisch-in-rot\/002-logo-klein1\/\" data-orig-file=\"https:\/\/pia-staehli.ch\/blog\/wp-content\/uploads\/2016\/08\/002-Logo-klein1.jpg\" data-orig-size=\"165,124\" data-comments-opened=\"1\" data-image-meta=\"{&quot;aperture&quot;:&quot;0&quot;,&quot;credit&quot;:&quot;&quot;,&quot;camera&quot;:&quot;&quot;,&quot;caption&quot;:&quot;&quot;,&quot;created_timestamp&quot;:&quot;0&quot;,&quot;copyright&quot;:&quot;&quot;,&quot;focal_length&quot;:&quot;0&quot;,&quot;iso&quot;:&quot;0&quot;,&quot;shutter_speed&quot;:&quot;0&quot;,&quot;title&quot;:&quot;&quot;,&quot;orientation&quot;:&quot;1&quot;}\" data-image-title=\"002 Logo klein[1]\" data-image-description=\"\" data-image-caption=\"\" data-large-file=\"https:\/\/pia-staehli.ch\/blog\/wp-content\/uploads\/2016\/08\/002-Logo-klein1.jpg\" class=\"alignnone wp-image-7393\" src=\"https:\/\/pia-staehli.ch\/blog\/wp-content\/uploads\/2016\/08\/002-Logo-klein1.jpg\" alt=\"\" width=\"127\" height=\"95\" \/>\u00a0\u00a0<\/a><a href=\"http:\/\/jahreszeitenbriefe.blogspot.ch\"><img loading=\"lazy\" decoding=\"async\" src=\"https:\/\/1.bp.blogspot.com\/-hA1GgNs2vhQ\/WSfWNVxXm_I\/AAAAAAAATRM\/zwnw6UnLtrAkRNQyDg7PRXHYMFwtAkVuACLcB\/s200\/gro%25C3%259F.jpg\" width=\"70\" height=\"97\" border=\"0\" data-original-height=\"1369\" data-original-width=\"986\" \/>\u00a0\u00a0<\/a><a href=\"http:\/\/www.gartenwonne.com\"><img loading=\"lazy\" decoding=\"async\" title=\"Gartengl\u00fcck\" src=\"https:\/\/2.bp.blogspot.com\/-rRIrF5DE8y4\/WKsNHBqczVI\/AAAAAAAAEck\/xuocFF4O3E4yHhQ-Xszfvo-glEFKRnwCACK4B\/s400\/Gartengl%25C3%25BCck%2B250.jpg\" alt=\"Gartengl\u00fcck Linkparty\" width=\"142\" height=\"55\" border=\"0\" \/><\/a><\/p>\n","protected":false},"excerpt":{"rendered":"<p>Auf einer Radtour entdeckte ich einen wundersch\u00f6nen Blumenstreifen, der die Hauptstrasse vom Radweg trennt. Nicht nur der rote Mohn leuchtete mir von weitem entgegen. Sondern das ganze, schmale St\u00fcck Wiese wurde mit wundersch\u00f6nen Blumen angelegt. Was f\u00fcr eine Farbenpracht am Wegesrand. Nat\u00fcrlich musste ich anhalten. Zum Gl\u00fcck habe ich fast auf allen Radtouren die Kamera &hellip; <a href=\"https:\/\/pia-staehli.ch\/blog\/2017\/07\/18\/am-wegesrand\/\" class=\"more-link\"><span class=\"screen-reader-text\">Am Wegesrand<\/span> weiterlesen <span class=\"meta-nav\">&rarr;<\/span><\/a><\/p>\n","protected":false},"author":2,"featured_media":0,"comment_status":"open","ping_status":"open","sticky":false,"template":"","format":"standard","meta":{"_bbp_topic_count":0,"_bbp_reply_count":0,"_bbp_total_topic_count":0,"_bbp_total_reply_count":0,"_bbp_voice_count":0,"_bbp_anonymous_reply_count":0,"_bbp_topic_count_hidden":0,"_bbp_reply_count_hidden":0,"_bbp_forum_subforum_count":0,"ngg_post_thumbnail":0,"jetpack_post_was_ever_published":false,"_jetpack_newsletter_access":"","_jetpack_dont_email_post_to_subs":false,"_jetpack_newsletter_tier_id":0,"_jetpack_memberships_contains_paywalled_content":false,"_jetpack_memberships_contains_paid_content":false,"footnotes":"","jetpack_publicize_message":"","jetpack_publicize_feature_enabled":true,"jetpack_social_post_already_shared":true,"jetpack_social_options":{"image_generator_settings":{"template":"highway","default_image_id":0,"font":"","enabled":false},"version":2}},"categories":[10,13,16],"tags":[],"class_list":["post-10278","post","type-post","status-publish","format-standard","hentry","category-allgemein","category-natur","category-projekt"],"jetpack_publicize_connections":[],"jetpack_featured_media_url":"","jetpack_sharing_enabled":true,"jetpack_shortlink":"https:\/\/wp.me\/p4c1fj-2FM","_links":{"self":[{"href":"https:\/\/pia-staehli.ch\/blog\/wp-json\/wp\/v2\/posts\/10278","targetHints":{"allow":["GET"]}}],"collection":[{"href":"https:\/\/pia-staehli.ch\/blog\/wp-json\/wp\/v2\/posts"}],"about":[{"href":"https:\/\/pia-staehli.ch\/blog\/wp-json\/wp\/v2\/types\/post"}],"author":[{"embeddable":true,"href":"https:\/\/pia-staehli.ch\/blog\/wp-json\/wp\/v2\/users\/2"}],"replies":[{"embeddable":true,"href":"https:\/\/pia-staehli.ch\/blog\/wp-json\/wp\/v2\/comments?post=10278"}],"version-history":[{"count":5,"href":"https:\/\/pia-staehli.ch\/blog\/wp-json\/wp\/v2\/posts\/10278\/revisions"}],"predecessor-version":[{"id":10326,"href":"https:\/\/pia-staehli.ch\/blog\/wp-json\/wp\/v2\/posts\/10278\/revisions\/10326"}],"wp:attachment":[{"href":"https:\/\/pia-staehli.ch\/blog\/wp-json\/wp\/v2\/media?parent=10278"}],"wp:term":[{"taxonomy":"category","embeddable":true,"href":"https:\/\/pia-staehli.ch\/blog\/wp-json\/wp\/v2\/categories?post=10278"},{"taxonomy":"post_tag","embeddable":true,"href":"https:\/\/pia-staehli.ch\/blog\/wp-json\/wp\/v2\/tags?post=10278"}],"curies":[{"name":"wp","href":"https:\/\/api.w.org\/{rel}","templated":true}]}}