{"id":10093,"date":"2017-08-15T07:08:12","date_gmt":"2017-08-15T06:08:12","guid":{"rendered":"https:\/\/pia-staehli.ch\/blog\/?p=10093"},"modified":"2017-08-16T16:48:21","modified_gmt":"2017-08-16T15:48:21","slug":"bibliothek-mit-roter-lesebank","status":"publish","type":"post","link":"https:\/\/pia-staehli.ch\/blog\/2017\/08\/15\/bibliothek-mit-roter-lesebank\/","title":{"rendered":"Bibliothek mit roter Lesebank"},"content":{"rendered":"<p style=\"text-align: center;\"><span style=\"color: #008080;\"><b>bibliothek<\/b><\/span><\/p>\n<div class=\"separator\" style=\"text-align: center;\"><span style=\"color: #008080;\"><b>die vielen buchstaben<\/b><\/span><\/div>\n<div class=\"separator\" style=\"text-align: center;\"><span style=\"color: #008080;\"><b>die nicht aus ihren w\u00f6rtern k\u00f6nnen<\/b><\/span><\/div>\n<div class=\"separator\" style=\"text-align: center;\"><span style=\"color: #008080;\"><b>\u00a0<\/b><\/span><\/div>\n<div class=\"separator\" style=\"text-align: center;\"><span style=\"color: #008080;\"><b>die vielen w\u00f6rter<\/b><\/span><\/div>\n<div class=\"separator\" style=\"text-align: center;\"><span style=\"color: #008080;\"><b>die nicht aus ihren s\u00e4tzen k\u00f6nnen<\/b><\/span><\/div>\n<div class=\"separator\" style=\"text-align: center;\"><span style=\"color: #008080;\"><b>\u00a0<\/b><\/span><\/div>\n<div class=\"separator\" style=\"text-align: center;\"><span style=\"color: #008080;\"><b>die vielen s\u00e4tze<\/b><\/span><\/div>\n<div class=\"separator\" style=\"text-align: center;\"><span style=\"color: #008080;\"><b>die nicht aus ihren texten k\u00f6nnen<\/b><\/span><\/div>\n<div class=\"separator\" style=\"text-align: center;\"><span style=\"color: #008080;\"><b>\u00a0<\/b><\/span><\/div>\n<div class=\"separator\" style=\"text-align: center;\"><span style=\"color: #008080;\"><b>die vielen texte<\/b><\/span><\/div>\n<div class=\"separator\" style=\"text-align: center;\"><span style=\"color: #008080;\"><b>die nicht aus ihren b\u00fcchern k\u00f6nnen<\/b><\/span><\/div>\n<div class=\"separator\" style=\"text-align: center;\"><span style=\"color: #008080;\"><b>\u00a0<\/b><\/span><\/div>\n<div class=\"separator\" style=\"text-align: center;\"><span style=\"color: #008080;\"><b>die vielen b\u00fccher<\/b><\/span><\/div>\n<div class=\"separator\" style=\"text-align: center;\"><span style=\"color: #008080;\"><b>mit dem vielen staub darauf<\/b><\/span><\/div>\n<div class=\"separator\" style=\"text-align: center;\"><span style=\"color: #008080;\"><b>\u00a0<\/b><\/span><\/div>\n<div class=\"separator\" style=\"text-align: center;\"><span style=\"color: #008080;\"><b>die gute putzfrau<\/b><\/span><\/div>\n<div class=\"separator\" style=\"text-align: center;\"><span style=\"color: #008080;\"><b>mit dem staubwedel<\/b><\/span><\/div>\n<div class=\"separator\" style=\"text-align: center;\"><\/div>\n<div class=\"separator\" style=\"text-align: center;\"><span style=\"color: #008080;\">ernst jandl<\/span><\/div>\n<div><\/div>\n<p>In Zeiten von Blogs, Tablets und E-Reader verstauben wohl noch ein paar B\u00fccher mehr als fr\u00fcher. Aber die vielen wunderbaren Buchstaben, S\u00e4tze und Texte m\u00fcssen nicht einfach in einer herk\u00f6mmlichen Bibliothek eingesperrt sein wie in <a href=\"http:\/\/holunder.blogspot.ch\/2017\/07\/eye-poetry-07-die-kreative.html\">Andreas <\/a>Monatsgedicht.<br \/>\nBei einem Spaziergang entdeckte ich diese kleine, aber feine Bibliothek, die am Uferweg des Bodensees steht.<\/p>\n<p><img loading=\"lazy\" decoding=\"async\" data-attachment-id=\"8142\" data-permalink=\"https:\/\/pia-staehli.ch\/blog\/2016\/10\/19\/prost-herbst\/dsc05170\/\" data-orig-file=\"https:\/\/pia-staehli.ch\/blog\/wp-content\/uploads\/2016\/10\/DSC05170.jpg\" data-orig-size=\"3648,2736\" data-comments-opened=\"1\" data-image-meta=\"{&quot;aperture&quot;:&quot;4&quot;,&quot;credit&quot;:&quot;&quot;,&quot;camera&quot;:&quot;DSC-HX50V&quot;,&quot;caption&quot;:&quot;&quot;,&quot;created_timestamp&quot;:&quot;1474989365&quot;,&quot;copyright&quot;:&quot;&quot;,&quot;focal_length&quot;:&quot;5.88&quot;,&quot;iso&quot;:&quot;80&quot;,&quot;shutter_speed&quot;:&quot;0.025&quot;,&quot;title&quot;:&quot;&quot;,&quot;orientation&quot;:&quot;1&quot;}\" data-image-title=\"dsc05170\" data-image-description=\"\" data-image-caption=\"\" data-large-file=\"https:\/\/pia-staehli.ch\/blog\/wp-content\/uploads\/2016\/10\/DSC05170-1024x768.jpg\" class=\"alignnone size-full wp-image-8142\" src=\"https:\/\/pia-staehli.ch\/blog\/wp-content\/uploads\/2016\/10\/DSC05170.jpg\" alt=\"\" width=\"3648\" height=\"2736\" srcset=\"https:\/\/pia-staehli.ch\/blog\/wp-content\/uploads\/2016\/10\/DSC05170.jpg 3648w, https:\/\/pia-staehli.ch\/blog\/wp-content\/uploads\/2016\/10\/DSC05170-300x225.jpg 300w, https:\/\/pia-staehli.ch\/blog\/wp-content\/uploads\/2016\/10\/DSC05170-768x576.jpg 768w, https:\/\/pia-staehli.ch\/blog\/wp-content\/uploads\/2016\/10\/DSC05170-1024x768.jpg 1024w\" sizes=\"auto, (max-width: 3648px) 100vw, 3648px\" \/><\/p>\n<p>Neben dem Holzh\u00e4uschen l\u00e4dt die rote Lesebank im Schatten die Spazierg\u00e4nger ein, sich hinzusetzen und in einem Buch zu st\u00f6bern.<\/p>\n<p><img loading=\"lazy\" decoding=\"async\" data-attachment-id=\"8141\" data-permalink=\"https:\/\/pia-staehli.ch\/blog\/2016\/10\/19\/prost-herbst\/dsc05168\/\" data-orig-file=\"https:\/\/pia-staehli.ch\/blog\/wp-content\/uploads\/2016\/10\/DSC05168.jpg\" data-orig-size=\"3648,2736\" data-comments-opened=\"1\" data-image-meta=\"{&quot;aperture&quot;:&quot;3.5&quot;,&quot;credit&quot;:&quot;&quot;,&quot;camera&quot;:&quot;DSC-HX50V&quot;,&quot;caption&quot;:&quot;&quot;,&quot;created_timestamp&quot;:&quot;1474989336&quot;,&quot;copyright&quot;:&quot;&quot;,&quot;focal_length&quot;:&quot;4.3&quot;,&quot;iso&quot;:&quot;80&quot;,&quot;shutter_speed&quot;:&quot;0.025&quot;,&quot;title&quot;:&quot;&quot;,&quot;orientation&quot;:&quot;1&quot;}\" data-image-title=\"dsc05168\" data-image-description=\"\" data-image-caption=\"\" data-large-file=\"https:\/\/pia-staehli.ch\/blog\/wp-content\/uploads\/2016\/10\/DSC05168-1024x768.jpg\" class=\"alignnone size-full wp-image-8141\" src=\"https:\/\/pia-staehli.ch\/blog\/wp-content\/uploads\/2016\/10\/DSC05168.jpg\" alt=\"\" width=\"3648\" height=\"2736\" srcset=\"https:\/\/pia-staehli.ch\/blog\/wp-content\/uploads\/2016\/10\/DSC05168.jpg 3648w, https:\/\/pia-staehli.ch\/blog\/wp-content\/uploads\/2016\/10\/DSC05168-300x225.jpg 300w, https:\/\/pia-staehli.ch\/blog\/wp-content\/uploads\/2016\/10\/DSC05168-768x576.jpg 768w, https:\/\/pia-staehli.ch\/blog\/wp-content\/uploads\/2016\/10\/DSC05168-1024x768.jpg 1024w\" sizes=\"auto, (max-width: 3648px) 100vw, 3648px\" \/><\/p>\n<p>Es gibt allerlei B\u00fccher f\u00fcr Gross und Klein. Vielleicht m\u00f6chte man mit Kindern nur in einem Bilderbuch bl\u00e4ttern und eine Pause machen, oder man leiht sich ein Buch gratis aus,&#8230;<\/p>\n<p><img loading=\"lazy\" decoding=\"async\" data-attachment-id=\"10096\" data-permalink=\"https:\/\/pia-staehli.ch\/blog\/2017\/08\/15\/bibliothek-mit-roter-lesebank\/dsc05013\/\" data-orig-file=\"https:\/\/pia-staehli.ch\/blog\/wp-content\/uploads\/2017\/06\/DSC05013.jpg\" data-orig-size=\"2736,3648\" data-comments-opened=\"1\" data-image-meta=\"{&quot;aperture&quot;:&quot;3.5&quot;,&quot;credit&quot;:&quot;&quot;,&quot;camera&quot;:&quot;DSC-HX50V&quot;,&quot;caption&quot;:&quot;&quot;,&quot;created_timestamp&quot;:&quot;1474729731&quot;,&quot;copyright&quot;:&quot;&quot;,&quot;focal_length&quot;:&quot;4.3&quot;,&quot;iso&quot;:&quot;80&quot;,&quot;shutter_speed&quot;:&quot;0.02&quot;,&quot;title&quot;:&quot;&quot;,&quot;orientation&quot;:&quot;1&quot;}\" data-image-title=\"DSC05013\" data-image-description=\"\" data-image-caption=\"\" data-large-file=\"https:\/\/pia-staehli.ch\/blog\/wp-content\/uploads\/2017\/06\/DSC05013-768x1024.jpg\" class=\"alignnone size-full wp-image-10096\" src=\"https:\/\/pia-staehli.ch\/blog\/wp-content\/uploads\/2017\/06\/DSC05013.jpg\" alt=\"\" width=\"2736\" height=\"3648\" srcset=\"https:\/\/pia-staehli.ch\/blog\/wp-content\/uploads\/2017\/06\/DSC05013.jpg 2736w, https:\/\/pia-staehli.ch\/blog\/wp-content\/uploads\/2017\/06\/DSC05013-225x300.jpg 225w, https:\/\/pia-staehli.ch\/blog\/wp-content\/uploads\/2017\/06\/DSC05013-768x1024.jpg 768w\" sizes=\"auto, (max-width: 2736px) 100vw, 2736px\" \/><\/p>\n<p>oder man liest ein paar Schritte entfernt direkt am Wasser. Mit dem Blick \u00fcber den See,\u00a0l\u00e4sst es\u00a0sich besonders gut \u00fcber die gelesenen S\u00e4tze und\u00a0Texten\u00a0nachdenken, und so l\u00e4sst man ihnen und seinen Gedanken freien Lauf.\u00a0Da setzt bestimmt kein Buch staub an.\u00a0Und sonst wird er\u00a0vom n\u00e4chsten\u00a0Herbstwind weggeblasen.<\/p>\n<p><img loading=\"lazy\" decoding=\"async\" data-attachment-id=\"7989\" data-permalink=\"https:\/\/pia-staehli.ch\/blog\/2016\/10\/02\/gut-aussehen\/dsc05065\/\" data-orig-file=\"https:\/\/pia-staehli.ch\/blog\/wp-content\/uploads\/2016\/09\/DSC05065.jpg\" data-orig-size=\"3648,2736\" data-comments-opened=\"1\" data-image-meta=\"{&quot;aperture&quot;:&quot;5&quot;,&quot;credit&quot;:&quot;&quot;,&quot;camera&quot;:&quot;DSC-HX50V&quot;,&quot;caption&quot;:&quot;&quot;,&quot;created_timestamp&quot;:&quot;1474818246&quot;,&quot;copyright&quot;:&quot;&quot;,&quot;focal_length&quot;:&quot;11.69&quot;,&quot;iso&quot;:&quot;80&quot;,&quot;shutter_speed&quot;:&quot;0.005&quot;,&quot;title&quot;:&quot;&quot;,&quot;orientation&quot;:&quot;1&quot;}\" data-image-title=\"dsc05065\" data-image-description=\"\" data-image-caption=\"\" data-large-file=\"https:\/\/pia-staehli.ch\/blog\/wp-content\/uploads\/2016\/09\/DSC05065-1024x768.jpg\" class=\"alignnone size-full wp-image-7989\" src=\"https:\/\/pia-staehli.ch\/blog\/wp-content\/uploads\/2016\/09\/DSC05065.jpg\" alt=\"\" width=\"3648\" height=\"2736\" srcset=\"https:\/\/pia-staehli.ch\/blog\/wp-content\/uploads\/2016\/09\/DSC05065.jpg 3648w, https:\/\/pia-staehli.ch\/blog\/wp-content\/uploads\/2016\/09\/DSC05065-300x225.jpg 300w, https:\/\/pia-staehli.ch\/blog\/wp-content\/uploads\/2016\/09\/DSC05065-768x576.jpg 768w, https:\/\/pia-staehli.ch\/blog\/wp-content\/uploads\/2016\/09\/DSC05065-1024x768.jpg 1024w\" sizes=\"auto, (max-width: 3648px) 100vw, 3648px\" \/><\/p>\n<p>Betreut wird der kleine B\u00fccherschrank vom gemeinn\u00fctzigen Frauenverein des Dorfs. Eine nicht allt\u00e4gliche Idee, die vielen Spazierg\u00e4nger sicher viel Freude macht.<br \/>\nund die rote Lesebank ist f\u00fcr <a href=\"http:\/\/www.wortperlen.de\/\"><u><span style=\"color: #0066cc;\">Anne\u00a0\u00a0<\/span><\/u><\/a>bei Ghislana gibt es den <a href=\"http:\/\/jahreszeitenbriefe.blogspot.ch\">DND<\/a><\/p>\n<p><img loading=\"lazy\" decoding=\"async\" data-attachment-id=\"7393\" data-permalink=\"https:\/\/pia-staehli.ch\/blog\/2016\/08\/02\/patriotisch-in-rot\/002-logo-klein1\/\" data-orig-file=\"https:\/\/pia-staehli.ch\/blog\/wp-content\/uploads\/2016\/08\/002-Logo-klein1.jpg\" data-orig-size=\"165,124\" data-comments-opened=\"1\" data-image-meta=\"{&quot;aperture&quot;:&quot;0&quot;,&quot;credit&quot;:&quot;&quot;,&quot;camera&quot;:&quot;&quot;,&quot;caption&quot;:&quot;&quot;,&quot;created_timestamp&quot;:&quot;0&quot;,&quot;copyright&quot;:&quot;&quot;,&quot;focal_length&quot;:&quot;0&quot;,&quot;iso&quot;:&quot;0&quot;,&quot;shutter_speed&quot;:&quot;0&quot;,&quot;title&quot;:&quot;&quot;,&quot;orientation&quot;:&quot;1&quot;}\" data-image-title=\"002 Logo klein[1]\" data-image-description=\"\" data-image-caption=\"\" data-large-file=\"https:\/\/pia-staehli.ch\/blog\/wp-content\/uploads\/2016\/08\/002-Logo-klein1.jpg\" class=\"alignnone wp-image-7393\" src=\"https:\/\/pia-staehli.ch\/blog\/wp-content\/uploads\/2016\/08\/002-Logo-klein1.jpg\" alt=\"\" width=\"90\" height=\"68\" \/> \u00a0<a href=\"https:\/\/1.bp.blogspot.com\/-hA1GgNs2vhQ\/WSfWNVxXm_I\/AAAAAAAATRM\/zwnw6UnLtrAkRNQyDg7PRXHYMFwtAkVuACLcB\/s1600\/gro%25C3%259F.jpg\"><img loading=\"lazy\" decoding=\"async\" src=\"https:\/\/1.bp.blogspot.com\/-hA1GgNs2vhQ\/WSfWNVxXm_I\/AAAAAAAATRM\/zwnw6UnLtrAkRNQyDg7PRXHYMFwtAkVuACLcB\/s200\/gro%25C3%259F.jpg\" width=\"68\" height=\"95\" border=\"0\" data-original-height=\"1369\" data-original-width=\"986\" \/><\/a><\/p>\n","protected":false},"excerpt":{"rendered":"<p>bibliothek die vielen buchstaben die nicht aus ihren w\u00f6rtern k\u00f6nnen \u00a0 die vielen w\u00f6rter die nicht aus ihren s\u00e4tzen k\u00f6nnen \u00a0 die vielen s\u00e4tze die nicht aus ihren texten k\u00f6nnen \u00a0 die vielen texte die nicht aus ihren b\u00fcchern k\u00f6nnen \u00a0 die vielen b\u00fccher mit dem vielen staub darauf \u00a0 die gute putzfrau mit dem &hellip; <a href=\"https:\/\/pia-staehli.ch\/blog\/2017\/08\/15\/bibliothek-mit-roter-lesebank\/\" class=\"more-link\"><span class=\"screen-reader-text\">Bibliothek mit roter Lesebank<\/span> weiterlesen <span class=\"meta-nav\">&rarr;<\/span><\/a><\/p>\n","protected":false},"author":2,"featured_media":0,"comment_status":"open","ping_status":"open","sticky":false,"template":"","format":"standard","meta":{"_bbp_topic_count":0,"_bbp_reply_count":0,"_bbp_total_topic_count":0,"_bbp_total_reply_count":0,"_bbp_voice_count":0,"_bbp_anonymous_reply_count":0,"_bbp_topic_count_hidden":0,"_bbp_reply_count_hidden":0,"_bbp_forum_subforum_count":0,"ngg_post_thumbnail":0,"jetpack_post_was_ever_published":false,"_jetpack_newsletter_access":"","_jetpack_dont_email_post_to_subs":false,"_jetpack_newsletter_tier_id":0,"_jetpack_memberships_contains_paywalled_content":false,"_jetpack_memberships_contains_paid_content":false,"footnotes":"","jetpack_publicize_message":"","jetpack_publicize_feature_enabled":true,"jetpack_social_post_already_shared":true,"jetpack_social_options":{"image_generator_settings":{"template":"highway","default_image_id":0,"font":"","enabled":false},"version":2}},"categories":[3,9,17,13,16],"tags":[],"class_list":["post-10093","post","type-post","status-publish","format-standard","hentry","category-familie","category-freunde","category-kreativ","category-natur","category-projekt"],"jetpack_publicize_connections":[],"jetpack_featured_media_url":"","jetpack_sharing_enabled":true,"jetpack_shortlink":"https:\/\/wp.me\/p4c1fj-2CN","_links":{"self":[{"href":"https:\/\/pia-staehli.ch\/blog\/wp-json\/wp\/v2\/posts\/10093","targetHints":{"allow":["GET"]}}],"collection":[{"href":"https:\/\/pia-staehli.ch\/blog\/wp-json\/wp\/v2\/posts"}],"about":[{"href":"https:\/\/pia-staehli.ch\/blog\/wp-json\/wp\/v2\/types\/post"}],"author":[{"embeddable":true,"href":"https:\/\/pia-staehli.ch\/blog\/wp-json\/wp\/v2\/users\/2"}],"replies":[{"embeddable":true,"href":"https:\/\/pia-staehli.ch\/blog\/wp-json\/wp\/v2\/comments?post=10093"}],"version-history":[{"count":5,"href":"https:\/\/pia-staehli.ch\/blog\/wp-json\/wp\/v2\/posts\/10093\/revisions"}],"predecessor-version":[{"id":10518,"href":"https:\/\/pia-staehli.ch\/blog\/wp-json\/wp\/v2\/posts\/10093\/revisions\/10518"}],"wp:attachment":[{"href":"https:\/\/pia-staehli.ch\/blog\/wp-json\/wp\/v2\/media?parent=10093"}],"wp:term":[{"taxonomy":"category","embeddable":true,"href":"https:\/\/pia-staehli.ch\/blog\/wp-json\/wp\/v2\/categories?post=10093"},{"taxonomy":"post_tag","embeddable":true,"href":"https:\/\/pia-staehli.ch\/blog\/wp-json\/wp\/v2\/tags?post=10093"}],"curies":[{"name":"wp","href":"https:\/\/api.w.org\/{rel}","templated":true}]}}